{"id":24424,"date":"2024-09-16T13:30:23","date_gmt":"2024-09-16T16:30:23","guid":{"rendered":"https:\/\/www.jornaldaconstrucaocivil.com.br\/?p=24424"},"modified":"2024-09-16T13:34:46","modified_gmt":"2024-09-16T16:34:46","slug":"pega-fogo-eleicoes-em-sp-2024-datena-parte-para-cima-do-candidato-pablo-marcal-com-cadeira","status":"publish","type":"post","link":"https:\/\/construcaocivil.siriusmarketingedesign.com.br\/?p=24424","title":{"rendered":"Pega fogo elei\u00e7\u00f5es em SP 2024: Datena parte para cima do candidato Pablo Mar\u00e7al com cadeira."},"content":{"rendered":"<p>Baixo n\u00edvel toma conta da disputa eleitoral para prefeitura de S\u00e3o Paulo.\u00a0 Num clima ruim puxado pelo coaching do Jabaquara, Pablo Mar\u00e7al tem levado os seus concorrentes a perder \u00e0 cabe\u00e7a literalmente. Foi o que aconteceu ontem, domingo(16), durante debate da TV CULTURA. Ap\u00f3s sofrer diversas provoca\u00e7\u00f5es por parte do Mar\u00e7al, o apresentador de TV &#8211; TV ALERTA, n\u00e3o se conteve e tentou agredir o provocador com uma cadeira.<\/p>\n<p>&nbsp;<\/p>\n<p>&nbsp;<\/p>\n<p><iframe loading=\"lazy\" title=\"V\u00eddeo de Datena e Pablo Mar\u00e7al mostra como come\u00e7ou briga que terminou em cadeirada durante debate\" width=\"1290\" height=\"726\" src=\"https:\/\/www.youtube.com\/embed\/CTdMy9yLaCc?feature=oembed\" frameborder=\"0\" allow=\"accelerometer; autoplay; clipboard-write; encrypted-media; gyroscope; picture-in-picture; web-share\" referrerpolicy=\"strict-origin-when-cross-origin\" allowfullscreen><\/iframe><\/p>\n","protected":false},"excerpt":{"rendered":"<p>Baixo n\u00edvel toma conta da disputa eleitoral para prefeitura de S\u00e3o Paulo.\u00a0 Num clima ruim puxado pelo coaching do Jabaquara, Pablo Mar\u00e7al tem levado os seus concorrentes a perder \u00e0 cabe\u00e7a literalmente. Foi o que aconteceu ontem, domingo(16), durante debate da TV CULTURA. Ap\u00f3s sofrer diversas provoca\u00e7\u00f5es por parte do Mar\u00e7al, o apresentador de TV [&hellip;]<\/p>\n","protected":false},"author":1,"featured_media":0,"comment_status":"open","ping_status":"open","sticky":false,"template":"","format":"standard","meta":{"_uag_custom_page_level_css":"","footnotes":""},"categories":[12594],"tags":[26900,26899,26901,26118],"class_list":["post-24424","post","type-post","status-publish","format-standard","hentry","category-tv-da-construcao-civil","tag-marcal","tag-datena","tag-eleicoes2024","tag-prefeitura-de-sp"],"blocksy_meta":[],"spectra_blocks_featured_image_url":null,"spectra_blocks_author_info":{"display_name":"Jornal da Constru\u00e7\u00e3o Civil","avatar_url":"https:\/\/secure.gravatar.com\/avatar\/973c9774fd44ddaceb026973c4962faa70fc512bc4c9da68e8ebb40fecee6540?s=96&d=mm&r=g","author_link":"https:\/\/construcaocivil.siriusmarketingedesign.com.br\/?author=1","description":"Desde de 2013, levando muitas informa\u00e7\u00f5es, lan\u00e7amentos e produtos de qualidade para toda cadeia produtiva da constru\u00e7\u00e3o. O Futuro da constru\u00e7\u00e3o passa por aqui,"},"uagb_featured_image_src":{"full":false,"thumbnail":false,"medium":false,"medium_large":false,"large":false,"1536x1536":false,"2048x2048":false},"uagb_author_info":{"display_name":"Jornal da Constru\u00e7\u00e3o Civil","author_link":"https:\/\/construcaocivil.siriusmarketingedesign.com.br\/?author=1"},"uagb_comment_info":0,"uagb_excerpt":"Baixo n\u00edvel toma conta da disputa eleitoral para prefeitura de S\u00e3o Paulo.\u00a0 Num clima ruim puxado pelo coaching do Jabaquara, Pablo Mar\u00e7al tem levado os seus concorrentes a perder \u00e0 cabe\u00e7a literalmente. Foi o que aconteceu ontem, domingo(16), durante debate da TV CULTURA. Ap\u00f3s sofrer diversas provoca\u00e7\u00f5es por parte do Mar\u00e7al, o apresentador de TV&hellip;","_links":{"self":[{"href":"https:\/\/construcaocivil.siriusmarketingedesign.com.br\/index.php?rest_route=\/wp\/v2\/posts\/24424","targetHints":{"allow":["GET"]}}],"collection":[{"href":"https:\/\/construcaocivil.siriusmarketingedesign.com.br\/index.php?rest_route=\/wp\/v2\/posts"}],"about":[{"href":"https:\/\/construcaocivil.siriusmarketingedesign.com.br\/index.php?rest_route=\/wp\/v2\/types\/post"}],"author":[{"embeddable":true,"href":"https:\/\/construcaocivil.siriusmarketingedesign.com.br\/index.php?rest_route=\/wp\/v2\/users\/1"}],"replies":[{"embeddable":true,"href":"https:\/\/construcaocivil.siriusmarketingedesign.com.br\/index.php?rest_route=%2Fwp%2Fv2%2Fcomments&post=24424"}],"version-history":[{"count":0,"href":"https:\/\/construcaocivil.siriusmarketingedesign.com.br\/index.php?rest_route=\/wp\/v2\/posts\/24424\/revisions"}],"wp:attachment":[{"href":"https:\/\/construcaocivil.siriusmarketingedesign.com.br\/index.php?rest_route=%2Fwp%2Fv2%2Fmedia&parent=24424"}],"wp:term":[{"taxonomy":"category","embeddable":true,"href":"https:\/\/construcaocivil.siriusmarketingedesign.com.br\/index.php?rest_route=%2Fwp%2Fv2%2Fcategories&post=24424"},{"taxonomy":"post_tag","embeddable":true,"href":"https:\/\/construcaocivil.siriusmarketingedesign.com.br\/index.php?rest_route=%2Fwp%2Fv2%2Ftags&post=24424"}],"curies":[{"name":"wp","href":"https:\/\/api.w.org\/{rel}","templated":true}]}}