{"id":24435,"date":"2024-09-17T10:36:41","date_gmt":"2024-09-17T13:36:41","guid":{"rendered":"https:\/\/www.jornaldaconstrucaocivil.com.br\/?p=24435"},"modified":"2024-09-17T10:36:41","modified_gmt":"2024-09-17T13:36:41","slug":"chamas-no-brasil-sos-pantanal-alerta-para-a-necessidade-de-fiscalizacao-dos-incendios-no-bioma-e-de-urgente-investigacao-de-sua-origem","status":"publish","type":"post","link":"https:\/\/construcaocivil.siriusmarketingedesign.com.br\/?p=24435","title":{"rendered":"CHAMAS NO BRASIL! SOS PANTANAL ALERTA PARA A NECESSIDADE DE FISCALIZA\u00c7\u00c3O DOS INC\u00caNDIOS NO BIOMA E DE URGENTE INVESTIGA\u00c7\u00c3O DE SUA ORIGEM"},"content":{"rendered":"<p style=\"text-align: justify;\">O\u00a0<span class=\"il\">Pantanal<\/span>\u00a0vive um dos momentos mais secos da hist\u00f3ria, conforme indica o relat\u00f3rio lan\u00e7ado pelo MapBiomas no dia 25 de junho, onde aponta que a \u00e1rea alagada por mais de seis meses no\u00a0<span class=\"il\">Pantanal<\/span>\u00a0est\u00e1 61% abaixo da m\u00e9dia, o que configura um estado de seca extrema. O cen\u00e1rio de alerta \u00e9 refor\u00e7ado na nota t\u00e9cnica do Laborat\u00f3rio de Aplica\u00e7\u00f5es de Sat\u00e9lites Ambientais da Universidade Federal do Rio de Janeiro (LASA-UFRJ) divulgada na v\u00e9spera, dia 24, a qual faz um importante alerta. Mais de 661 mil hectares foram consumidos pelo\u00a0<span class=\"il\">fogo<\/span>\u00a0no bioma neste ano.<\/p>\n<p style=\"text-align: justify;\">Por\u00e9m, apesar dos n\u00fameros alarmantes de focos e da \u00e1rea queimada muito acima da m\u00e9dia hist\u00f3rica para este per\u00edodo, o\u00a0<span class=\"il\">fogo<\/span>\u00a0est\u00e1 localizado principalmente na por\u00e7\u00e3o sudoeste do\u00a0<span class=\"il\">Pantanal<\/span>, especialmente na regi\u00e3o de Corumb\u00e1. Esses dados corroboram com o indicativo de que estes locais antes alagados grande parte do ano produzem muita biomassa acumulada que, em situa\u00e7\u00f5es de grande seca e calor como ocorre neste ano, propicia um cen\u00e1rio ideal para o alastramento de inc\u00eandios, de acordo com o bi\u00f3logo e diretor de Comunica\u00e7\u00e3o do SOS\u00a0<span class=\"il\">Pantanal<\/span>, Gustavo Figueir\u00f4a.<\/p>\n<figure id=\"attachment_24437\" aria-describedby=\"caption-attachment-24437\" style=\"width: 300px\" class=\"wp-caption alignleft\"><img loading=\"lazy\" decoding=\"async\" class=\"size-medium wp-image-24437\" src=\"https:\/\/www.jornaldaconstrucaocivil.com.br\/wp-content\/uploads\/2024\/09\/c75d24d6-e1ed-40f4-88dd-ebaea5906e9e-300x200.jpg\" alt=\"\" width=\"300\" height=\"200\" srcset=\"https:\/\/construcaocivil.siriusmarketingedesign.com.br\/wp-content\/uploads\/2024\/09\/c75d24d6-e1ed-40f4-88dd-ebaea5906e9e-300x200.jpg 300w, https:\/\/construcaocivil.siriusmarketingedesign.com.br\/wp-content\/uploads\/2024\/09\/c75d24d6-e1ed-40f4-88dd-ebaea5906e9e-1024x682.jpg 1024w, https:\/\/construcaocivil.siriusmarketingedesign.com.br\/wp-content\/uploads\/2024\/09\/c75d24d6-e1ed-40f4-88dd-ebaea5906e9e-768x512.jpg 768w, https:\/\/construcaocivil.siriusmarketingedesign.com.br\/wp-content\/uploads\/2024\/09\/c75d24d6-e1ed-40f4-88dd-ebaea5906e9e-200x133.jpg 200w, https:\/\/construcaocivil.siriusmarketingedesign.com.br\/wp-content\/uploads\/2024\/09\/c75d24d6-e1ed-40f4-88dd-ebaea5906e9e.jpg 1280w\" sizes=\"auto, (max-width: 300px) 100vw, 300px\" \/><figcaption id=\"caption-attachment-24437\" class=\"wp-caption-text\">Animais silvestres amea\u00e7ados com fogo no Pantanal. Divulga\u00e7\u00e3o\/SOS Pantanal<\/figcaption><\/figure>\n<p style=\"text-align: justify;\">Nesse sentido, faz-se necess\u00e1rio e urgente questionar\u00a0as causas e os locais onde o\u00a0<span class=\"il\">fogo<\/span>\u00a0est\u00e1 concentrado. A maior parte dos focos de inc\u00eandio iniciou-se pr\u00f3ximos \u00e0 beira dos rios Paraguai e Paraguai Mirim, \u00e1reas sabidamente povoadas e de f\u00e1cil acesso atrav\u00e9s de embarca\u00e7\u00f5es.<\/p>\n<p style=\"text-align: justify;\">Quanto a este cen\u00e1rio, o diretor executivo do SOS\u00a0<span class=\"il\">Pantanal<\/span>, Leonardo Gomes, afirma: \u201cNossa preocupa\u00e7\u00e3o inicial foi alertar o poder p\u00fablico e a sociedade civil para essa situa\u00e7\u00e3o de extrema seca que se aproximava, um diagn\u00f3stico que vem se confirmando nas \u00faltimas semanas. Felizmente, temos visto uma forte movimenta\u00e7\u00e3o nas \u00faltimas semanas, com empenho crescente de pessoal, equipamentos e aeronaves, inclusive de outros Estados, que est\u00e3o chegando ao\u00a0<span class=\"il\">Pantanal<\/span>. Isso aumenta a chance de sucesso no controle desses inc\u00eandios\u201d, avalia.<\/p>\n<p style=\"text-align: justify;\">Sobre essas ocorr\u00eancias, diz Gomes, deve ser considerado o fator humano. Isto porque, conforme nota t\u00e9cnica de Avalia\u00e7\u00e3o da Situa\u00e7\u00e3o do\u00a0<span class=\"il\">Fogo<\/span>\u00a0no\u00a0<span class=\"il\">Pantanal<\/span>\u00a0do LASA, divulgada no \u00faltimo dia 24, n\u00e3o foram registradas descargas el\u00e9tricas provenientes de raios no\u00a0<span class=\"il\">Pantanal<\/span>\u00a0nos meses de Maio e Junho nos locais onde os focos come\u00e7aram, confirmando a tese de que a causa de origem das chamas \u00e9 humana.<\/p>\n<p style=\"text-align: justify;\">Diante disso, o SOS\u00a0<span class=\"il\">Pantanal<\/span>\u00a0defende que \u00e9 urgente e de extrema import\u00e2ncia a realiza\u00e7\u00e3o de investiga\u00e7\u00e3o, fiscaliza\u00e7\u00e3o e per\u00edcia para identificar e responsabilizar os causadores destes focos que foram respons\u00e1veis por enormes \u00e1reas queimadas. \u201cA a\u00e7\u00e3o de poucas pessoas tem o poder de destruir \u00e1reas muito grandes, como visto nas regi\u00f5es pr\u00f3ximas ao Rio Paraguai em Corumb\u00e1, especialmente, um dano pelo qual todos n\u00f3s pagamos\u201d, afirma Gomes. \u201cPrecisamos realizar um trabalho forte de educa\u00e7\u00e3o ambiental e conscientiza\u00e7\u00e3o, pois a tend\u00eancia \u00e9 de que esses inc\u00eandios criminosos continuem nos pr\u00f3ximos meses e anos caso n\u00e3o sejam responsabilizados seus autores\u201d, sinaliza Gomes.<\/p>\n<p style=\"text-align: justify;\">&#8220;Apesar da situa\u00e7\u00e3o preocupante e alarmante, \u00e9 importante dizer que n\u00e3o \u00e9 o\u00a0<span class=\"il\">Pantanal<\/span>\u00a0inteiro que est\u00e1 pegando\u00a0<span class=\"il\">fogo<\/span>. O inc\u00eandio \u00e9 localizado, e \u00e9 importante transparecer isso para o p\u00fablico. Informa\u00e7\u00f5es erradas podem afetar inclusive um dos principais setores geradores de renda do bioma, como o turismo. Os inc\u00eandios come\u00e7aram em sua grande maioria nas margens do Rio Paraguai, por isso \u00e9 crucial o refor\u00e7o de trabalhos de conscientiza\u00e7\u00e3o nessas \u00e1reas mais povoadas, com popula\u00e7\u00f5es\u00a0ribeirinhas e moradores\u00a0do\u00a0munic\u00edpio\u201d, afirma Alexandre Bossi, presidente da institui\u00e7\u00e3o.<\/p>\n","protected":false},"excerpt":{"rendered":"<p>O\u00a0Pantanal\u00a0vive um dos momentos mais secos da hist\u00f3ria, conforme indica o relat\u00f3rio lan\u00e7ado pelo MapBiomas no dia 25 de junho, onde aponta que a \u00e1rea alagada por mais de seis meses no\u00a0Pantanal\u00a0est\u00e1 61% abaixo da m\u00e9dia, o que configura um estado de seca extrema. O cen\u00e1rio de alerta \u00e9 refor\u00e7ado na nota t\u00e9cnica do Laborat\u00f3rio [&hellip;]<\/p>\n","protected":false},"author":1,"featured_media":24436,"comment_status":"open","ping_status":"open","sticky":false,"template":"","format":"standard","meta":{"_uag_custom_page_level_css":"","footnotes":""},"categories":[37],"tags":[26907,26903,26905,26906,26904],"class_list":["post-24435","post","type-post","status-publish","format-standard","has-post-thumbnail","hentry","category-sustentabilidade","tag-agricultura-crime-e-grilagem-de-terras","tag-fogo-no-pantanal","tag-incendios-criminosos","tag-morte-de-animais-silvestres","tag-sos-pantanal"],"blocksy_meta":[],"spectra_blocks_featured_image_url":{"thumbnail":{"url":"https:\/\/construcaocivil.siriusmarketingedesign.com.br\/wp-content\/uploads\/2024\/09\/Barra-Mansa-150x150.jpg","width":150,"height":150},"medium":{"url":"https:\/\/construcaocivil.siriusmarketingedesign.com.br\/wp-content\/uploads\/2024\/09\/Barra-Mansa-300x225.jpg","width":300,"height":225},"medium_large":{"url":"https:\/\/construcaocivil.siriusmarketingedesign.com.br\/wp-content\/uploads\/2024\/09\/Barra-Mansa-768x576.jpg","width":768,"height":576},"large":{"url":"https:\/\/construcaocivil.siriusmarketingedesign.com.br\/wp-content\/uploads\/2024\/09\/Barra-Mansa-1024x768.jpg","width":1024,"height":768},"full":{"url":"https:\/\/construcaocivil.siriusmarketingedesign.com.br\/wp-content\/uploads\/2024\/09\/Barra-Mansa-scaled.jpg","width":2560,"height":1920}},"spectra_blocks_author_info":{"display_name":"Jornal da Constru\u00e7\u00e3o Civil","avatar_url":"https:\/\/secure.gravatar.com\/avatar\/973c9774fd44ddaceb026973c4962faa70fc512bc4c9da68e8ebb40fecee6540?s=96&d=mm&r=g","author_link":"https:\/\/construcaocivil.siriusmarketingedesign.com.br\/?author=1","description":"Desde de 2013, levando muitas informa\u00e7\u00f5es, lan\u00e7amentos e produtos de qualidade para toda cadeia produtiva da constru\u00e7\u00e3o. O Futuro da constru\u00e7\u00e3o passa por aqui,"},"uagb_featured_image_src":{"full":["https:\/\/construcaocivil.siriusmarketingedesign.com.br\/wp-content\/uploads\/2024\/09\/Barra-Mansa-scaled.jpg",2560,1920,false],"thumbnail":["https:\/\/construcaocivil.siriusmarketingedesign.com.br\/wp-content\/uploads\/2024\/09\/Barra-Mansa-150x150.jpg",150,150,true],"medium":["https:\/\/construcaocivil.siriusmarketingedesign.com.br\/wp-content\/uploads\/2024\/09\/Barra-Mansa-300x225.jpg",300,225,true],"medium_large":["https:\/\/construcaocivil.siriusmarketingedesign.com.br\/wp-content\/uploads\/2024\/09\/Barra-Mansa-768x576.jpg",768,576,true],"large":["https:\/\/construcaocivil.siriusmarketingedesign.com.br\/wp-content\/uploads\/2024\/09\/Barra-Mansa-1024x768.jpg",1024,768,true],"1536x1536":["https:\/\/construcaocivil.siriusmarketingedesign.com.br\/wp-content\/uploads\/2024\/09\/Barra-Mansa-1536x1152.jpg",1536,1152,true],"2048x2048":["https:\/\/construcaocivil.siriusmarketingedesign.com.br\/wp-content\/uploads\/2024\/09\/Barra-Mansa-2048x1536.jpg",2048,1536,true]},"uagb_author_info":{"display_name":"Jornal da Constru\u00e7\u00e3o Civil","author_link":"https:\/\/construcaocivil.siriusmarketingedesign.com.br\/?author=1"},"uagb_comment_info":0,"uagb_excerpt":"O\u00a0Pantanal\u00a0vive um dos momentos mais secos da hist\u00f3ria, conforme indica o relat\u00f3rio lan\u00e7ado pelo MapBiomas no dia 25 de junho, onde aponta que a \u00e1rea alagada por mais de seis meses no\u00a0Pantanal\u00a0est\u00e1 61% abaixo da m\u00e9dia, o que configura um estado de seca extrema. O cen\u00e1rio de alerta \u00e9 refor\u00e7ado na nota t\u00e9cnica do Laborat\u00f3rio&hellip;","_links":{"self":[{"href":"https:\/\/construcaocivil.siriusmarketingedesign.com.br\/index.php?rest_route=\/wp\/v2\/posts\/24435","targetHints":{"allow":["GET"]}}],"collection":[{"href":"https:\/\/construcaocivil.siriusmarketingedesign.com.br\/index.php?rest_route=\/wp\/v2\/posts"}],"about":[{"href":"https:\/\/construcaocivil.siriusmarketingedesign.com.br\/index.php?rest_route=\/wp\/v2\/types\/post"}],"author":[{"embeddable":true,"href":"https:\/\/construcaocivil.siriusmarketingedesign.com.br\/index.php?rest_route=\/wp\/v2\/users\/1"}],"replies":[{"embeddable":true,"href":"https:\/\/construcaocivil.siriusmarketingedesign.com.br\/index.php?rest_route=%2Fwp%2Fv2%2Fcomments&post=24435"}],"version-history":[{"count":0,"href":"https:\/\/construcaocivil.siriusmarketingedesign.com.br\/index.php?rest_route=\/wp\/v2\/posts\/24435\/revisions"}],"wp:featuredmedia":[{"embeddable":true,"href":"https:\/\/construcaocivil.siriusmarketingedesign.com.br\/index.php?rest_route=\/wp\/v2\/media\/24436"}],"wp:attachment":[{"href":"https:\/\/construcaocivil.siriusmarketingedesign.com.br\/index.php?rest_route=%2Fwp%2Fv2%2Fmedia&parent=24435"}],"wp:term":[{"taxonomy":"category","embeddable":true,"href":"https:\/\/construcaocivil.siriusmarketingedesign.com.br\/index.php?rest_route=%2Fwp%2Fv2%2Fcategories&post=24435"},{"taxonomy":"post_tag","embeddable":true,"href":"https:\/\/construcaocivil.siriusmarketingedesign.com.br\/index.php?rest_route=%2Fwp%2Fv2%2Ftags&post=24435"}],"curies":[{"name":"wp","href":"https:\/\/api.w.org\/{rel}","templated":true}]}}