{"id":24520,"date":"2024-10-08T23:04:08","date_gmt":"2024-10-09T02:04:08","guid":{"rendered":"https:\/\/www.jornaldaconstrucaocivil.com.br\/?p=24520"},"modified":"2024-10-08T23:04:08","modified_gmt":"2024-10-09T02:04:08","slug":"lula-ao-sancionar-o-combustivel-do-futuro-brasil-vai-fazer-a-maior-revolucao-energetica-do-planeta","status":"publish","type":"post","link":"https:\/\/construcaocivil.siriusmarketingedesign.com.br\/?p=24520","title":{"rendered":"Lula ao sancionar o Combust\u00edvel do Futuro: \u201cBrasil vai fazer a maior revolu\u00e7\u00e3o energ\u00e9tica do planeta\u201d"},"content":{"rendered":"<div class=\"documentDescription\" style=\"text-align: justify;\"><strong><em>Considerada um marco pelo setor, a norma estabelece a cria\u00e7\u00e3o de programas nacionais de diesel verde, combust\u00edvel sustent\u00e1vel para avia\u00e7\u00e3o e incentivo ao biometano, entre outras medidas<\/em><\/strong><\/div>\n<div style=\"text-align: justify;\">\n<div class=\"documentDescription\">\n<p>&nbsp;<\/p>\n<p><span style=\"color: #0000ff;\">Outubro<\/span>, <span style=\"color: #0000ff;\">2024<\/span> &#8211; Diante de uma plateia formada por integrantes de segmentos ligados ao setor energ\u00e9tico, da agroind\u00fastria, da avia\u00e7\u00e3o e de atores que participam do processo de transi\u00e7\u00e3o energ\u00e9tica, o presidente Luiz In\u00e1cio Lula da Silva foi categ\u00f3rico: \u201cO Brasil \u00e9 o pa\u00eds que vai fazer a maior revolu\u00e7\u00e3o energ\u00e9tica do planeta\u201d.<\/p>\n<p dir=\"ltr\">A afirma\u00e7\u00e3o foi feita nesta ter\u00e7a-feira, 8 de outubro, na Base A\u00e9rea de Bras\u00edlia, durante a san\u00e7\u00e3o do Projeto de Lei n\u00ba 528\/2020, que institui o Programa Nacional de Combust\u00edvel Sustent\u00e1vel de Avia\u00e7\u00e3o, o Programa Nacional de Diesel Verde e o Programa Nacional de Descarboniza\u00e7\u00e3o do Produtor e Importador de G\u00e1s Natural e de Incentivo ao Biometano.<\/p>\n<figure id=\"attachment_24522\" aria-describedby=\"caption-attachment-24522\" style=\"width: 300px\" class=\"wp-caption alignleft\"><img loading=\"lazy\" decoding=\"async\" class=\"size-medium wp-image-24522\" src=\"https:\/\/www.jornaldaconstrucaocivil.com.br\/wp-content\/uploads\/2024\/10\/54052744144_229efb038b_c-300x194.jpg\" alt=\"\" width=\"300\" height=\"194\" srcset=\"https:\/\/construcaocivil.siriusmarketingedesign.com.br\/wp-content\/uploads\/2024\/10\/54052744144_229efb038b_c-300x194.jpg 300w, https:\/\/construcaocivil.siriusmarketingedesign.com.br\/wp-content\/uploads\/2024\/10\/54052744144_229efb038b_c-768x497.jpg 768w, https:\/\/construcaocivil.siriusmarketingedesign.com.br\/wp-content\/uploads\/2024\/10\/54052744144_229efb038b_c-200x130.jpg 200w, https:\/\/construcaocivil.siriusmarketingedesign.com.br\/wp-content\/uploads\/2024\/10\/54052744144_229efb038b_c.jpg 800w\" sizes=\"auto, (max-width: 300px) 100vw, 300px\" \/><figcaption id=\"caption-attachment-24522\" class=\"wp-caption-text\">08.10.2024 &#8211; Visita \u00e0 feira Lideran\u00e7a Verde Brasil Expo e Cerim\u00f4nia de San\u00e7\u00e3o do Projeto de Lei n\u00ba 528-2020 (Combust\u00edvel do Futuro). Foto: Ricardo Stuckert \/ PR<\/figcaption><\/figure>\n<p dir=\"ltr\">\u201cQual \u00e9 o pa\u00eds que pode competir com o Brasil em energia e\u00f3lica, solar? Qual \u00e9 o pa\u00eds que pode disputar conosco em energia h\u00eddrica? Qual \u00e9 o pa\u00eds que pode disputar em hidrog\u00eanio verde? S\u00f3 temos que ter vontade de ser grande. Vontade de vencer. Ter autoestima\u201d. A lei apresenta uma s\u00e9rie de iniciativas para promover a mobilidade sustent\u00e1vel de baixo carbono e consolidar a posi\u00e7\u00e3o do Brasil como l\u00edder da transi\u00e7\u00e3o energ\u00e9tica global.<\/p>\n<p dir=\"ltr\">\u201cO Brasil vai sair na frente porque tem voc\u00eas, empres\u00e1rios, que t\u00eam capacidade de produzir, de pesquisar. A san\u00e7\u00e3o \u00e9 demonstra\u00e7\u00e3o de que nenhum de n\u00f3s tem o direito de continuar n\u00e3o acreditando que esse pa\u00eds pode ser uma grande economia. O que precisa \u00e9 de governantes \u00e0 altura das necessidades e aspira\u00e7\u00f5es do povo\u201d, prosseguiu.<\/p>\n<p dir=\"ltr\">O evento contou com a participa\u00e7\u00e3o do vice-presidente e ministro do Desenvolvimento, Ind\u00fastria, Com\u00e9rcio e Servi\u00e7os, Geraldo Alckmin; do ministro de Minas e Energia, Alexandre Silveira; al\u00e9m de titulares de diversas pastas da Esplanada dos Minist\u00e9rios, do presidente da C\u00e2mara dos Deputados, Arthur Lira, al\u00e9m de parlamentares e empres\u00e1rios.<\/p>\n<p dir=\"ltr\"><span style=\"color: #993300;\"><em>\u201cEstamos plantando uma nova semente. A semente do combust\u00edvel do futuro. Ela vai gerar mais de R$ 260 bilh\u00f5es em investimentos no agro e na cadeia dos biocombust\u00edveis. O combust\u00edvel do futuro coloca o Brasil na dianteira da nova economia, a economia verde\u201d, resumiu Alexandre Silveira.<\/em><\/span><\/p>\n<p dir=\"ltr\"><span style=\"color: #993300;\"><em>\u201cUma pauta como a de hoje \u00e9 uma pauta de Estado, de pa\u00eds, de desenvolvimento. Eu n\u00e3o tenho d\u00favidas de que ser\u00e3o os maiores ativos deste nosso pa\u00eds, que hoje entrega um marco\u201d, afirmou Arthur Lira.<\/em><\/span><\/p>\n<p dir=\"ltr\"><span style=\"color: #993300;\"><em>Qual \u00e9 o pa\u00eds que pode competir com o Brasil em energia e\u00f3lica, solar? Qual \u00e9 o pa\u00eds que pode disputar conosco em energia h\u00eddrica? Qual \u00e9 o pa\u00eds que pode disputar em hidrog\u00eanio verde? S\u00f3 temos que ter vontade de ser grande. Vontade de vencer. Ter autoestima\u201d, disse Luiz In\u00e1cio Lula da Silva.<\/em><\/span><\/p>\n<p dir=\"ltr\"><strong><span style=\"color: #993300;\">ENTUSIASMO<\/span>\u00a0<\/strong>&#8211;\u00a0Presidente da Associa\u00e7\u00e3o Brasileira de Energia E\u00f3lica (ABEE\u00f3lica), Elbia Gannoum demonstrou entusiasmo com a san\u00e7\u00e3o. \u201cEssa ideia do combust\u00edvel do futuro \u00e9 aquele combust\u00edvel que l\u00e1 no finalzinho, no net zero, a gente vai precisar usar. E o Brasil \u00e9 o pa\u00eds que realmente lidera essa discuss\u00e3o, porque tem muitos recursos naturais para produzir a mol\u00e9cula verde: o hidrog\u00eanio verde, que \u00e9 feito de energia limpa e renov\u00e1vel, e os nossos biocombust\u00edveis, o etanol, o biodiesel e todas essas misturas que n\u00f3s vamos promover para que a gente alcance a transi\u00e7\u00e3o energ\u00e9tica ali no final\u201d, disse a presidente da ABEE\u00f3lica. O Combust\u00edvel do Futuro prev\u00ea que o Brasil evite a emiss\u00e3o de 705 milh\u00f5es de toneladas de di\u00f3xido de carbono (CO2) at\u00e9 2037, refor\u00e7ando o compromisso do pa\u00eds com a redu\u00e7\u00e3o de gases de efeito estufa. \u201cO papel mais interessante aqui \u00e9 a oportunidade que o Brasil v\u00ea diante desse processo de busca pela economia de baixo carbono, como uma grande pot\u00eancia global de recursos renov\u00e1veis que pode contribuir para a solu\u00e7\u00e3o do clima. N\u00e3o h\u00e1 que se falar em solu\u00e7\u00e3o do clima sem considerar o Brasil com toda a quantidade de recursos que ele possui para promover essa transi\u00e7\u00e3o\u201d, afirmou Elbia Gannoum.<\/p>\n<p dir=\"ltr\"><strong>COMPROMISSO<\/strong>\u00a0\u2013\u00a0Al\u00e9m da san\u00e7\u00e3o da Lei do Combust\u00edvel do Futuro, o evento foi marcado pela assinatura de cartas de compromisso para investimentos no setor de biocombust\u00edvel no Brasil. Sete empresas assinaram compromissos que ultrapassam R$ 20 bilh\u00f5es.<\/p>\n<p dir=\"ltr\"><strong>ETANOL E BIODIESEL<\/strong>\u00a0\u2014\u00a0O texto estabelece que a margem de mistura de etanol \u00e0 gasolina passa de 22% a 27%, podendo chegar a 35%. Atualmente, o m\u00ednimo \u00e9 18%. Quanto ao biodiesel misturado ao diesel de origem f\u00f3ssil, que est\u00e1 no percentual de 14% desde mar\u00e7o deste ano, a partir de 2025 ser\u00e1 acrescentado um ponto percentual de mistura anualmente at\u00e9 chegar aos 20% em mar\u00e7o de 2030.<\/p>\n<p dir=\"ltr\"><strong>POTENCIALIDADE<\/strong>\u00a0\u2013\u00a0Diretora executiva da Associa\u00e7\u00e3o Brasileira da Ind\u00fastria de Hidrog\u00eanio Verde (ABIHV), Fernanda Delgado definiu a lei sancionada como fundamental. \u201cA import\u00e2ncia do combust\u00edvel do futuro \u00e9 trazer para a matriz de combust\u00edveis os combust\u00edveis sustent\u00e1veis, que v\u00e3o pautar o futuro renov\u00e1vel do pa\u00eds. A matriz brasileira j\u00e1 \u00e9 renov\u00e1vel entre etanol e biodiesel. Mas essa lei traz a obrigatoriedade da expans\u00e3o dessa renovabilidade, agora trazendo para os combust\u00edveis de avia\u00e7\u00e3o, para os combust\u00edveis mar\u00edtimos e aumentando o percentual das misturas dentro dos combust\u00edveis f\u00f3sseis\u201d, apontou a executiva.<\/p>\n<p dir=\"ltr\"><strong>PROGRAMAS<\/strong>\u00a0\u2014\u00a0A Lei do Combust\u00edvel do Futuro institui programas para incentivar pesquisa, produ\u00e7\u00e3o, comercializa\u00e7\u00e3o e uso de biocombust\u00edveis, com o objetivo de promover a descarboniza\u00e7\u00e3o da matriz de transportes e de mobilidade.<\/p>\n<p dir=\"ltr\">\n<div align=\"center\">\n<blockquote class=\"instagram-media\" data-instgrm-captioned=\"\" data-instgrm-permalink=\"https:\/\/www.instagram.com\/p\/DA3ueHsO7ee\/?utm_source=ig_embed&amp;utm_campaign=loading\" data-instgrm-version=\"14\">\n<div>\n<div>\n<div><\/div>\n<div>\n<div><\/div>\n<\/div>\n<\/div>\n<div><\/div>\n<div><\/div>\n<\/div>\n<\/blockquote>\n<\/div>\n<\/div>\n<\/div>\n<div id=\"viewlet-above-content-body\" style=\"text-align: justify;\"><\/div>\n","protected":false},"excerpt":{"rendered":"<p>Considerada um marco pelo setor, a norma estabelece a cria\u00e7\u00e3o de programas nacionais de diesel verde, combust\u00edvel sustent\u00e1vel para avia\u00e7\u00e3o e incentivo ao biometano, entre outras medidas &nbsp; Outubro, 2024 &#8211; Diante de uma plateia formada por integrantes de segmentos ligados ao setor energ\u00e9tico, da agroind\u00fastria, da avia\u00e7\u00e3o e de atores que participam do processo [&hellip;]<\/p>\n","protected":false},"author":1,"featured_media":24521,"comment_status":"open","ping_status":"open","sticky":false,"template":"","format":"standard","meta":{"_uag_custom_page_level_css":"","footnotes":""},"categories":[32],"tags":[26939,1440,26940,26769,4305,26938,26941,7210],"class_list":["post-24520","post","type-post","status-publish","format-standard","has-post-thumbnail","hentry","category-maquinas-e-equipamentos","tag-lula-energia-limpa","tag-biometano","tag-combustivel-do-futuro","tag-descarbonizacao","tag-energia-limpa","tag-energia-limpa-caminhoes","tag-lideranca-verde-expo","tag-maquinas-e-equipamentos"],"blocksy_meta":[],"spectra_blocks_featured_image_url":{"thumbnail":{"url":"https:\/\/construcaocivil.siriusmarketingedesign.com.br\/wp-content\/uploads\/2024\/10\/54052418836_84332e6916_c-150x150.jpg","width":150,"height":150},"medium":{"url":"https:\/\/construcaocivil.siriusmarketingedesign.com.br\/wp-content\/uploads\/2024\/10\/54052418836_84332e6916_c-300x178.jpg","width":300,"height":178},"medium_large":{"url":"https:\/\/construcaocivil.siriusmarketingedesign.com.br\/wp-content\/uploads\/2024\/10\/54052418836_84332e6916_c-768x455.jpg","width":768,"height":455},"large":{"url":"https:\/\/construcaocivil.siriusmarketingedesign.com.br\/wp-content\/uploads\/2024\/10\/54052418836_84332e6916_c.jpg","width":800,"height":474},"full":{"url":"https:\/\/construcaocivil.siriusmarketingedesign.com.br\/wp-content\/uploads\/2024\/10\/54052418836_84332e6916_c.jpg","width":800,"height":474}},"spectra_blocks_author_info":{"display_name":"Jornal da Constru\u00e7\u00e3o Civil","avatar_url":"https:\/\/secure.gravatar.com\/avatar\/973c9774fd44ddaceb026973c4962faa70fc512bc4c9da68e8ebb40fecee6540?s=96&d=mm&r=g","author_link":"https:\/\/construcaocivil.siriusmarketingedesign.com.br\/?author=1","description":"Desde de 2013, levando muitas informa\u00e7\u00f5es, lan\u00e7amentos e produtos de qualidade para toda cadeia produtiva da constru\u00e7\u00e3o. O Futuro da constru\u00e7\u00e3o passa por aqui,"},"uagb_featured_image_src":{"full":["https:\/\/construcaocivil.siriusmarketingedesign.com.br\/wp-content\/uploads\/2024\/10\/54052418836_84332e6916_c.jpg",800,474,false],"thumbnail":["https:\/\/construcaocivil.siriusmarketingedesign.com.br\/wp-content\/uploads\/2024\/10\/54052418836_84332e6916_c-150x150.jpg",150,150,true],"medium":["https:\/\/construcaocivil.siriusmarketingedesign.com.br\/wp-content\/uploads\/2024\/10\/54052418836_84332e6916_c-300x178.jpg",300,178,true],"medium_large":["https:\/\/construcaocivil.siriusmarketingedesign.com.br\/wp-content\/uploads\/2024\/10\/54052418836_84332e6916_c-768x455.jpg",768,455,true],"large":["https:\/\/construcaocivil.siriusmarketingedesign.com.br\/wp-content\/uploads\/2024\/10\/54052418836_84332e6916_c.jpg",800,474,false],"1536x1536":["https:\/\/construcaocivil.siriusmarketingedesign.com.br\/wp-content\/uploads\/2024\/10\/54052418836_84332e6916_c.jpg",800,474,false],"2048x2048":["https:\/\/construcaocivil.siriusmarketingedesign.com.br\/wp-content\/uploads\/2024\/10\/54052418836_84332e6916_c.jpg",800,474,false]},"uagb_author_info":{"display_name":"Jornal da Constru\u00e7\u00e3o Civil","author_link":"https:\/\/construcaocivil.siriusmarketingedesign.com.br\/?author=1"},"uagb_comment_info":0,"uagb_excerpt":"Considerada um marco pelo setor, a norma estabelece a cria\u00e7\u00e3o de programas nacionais de diesel verde, combust\u00edvel sustent\u00e1vel para avia\u00e7\u00e3o e incentivo ao biometano, entre outras medidas &nbsp; Outubro, 2024 &#8211; Diante de uma plateia formada por integrantes de segmentos ligados ao setor energ\u00e9tico, da agroind\u00fastria, da avia\u00e7\u00e3o e de atores que participam do processo&hellip;","_links":{"self":[{"href":"https:\/\/construcaocivil.siriusmarketingedesign.com.br\/index.php?rest_route=\/wp\/v2\/posts\/24520","targetHints":{"allow":["GET"]}}],"collection":[{"href":"https:\/\/construcaocivil.siriusmarketingedesign.com.br\/index.php?rest_route=\/wp\/v2\/posts"}],"about":[{"href":"https:\/\/construcaocivil.siriusmarketingedesign.com.br\/index.php?rest_route=\/wp\/v2\/types\/post"}],"author":[{"embeddable":true,"href":"https:\/\/construcaocivil.siriusmarketingedesign.com.br\/index.php?rest_route=\/wp\/v2\/users\/1"}],"replies":[{"embeddable":true,"href":"https:\/\/construcaocivil.siriusmarketingedesign.com.br\/index.php?rest_route=%2Fwp%2Fv2%2Fcomments&post=24520"}],"version-history":[{"count":0,"href":"https:\/\/construcaocivil.siriusmarketingedesign.com.br\/index.php?rest_route=\/wp\/v2\/posts\/24520\/revisions"}],"wp:featuredmedia":[{"embeddable":true,"href":"https:\/\/construcaocivil.siriusmarketingedesign.com.br\/index.php?rest_route=\/wp\/v2\/media\/24521"}],"wp:attachment":[{"href":"https:\/\/construcaocivil.siriusmarketingedesign.com.br\/index.php?rest_route=%2Fwp%2Fv2%2Fmedia&parent=24520"}],"wp:term":[{"taxonomy":"category","embeddable":true,"href":"https:\/\/construcaocivil.siriusmarketingedesign.com.br\/index.php?rest_route=%2Fwp%2Fv2%2Fcategories&post=24520"},{"taxonomy":"post_tag","embeddable":true,"href":"https:\/\/construcaocivil.siriusmarketingedesign.com.br\/index.php?rest_route=%2Fwp%2Fv2%2Ftags&post=24520"}],"curies":[{"name":"wp","href":"https:\/\/api.w.org\/{rel}","templated":true}]}}