{"id":2453,"date":"2016-07-06T16:06:10","date_gmt":"2016-07-06T16:06:10","guid":{"rendered":"http:\/\/www.jornaldaconstrucaocivil.com.br\/?p=2453"},"modified":"2016-07-06T16:06:10","modified_gmt":"2016-07-06T16:06:10","slug":"basf-promove-primeiro-techday-sobre-produtividade-e-durabilidade-na-construcao-civil","status":"publish","type":"post","link":"https:\/\/construcaocivil.siriusmarketingedesign.com.br\/?p=2453","title":{"rendered":"BASF promove primeiro TechDay sobre produtividade e durabilidade na constru\u00e7\u00e3o civil"},"content":{"rendered":"<p><span style=\"color: #000080;\">A BASF vai realizar, no dia 07 de julho, o primeiro <strong>TechDay<\/strong>, um encontro r\u00e1pido e din\u00e2mico para abordar as principais demandas e tend\u00eancias da ind\u00fastria de constru\u00e7\u00e3o civil. A primeira edi\u00e7\u00e3o ser\u00e1 sobre Produtividade &amp; Durabilidade e contar\u00e1 com a apresenta\u00e7\u00e3o do engenheiro civil e arquiteto, Francisco Antunes de Vasconcellos Neto, Vice-Presidente de Meio Ambiente do SindusCon-SP.<\/span><\/p>\n<p><span style=\"color: #000000;\">O encontro ser\u00e1 na CasaE, Casa Ecoeficiente da BASF, voltado a construtores, engenheiros, arquitetos, especificadores, entre outros profissionais do setor. A a\u00e7\u00e3o faz parte do compromisso da companhia de levar inova\u00e7\u00e3o e sustentabilidade ao mercado, diante dos grandes desafios da atualidade. \u201cO Brasil \u00e9 o 56\u00ba no Ranking de Produtividade Global \u2013 os Estados Unidos constroem seis vezes mais r\u00e1pido que n\u00f3s. \u00c9 preciso mudar a forma que constru\u00edmos, melhorar as tecnologias, ter mais efici\u00eancia\u201d, considera Camila Lourencini, gerente da Estrat\u00e9gia para Ind\u00fastria da Constru\u00e7\u00e3o da BASF.<\/span><\/p>\n<p><span style=\"color: #000000;\">Vasconcellos Neto, que \u00e9 tamb\u00e9m Membro do Conselho Estrat\u00e9gico do Programa Constru\u00e7\u00e3o Sustent\u00e1vel da C\u00e2mara Brasileira da Ind\u00fastria da Constru\u00e7\u00e3o (CBIC) e Membro da Royal Institution of Chartered Surveyors \u2013 RICS, possui uma vis\u00e3o abrangente das quest\u00f5es pol\u00edticas e estruturais que impactam o setor imobili\u00e1rio e a constru\u00e7\u00e3o civil no Brasil, abordando temas como a gest\u00e3o da qualidade, a inova\u00e7\u00e3o tecnol\u00f3gica, o meio ambiente e a constru\u00e7\u00e3o sustent\u00e1vel. Ap\u00f3s a apresenta\u00e7\u00e3o, haver\u00e1 uma visita t\u00e9cnica \u00e0 CasaE e \u00e0 Casa Econ\u00f4mica, propostas de constru\u00e7\u00e3o apresentadas pela BASF.<\/span><\/p>\n<p><span style=\"color: #000000;\">Est\u00e3o programados outros dois TechDays para este ano: sobre Sustentabilidade, em 13 de setembro e sobre Certifica\u00e7\u00f5es Ecol\u00f3gicas \/ Selos Ambientais, em 9 de novembro.<\/span><\/p>\n<p>Para mais informa\u00e7\u00f5es, acesse:\u00a0<a href=\"http:\/\/www.casae.basf.com.br\/\">www.casae.basf.com.br<\/a><\/p>\n<p>Fonte: Assessoria de Imprensa BASF<\/p>\n","protected":false},"excerpt":{"rendered":"<p>A BASF vai realizar, no dia 07 de julho, o primeiro TechDay, um encontro r\u00e1pido e din\u00e2mico para abordar as principais demandas e tend\u00eancias da ind\u00fastria de constru\u00e7\u00e3o civil. A primeira edi\u00e7\u00e3o ser\u00e1 sobre Produtividade &amp; Durabilidade e contar\u00e1 com a apresenta\u00e7\u00e3o do engenheiro civil e arquiteto, Francisco Antunes de Vasconcellos Neto, Vice-Presidente de Meio [&hellip;]<\/p>\n","protected":false},"author":1,"featured_media":0,"comment_status":"open","ping_status":"open","sticky":false,"template":"","format":"standard","meta":{"_uag_custom_page_level_css":"","footnotes":""},"categories":[27],"tags":[1307,1941,1960,2029,2826,7438,11168,11545],"class_list":["post-2453","post","type-post","status-publish","format-standard","hentry","category-acontece","tag-basf","tag-casa-economica","tag-casae","tag-cbic","tag-construcao-civil","tag-meio-ambiente","tag-sinduscon-sp","tag-techday"],"blocksy_meta":[],"spectra_blocks_featured_image_url":null,"spectra_blocks_author_info":{"display_name":"Jornal da Constru\u00e7\u00e3o Civil","avatar_url":"https:\/\/secure.gravatar.com\/avatar\/973c9774fd44ddaceb026973c4962faa70fc512bc4c9da68e8ebb40fecee6540?s=96&d=mm&r=g","author_link":"https:\/\/construcaocivil.siriusmarketingedesign.com.br\/?author=1","description":"Desde de 2013, levando muitas informa\u00e7\u00f5es, lan\u00e7amentos e produtos de qualidade para toda cadeia produtiva da constru\u00e7\u00e3o. O Futuro da constru\u00e7\u00e3o passa por aqui,"},"uagb_featured_image_src":{"full":false,"thumbnail":false,"medium":false,"medium_large":false,"large":false,"1536x1536":false,"2048x2048":false},"uagb_author_info":{"display_name":"Jornal da Constru\u00e7\u00e3o Civil","author_link":"https:\/\/construcaocivil.siriusmarketingedesign.com.br\/?author=1"},"uagb_comment_info":0,"uagb_excerpt":"A BASF vai realizar, no dia 07 de julho, o primeiro TechDay, um encontro r\u00e1pido e din\u00e2mico para abordar as principais demandas e tend\u00eancias da ind\u00fastria de constru\u00e7\u00e3o civil. A primeira edi\u00e7\u00e3o ser\u00e1 sobre Produtividade &amp; Durabilidade e contar\u00e1 com a apresenta\u00e7\u00e3o do engenheiro civil e arquiteto, Francisco Antunes de Vasconcellos Neto, Vice-Presidente de Meio&hellip;","_links":{"self":[{"href":"https:\/\/construcaocivil.siriusmarketingedesign.com.br\/index.php?rest_route=\/wp\/v2\/posts\/2453","targetHints":{"allow":["GET"]}}],"collection":[{"href":"https:\/\/construcaocivil.siriusmarketingedesign.com.br\/index.php?rest_route=\/wp\/v2\/posts"}],"about":[{"href":"https:\/\/construcaocivil.siriusmarketingedesign.com.br\/index.php?rest_route=\/wp\/v2\/types\/post"}],"author":[{"embeddable":true,"href":"https:\/\/construcaocivil.siriusmarketingedesign.com.br\/index.php?rest_route=\/wp\/v2\/users\/1"}],"replies":[{"embeddable":true,"href":"https:\/\/construcaocivil.siriusmarketingedesign.com.br\/index.php?rest_route=%2Fwp%2Fv2%2Fcomments&post=2453"}],"version-history":[{"count":0,"href":"https:\/\/construcaocivil.siriusmarketingedesign.com.br\/index.php?rest_route=\/wp\/v2\/posts\/2453\/revisions"}],"wp:attachment":[{"href":"https:\/\/construcaocivil.siriusmarketingedesign.com.br\/index.php?rest_route=%2Fwp%2Fv2%2Fmedia&parent=2453"}],"wp:term":[{"taxonomy":"category","embeddable":true,"href":"https:\/\/construcaocivil.siriusmarketingedesign.com.br\/index.php?rest_route=%2Fwp%2Fv2%2Fcategories&post=2453"},{"taxonomy":"post_tag","embeddable":true,"href":"https:\/\/construcaocivil.siriusmarketingedesign.com.br\/index.php?rest_route=%2Fwp%2Fv2%2Ftags&post=2453"}],"curies":[{"name":"wp","href":"https:\/\/api.w.org\/{rel}","templated":true}]}}