{"id":24533,"date":"2024-10-10T17:18:45","date_gmt":"2024-10-10T20:18:45","guid":{"rendered":"https:\/\/www.jornaldaconstrucaocivil.com.br\/?p=24533"},"modified":"2024-10-10T17:18:45","modified_gmt":"2024-10-10T20:18:45","slug":"instalacao-ocupacao-terreiro-e-selecionada-e-ganha-mencao-honrosa-na-9a-bienal-ibero-americana-de-design-em-madri","status":"publish","type":"post","link":"https:\/\/construcaocivil.siriusmarketingedesign.com.br\/?p=24533","title":{"rendered":"Instala\u00e7\u00e3o Ocupa\u00e7\u00e3o &#8220;Terreiro&#8221; \u00e9 selecionada e ganha men\u00e7\u00e3o honrosa na 9\u00aa Bienal Ibero-Americana de Design em Madri"},"content":{"rendered":"<p style=\"text-align: justify;\">\u00c9 com grande orgulho que anunciamos que a instala\u00e7\u00e3o art\u00edstica Terreiro, criada para a CASACOR S\u00e3o Paulo 2024, foi selecionada para participar da prestigiada 9\u00aa Bienal Ibero-Americana de Design (BID), em Madri. O projeto concorre na categoria de Design de Espa\u00e7os e Interiores, consolidando sua relev\u00e2ncia e visibilidade no cen\u00e1rio internacional.<\/p>\n<p style=\"text-align: justify;\">\nA obra estar\u00e1 em exposi\u00e7\u00e3o na Central de Dise\u00f1o de Matadero, de 8 de outubro de 2024 a 6 de janeiro de 2025. O reconhecimento na BID ressalta a for\u00e7a colaborativa presente no projeto Terreiro e celebra a ancestralidade, sendo um exemplo da capacidade do design brasileiro em unir inova\u00e7\u00e3o e tradi\u00e7\u00e3o.<\/p>\n<p style=\"text-align: justify;\">Assinado pelo Est\u00fadio Tarimba &#8211; com dire\u00e7\u00e3o art\u00edstica do arquiteto Alexandre Salles, mestre em Semi\u00f3tica Urbana pela FAU-USP -, Terreiro foi inspirado nos quintais, espa\u00e7os de conviv\u00eancia associados \u00e0s manifesta\u00e7\u00f5es ancestrais como o samba e o candombl\u00e9. A instala\u00e7\u00e3o reinventa esses ambientes tradicionais ao incorporar a tecnologia da intelig\u00eancia artificial na cria\u00e7\u00e3o de uma materialidade simb\u00f3lica e rica em texturas e formas. A narrativa visual criada destaca elementos da cultura negra, promovendo uma profunda reflex\u00e3o sobre a hist\u00f3ria e a ancestralidade afro-brasileira.\n<\/p>\n<p style=\"text-align: justify;\">O projeto apresenta um terreiro contempor\u00e2neo, onde a terra batida e as paredes de taipa s\u00e3o reinterpretadas como um espa\u00e7o din\u00e2mico e expressivo. A instala\u00e7\u00e3o convida os visitantes a mergulharem na riqueza da heran\u00e7a cultural do Brasil, ao mesmo tempo em que explora novas formas de se pensar o design de interiores a partir de uma perspectiva ancestral e tecnol\u00f3gica.\n<\/p>\n<p style=\"text-align: justify;\">Ao levar a Ocupa\u00e7\u00e3o Terreiro \u00e0 Madri, vemos design brasileiro expandir-se e alcan\u00e7ar novas fronteiras pelo mundo. Essa conquista refor\u00e7a a relev\u00e2ncia da cultura afro-brasileira no contexto contempor\u00e2neo e sua import\u00e2ncia na constru\u00e7\u00e3o de novas narrativas visuais.\n<\/p>\n<p style=\"text-align: justify;\"><strong>Servi\u00e7o:<\/strong><\/p>\n<p style=\"text-align: justify;\"><strong>Exposi\u00e7\u00e3o:<\/strong>\u00a0Terreiro na 9\u00aa Bienal Ibero-Americana de Design<\/p>\n<p style=\"text-align: justify;\"><strong>Local:<\/strong>\u00a0Central de Dise\u00f1o de Matadero, Madri<\/p>\n<p style=\"text-align: justify;\"><strong>Data:<\/strong>\u00a08 de outubro de 2024 a 6 de janeiro de 2025<\/p>\n","protected":false},"excerpt":{"rendered":"<p>\u00c9 com grande orgulho que anunciamos que a instala\u00e7\u00e3o art\u00edstica Terreiro, criada para a CASACOR S\u00e3o Paulo 2024, foi selecionada para participar da prestigiada 9\u00aa Bienal Ibero-Americana de Design (BID), em Madri. O projeto concorre na categoria de Design de Espa\u00e7os e Interiores, consolidando sua relev\u00e2ncia e visibilidade no cen\u00e1rio internacional. A obra estar\u00e1 em [&hellip;]<\/p>\n","protected":false},"author":1,"featured_media":24534,"comment_status":"open","ping_status":"open","sticky":false,"template":"","format":"standard","meta":{"_uag_custom_page_level_css":"","footnotes":""},"categories":[28],"tags":[26950,1933,26949,26537],"class_list":["post-24533","post","type-post","status-publish","format-standard","has-post-thumbnail","hentry","category-arquitetura","tag-9a-bienal-ibero-americana-de-design-bid","tag-casa-e-decoracao","tag-madri","tag-matriz-africana"],"blocksy_meta":[],"spectra_blocks_featured_image_url":{"thumbnail":{"url":"https:\/\/construcaocivil.siriusmarketingedesign.com.br\/wp-content\/uploads\/2024\/10\/handler-1-150x150.jpg","width":150,"height":150},"medium":{"url":"https:\/\/construcaocivil.siriusmarketingedesign.com.br\/wp-content\/uploads\/2024\/10\/handler-1-300x300.jpg","width":300,"height":300},"medium_large":{"url":"https:\/\/construcaocivil.siriusmarketingedesign.com.br\/wp-content\/uploads\/2024\/10\/handler-1-768x768.jpg","width":768,"height":768},"large":{"url":"https:\/\/construcaocivil.siriusmarketingedesign.com.br\/wp-content\/uploads\/2024\/10\/handler-1.jpg","width":800,"height":800},"full":{"url":"https:\/\/construcaocivil.siriusmarketingedesign.com.br\/wp-content\/uploads\/2024\/10\/handler-1.jpg","width":800,"height":800}},"spectra_blocks_author_info":{"display_name":"Jornal da Constru\u00e7\u00e3o Civil","avatar_url":"https:\/\/secure.gravatar.com\/avatar\/973c9774fd44ddaceb026973c4962faa70fc512bc4c9da68e8ebb40fecee6540?s=96&d=mm&r=g","author_link":"https:\/\/construcaocivil.siriusmarketingedesign.com.br\/?author=1","description":"Desde de 2013, levando muitas informa\u00e7\u00f5es, lan\u00e7amentos e produtos de qualidade para toda cadeia produtiva da constru\u00e7\u00e3o. O Futuro da constru\u00e7\u00e3o passa por aqui,"},"uagb_featured_image_src":{"full":["https:\/\/construcaocivil.siriusmarketingedesign.com.br\/wp-content\/uploads\/2024\/10\/handler-1.jpg",800,800,false],"thumbnail":["https:\/\/construcaocivil.siriusmarketingedesign.com.br\/wp-content\/uploads\/2024\/10\/handler-1-150x150.jpg",150,150,true],"medium":["https:\/\/construcaocivil.siriusmarketingedesign.com.br\/wp-content\/uploads\/2024\/10\/handler-1-300x300.jpg",300,300,true],"medium_large":["https:\/\/construcaocivil.siriusmarketingedesign.com.br\/wp-content\/uploads\/2024\/10\/handler-1-768x768.jpg",768,768,true],"large":["https:\/\/construcaocivil.siriusmarketingedesign.com.br\/wp-content\/uploads\/2024\/10\/handler-1.jpg",800,800,false],"1536x1536":["https:\/\/construcaocivil.siriusmarketingedesign.com.br\/wp-content\/uploads\/2024\/10\/handler-1.jpg",800,800,false],"2048x2048":["https:\/\/construcaocivil.siriusmarketingedesign.com.br\/wp-content\/uploads\/2024\/10\/handler-1.jpg",800,800,false]},"uagb_author_info":{"display_name":"Jornal da Constru\u00e7\u00e3o Civil","author_link":"https:\/\/construcaocivil.siriusmarketingedesign.com.br\/?author=1"},"uagb_comment_info":0,"uagb_excerpt":"\u00c9 com grande orgulho que anunciamos que a instala\u00e7\u00e3o art\u00edstica Terreiro, criada para a CASACOR S\u00e3o Paulo 2024, foi selecionada para participar da prestigiada 9\u00aa Bienal Ibero-Americana de Design (BID), em Madri. O projeto concorre na categoria de Design de Espa\u00e7os e Interiores, consolidando sua relev\u00e2ncia e visibilidade no cen\u00e1rio internacional. A obra estar\u00e1 em&hellip;","_links":{"self":[{"href":"https:\/\/construcaocivil.siriusmarketingedesign.com.br\/index.php?rest_route=\/wp\/v2\/posts\/24533","targetHints":{"allow":["GET"]}}],"collection":[{"href":"https:\/\/construcaocivil.siriusmarketingedesign.com.br\/index.php?rest_route=\/wp\/v2\/posts"}],"about":[{"href":"https:\/\/construcaocivil.siriusmarketingedesign.com.br\/index.php?rest_route=\/wp\/v2\/types\/post"}],"author":[{"embeddable":true,"href":"https:\/\/construcaocivil.siriusmarketingedesign.com.br\/index.php?rest_route=\/wp\/v2\/users\/1"}],"replies":[{"embeddable":true,"href":"https:\/\/construcaocivil.siriusmarketingedesign.com.br\/index.php?rest_route=%2Fwp%2Fv2%2Fcomments&post=24533"}],"version-history":[{"count":0,"href":"https:\/\/construcaocivil.siriusmarketingedesign.com.br\/index.php?rest_route=\/wp\/v2\/posts\/24533\/revisions"}],"wp:featuredmedia":[{"embeddable":true,"href":"https:\/\/construcaocivil.siriusmarketingedesign.com.br\/index.php?rest_route=\/wp\/v2\/media\/24534"}],"wp:attachment":[{"href":"https:\/\/construcaocivil.siriusmarketingedesign.com.br\/index.php?rest_route=%2Fwp%2Fv2%2Fmedia&parent=24533"}],"wp:term":[{"taxonomy":"category","embeddable":true,"href":"https:\/\/construcaocivil.siriusmarketingedesign.com.br\/index.php?rest_route=%2Fwp%2Fv2%2Fcategories&post=24533"},{"taxonomy":"post_tag","embeddable":true,"href":"https:\/\/construcaocivil.siriusmarketingedesign.com.br\/index.php?rest_route=%2Fwp%2Fv2%2Ftags&post=24533"}],"curies":[{"name":"wp","href":"https:\/\/api.w.org\/{rel}","templated":true}]}}