{"id":24545,"date":"2024-10-12T20:49:23","date_gmt":"2024-10-12T23:49:23","guid":{"rendered":"https:\/\/www.jornaldaconstrucaocivil.com.br\/?p=24545"},"modified":"2024-10-14T15:44:19","modified_gmt":"2024-10-14T18:44:19","slug":"enel-brasil-deixa-sao-paulo-sem-luz-e-avisa-para-15-milhao-de-clientes-que-ate-segunda-feira-volta-o-servico-de-energia","status":"publish","type":"post","link":"https:\/\/construcaocivil.siriusmarketingedesign.com.br\/?p=24545","title":{"rendered":"ENEL Brasil deixa S\u00e3o Paulo sem luz e avisa para 1,5 milh\u00e3o de clientes que at\u00e9 segunda-feira volta o servi\u00e7o de energia."},"content":{"rendered":"<p style=\"text-align: justify;\">Ap\u00f3s um forte\u00a0 temporal que caiu na sexta-feira(11), na cidade de S\u00e3o Paulo e outras cidades da regi\u00e3o metropolitana do estado, deixou mais de 5 milh\u00f5es de clientes da ENEEL Brasil sem luz novamente. Mesmo ap\u00f3s 24h do temporal, a distribuidora de energia ENEL, mais uma vez encontra dificuldade para reestabelecer o servi\u00e7o de energia total. Apenas metade dos atingidos tiveram \u00e0 sua luz normalizada. Cerca de 1,5 milh\u00e3o ainda ficaram 48h no escuro.<\/p>\n<p style=\"text-align: justify;\">Umas das solu\u00e7\u00f5es encontrada pela empresa foi importar t\u00e9cnicos do Cear\u00e1 e Rio de Janeiro para ajudarem\u00a0 O prefeito atual de S\u00e3o Paulo e candidato \u00e0 reelei\u00e7\u00e3o,\u00a0 Ricardo Nunes, em plena disputa eleitoral reclamou dos servi\u00e7os da ENEL Brasil:<\/p>\n<p style=\"text-align: justify;\"><span style=\"color: #993300;\"><em>&#8220;Mais de uma vez, a Enel dando problema para a nossa cidade. Da outra vez que teve o problema, fui para Bras\u00edlia, entramos com ac\u00e3o judicial, fui na Justi\u00e7a contra a Enel. A Enel \u00e9 concess\u00e3o, regula\u00e7\u00e3o e fiscaliza\u00e7\u00e3o do governo federal. Reclamei no TCU, fui no ministro apresentar nossas queixas e levar representa\u00e7\u00e3o, e mais uma vez a Enel deixa a cidade nessa situa\u00e7\u00e3o. Mas a prefeitura toda trabalhou a noite inteira para poder normalizar a cidade&#8221;, disse Nunes em v\u00eddeo divulgado na rede social.\u00a0<\/em><\/span><\/p>\n<p style=\"text-align: justify;\"><strong>Nota da ENEL BRASIL<\/strong><\/p>\n<p style=\"text-align: justify;\"><span style=\"color: #800000;\"><em>Informamos que, at\u00e9 \u00e0s 15h, restabelecemos a energia para cerca de 650 mil clientes. Ontem \u00e0 noite, por volta das 20h, 2,1 milh\u00f5es de clientes estavam sem energia. No momento, nossos t\u00e9cnicos seguem trabalhando para reconstruir trechos da rede el\u00e9trica danificados e restabelecer o servi\u00e7o para cerca de 1,45 milh\u00e3o de clientes impactados, o que representa cerca de 18% dos clientes da distribuidora.<\/em><\/span><\/p>\n<p style=\"text-align: justify;\"><span style=\"color: #800000;\"><em>Os bairros afetados pelo temporal s\u00e3o: Santo Amaro, Jardim S\u00e3o Lu\u00eds, Socorro, Pinheiros, American\u00f3polis, Vila Andrade, Jardim Vaz de Lima, Alto de Pinheiros, Jardim Martini e Jardim Mariane, a maior parte na Zona Sul da capital.\u00a0<\/em><\/span><\/p>\n<p style=\"text-align: justify;\"><span style=\"color: #800000;\"><em>Al\u00e9m de S\u00e3o Paulo, os munic\u00edpios mais afetados s\u00e3o: Tabo\u00e3o da Serra,\u00a0 Cotia, S\u00e3o Bernardo do Campo, Santo Andr\u00e9 e Diadema.<\/em><\/span><\/p>\n<p style=\"text-align: justify;\"><span style=\"color: #800000;\"><em>Refor\u00e7amos as equipes em campo com at\u00e9 2500 t\u00e9cnicos e estamos recebendo apoio de equipes do Cear\u00e1 e do Rio de Janeiro.<\/em><\/span><\/p>\n<p style=\"text-align: justify;\"><span style=\"color: #800000;\"><em>Orientamos que os clientes priorizem os canais digitais para abrirem chamados:\u00a0<\/em><\/span><\/p>\n<p style=\"text-align: justify;\"><span style=\"color: #800000;\"><em>\u2022 Site: www.enel.com.br<\/em><\/span><\/p>\n<p style=\"text-align: justify;\"><span style=\"color: #800000;\"><em>\u2022 App Enel (dispon\u00edvel para iOS e Android)<\/em><\/span><\/p>\n<p style=\"text-align: justify;\"><span style=\"color: #800000;\"><em>\u2022 WhatsApp Elena: (21) 99601-96088.<\/em><\/span><\/p>\n<p><strong>Uma pergunta: A ENEL BRASIL possui condi\u00e7\u00f5es t\u00e9cnicas de atuar no setor el\u00e9trico brasileiro ?\u00a0<\/strong><\/p>\n","protected":false},"excerpt":{"rendered":"<p>Ap\u00f3s um forte\u00a0 temporal que caiu na sexta-feira(11), na cidade de S\u00e3o Paulo e outras cidades da regi\u00e3o metropolitana do estado, deixou mais de 5 milh\u00f5es de clientes da ENEEL Brasil sem luz novamente. Mesmo ap\u00f3s 24h do temporal, a distribuidora de energia ENEL, mais uma vez encontra dificuldade para reestabelecer o servi\u00e7o de energia [&hellip;]<\/p>\n","protected":false},"author":1,"featured_media":24547,"comment_status":"open","ping_status":"open","sticky":false,"template":"","format":"standard","meta":{"_uag_custom_page_level_css":"","footnotes":""},"categories":[31],"tags":[725,4282,13740,7767,26956,26957,24056,26958],"class_list":["post-24545","post","type-post","status-publish","format-standard","has-post-thumbnail","hentry","category-infraestrutura","tag-aneel","tag-enel-brasil","tag-jardim-sao-luis-sp","tag-mme","tag-mp-sp","tag-sp-sem-luz","tag-taboao-da-serra-sp","tag-tecnicos-de-energia"],"blocksy_meta":[],"spectra_blocks_featured_image_url":{"thumbnail":{"url":"https:\/\/construcaocivil.siriusmarketingedesign.com.br\/wp-content\/uploads\/2024\/10\/lacc82mpada-com-vela-apagacc83o-enel-1-150x150.jpg","width":150,"height":150},"medium":{"url":"https:\/\/construcaocivil.siriusmarketingedesign.com.br\/wp-content\/uploads\/2024\/10\/lacc82mpada-com-vela-apagacc83o-enel-1-300x200.jpg","width":300,"height":200},"medium_large":{"url":"https:\/\/construcaocivil.siriusmarketingedesign.com.br\/wp-content\/uploads\/2024\/10\/lacc82mpada-com-vela-apagacc83o-enel-1.jpg","width":750,"height":500},"large":{"url":"https:\/\/construcaocivil.siriusmarketingedesign.com.br\/wp-content\/uploads\/2024\/10\/lacc82mpada-com-vela-apagacc83o-enel-1.jpg","width":750,"height":500},"full":{"url":"https:\/\/construcaocivil.siriusmarketingedesign.com.br\/wp-content\/uploads\/2024\/10\/lacc82mpada-com-vela-apagacc83o-enel-1.jpg","width":750,"height":500}},"spectra_blocks_author_info":{"display_name":"Jornal da Constru\u00e7\u00e3o Civil","avatar_url":"https:\/\/secure.gravatar.com\/avatar\/973c9774fd44ddaceb026973c4962faa70fc512bc4c9da68e8ebb40fecee6540?s=96&d=mm&r=g","author_link":"https:\/\/construcaocivil.siriusmarketingedesign.com.br\/?author=1","description":"Desde de 2013, levando muitas informa\u00e7\u00f5es, lan\u00e7amentos e produtos de qualidade para toda cadeia produtiva da constru\u00e7\u00e3o. O Futuro da constru\u00e7\u00e3o passa por aqui,"},"uagb_featured_image_src":{"full":["https:\/\/construcaocivil.siriusmarketingedesign.com.br\/wp-content\/uploads\/2024\/10\/lacc82mpada-com-vela-apagacc83o-enel-1.jpg",750,500,false],"thumbnail":["https:\/\/construcaocivil.siriusmarketingedesign.com.br\/wp-content\/uploads\/2024\/10\/lacc82mpada-com-vela-apagacc83o-enel-1-150x150.jpg",150,150,true],"medium":["https:\/\/construcaocivil.siriusmarketingedesign.com.br\/wp-content\/uploads\/2024\/10\/lacc82mpada-com-vela-apagacc83o-enel-1-300x200.jpg",300,200,true],"medium_large":["https:\/\/construcaocivil.siriusmarketingedesign.com.br\/wp-content\/uploads\/2024\/10\/lacc82mpada-com-vela-apagacc83o-enel-1.jpg",750,500,false],"large":["https:\/\/construcaocivil.siriusmarketingedesign.com.br\/wp-content\/uploads\/2024\/10\/lacc82mpada-com-vela-apagacc83o-enel-1.jpg",750,500,false],"1536x1536":["https:\/\/construcaocivil.siriusmarketingedesign.com.br\/wp-content\/uploads\/2024\/10\/lacc82mpada-com-vela-apagacc83o-enel-1.jpg",750,500,false],"2048x2048":["https:\/\/construcaocivil.siriusmarketingedesign.com.br\/wp-content\/uploads\/2024\/10\/lacc82mpada-com-vela-apagacc83o-enel-1.jpg",750,500,false]},"uagb_author_info":{"display_name":"Jornal da Constru\u00e7\u00e3o Civil","author_link":"https:\/\/construcaocivil.siriusmarketingedesign.com.br\/?author=1"},"uagb_comment_info":0,"uagb_excerpt":"Ap\u00f3s um forte\u00a0 temporal que caiu na sexta-feira(11), na cidade de S\u00e3o Paulo e outras cidades da regi\u00e3o metropolitana do estado, deixou mais de 5 milh\u00f5es de clientes da ENEEL Brasil sem luz novamente. Mesmo ap\u00f3s 24h do temporal, a distribuidora de energia ENEL, mais uma vez encontra dificuldade para reestabelecer o servi\u00e7o de energia&hellip;","_links":{"self":[{"href":"https:\/\/construcaocivil.siriusmarketingedesign.com.br\/index.php?rest_route=\/wp\/v2\/posts\/24545","targetHints":{"allow":["GET"]}}],"collection":[{"href":"https:\/\/construcaocivil.siriusmarketingedesign.com.br\/index.php?rest_route=\/wp\/v2\/posts"}],"about":[{"href":"https:\/\/construcaocivil.siriusmarketingedesign.com.br\/index.php?rest_route=\/wp\/v2\/types\/post"}],"author":[{"embeddable":true,"href":"https:\/\/construcaocivil.siriusmarketingedesign.com.br\/index.php?rest_route=\/wp\/v2\/users\/1"}],"replies":[{"embeddable":true,"href":"https:\/\/construcaocivil.siriusmarketingedesign.com.br\/index.php?rest_route=%2Fwp%2Fv2%2Fcomments&post=24545"}],"version-history":[{"count":0,"href":"https:\/\/construcaocivil.siriusmarketingedesign.com.br\/index.php?rest_route=\/wp\/v2\/posts\/24545\/revisions"}],"wp:featuredmedia":[{"embeddable":true,"href":"https:\/\/construcaocivil.siriusmarketingedesign.com.br\/index.php?rest_route=\/wp\/v2\/media\/24547"}],"wp:attachment":[{"href":"https:\/\/construcaocivil.siriusmarketingedesign.com.br\/index.php?rest_route=%2Fwp%2Fv2%2Fmedia&parent=24545"}],"wp:term":[{"taxonomy":"category","embeddable":true,"href":"https:\/\/construcaocivil.siriusmarketingedesign.com.br\/index.php?rest_route=%2Fwp%2Fv2%2Fcategories&post=24545"},{"taxonomy":"post_tag","embeddable":true,"href":"https:\/\/construcaocivil.siriusmarketingedesign.com.br\/index.php?rest_route=%2Fwp%2Fv2%2Ftags&post=24545"}],"curies":[{"name":"wp","href":"https:\/\/api.w.org\/{rel}","templated":true}]}}