{"id":24560,"date":"2024-10-17T00:32:44","date_gmt":"2024-10-17T03:32:44","guid":{"rendered":"https:\/\/www.jornaldaconstrucaocivil.com.br\/?p=24560"},"modified":"2024-10-17T00:32:44","modified_gmt":"2024-10-17T03:32:44","slug":"de-olho-no-setor-eletrico-aprovada-consulta-publica-que-discutira-a-renovacao-das-concessoes-de-distribuicao","status":"publish","type":"post","link":"https:\/\/construcaocivil.siriusmarketingedesign.com.br\/?p=24560","title":{"rendered":"De olho no setor el\u00e9trico: Aprovada Consulta P\u00fablica que discutir\u00e1 a renova\u00e7\u00e3o das concess\u00f5es de distribui\u00e7\u00e3o"},"content":{"rendered":"<div class=\"documentDescription\" style=\"text-align: justify;\"><em><strong>Os interessados podem enviar contribui\u00e7\u00f5es no per\u00edodo de 16\/10 a 02\/12\/24 para o e-mail: cp027_2024@aneel.gov.br<\/strong><\/em><\/div>\n<div id=\"content-core\" style=\"text-align: justify;\">\n<div id=\"parent-fieldname-text\" class=\"\">\n<div>\n<div class=\"visualClear\">\n<p>&nbsp;<\/p>\n<p>A\u00a0 Diretoria da Ag\u00eancia Nacional de Energia El\u00e9trica (ANEEL) decidiu nesta ter\u00e7a-feira (15\/10) pela aprova\u00e7\u00e3o de consulta p\u00fablica que tem o objetivo de discutir a minuta de Termo Aditivo ao Contrato de Concess\u00e3o para presta\u00e7\u00e3o do servi\u00e7o p\u00fablico de distribui\u00e7\u00e3o de energia el\u00e9trica, com o objetivo de formalizar a prorroga\u00e7\u00e3o das concess\u00f5es, nos termos do Decreto n\u00ba 12.068, de 20 de junho de 2024, e da Lei n\u00ba 9.074, de 7 de julho de 1995. Os interessados poder\u00e3o enviar contribui\u00e7\u00f5es ao processo no per\u00edodo de 16 de outubro a 2 de dezembro de 2024 para o e-mail: <a class=\"email-link\" title=\"\" href=\"mailto:cp027_2024@aneel.gov.br\" target=\"_blank\" rel=\"noopener\" data-tippreview-enabled=\"false\" data-tippreview-image=\"\" data-tippreview-title=\"\">cp027_2024@aneel.gov.br<\/a>.<\/p>\n<p>Em junho de 2024, o Governo Federal publicou o Decreto n\u00ba 12.068, que regulamenta a licita\u00e7\u00e3o e a prorroga\u00e7\u00e3o das concess\u00f5es de distribui\u00e7\u00e3o de energia el\u00e9trica e estabelece as diretrizes para a moderniza\u00e7\u00e3o das concess\u00f5es de servi\u00e7o p\u00fablico de distribui\u00e7\u00e3o de energia el\u00e9trica. O decreto tamb\u00e9m estabelece que a ANEEL \u00e9 a respons\u00e1vel por elaborar o termo aditivo e que tamb\u00e9m definir\u00e1 os crit\u00e9rios relativos \u00e0 efici\u00eancia dos servi\u00e7os prestados e \u00e0 gest\u00e3o econ\u00f4mico-financeira dos contratos, que condicionar\u00e3o a prorroga\u00e7\u00e3o.<\/p>\n<p>A proposta colocada em consulta p\u00fablica prev\u00ea a discuss\u00e3o da minuta do termo aditivo, contendo as cl\u00e1usulas, que abordam as diretrizes apontadas pelo Decreto n\u00ba 12.068, tais como sustentabilidade econ\u00f4mico-financeira das concession\u00e1rias, inclusive via aporte de capital; atendimento do mercado, inclusive por meio de programas de universaliza\u00e7\u00e3o; satisfa\u00e7\u00e3o dos usu\u00e1rios com base em indicadores de qualidade e tempo de atendimento; investimento prudente; qualidade na presta\u00e7\u00e3o do servi\u00e7o de distribui\u00e7\u00e3o, via apura\u00e7\u00e3o de indicadores; publicidade \u00e0 qualidade na presta\u00e7\u00e3o do servi\u00e7o de distribui\u00e7\u00e3o; metas de efici\u00eancia na recomposi\u00e7\u00e3o do servi\u00e7o, ap\u00f3s eventos clim\u00e1ticos extremos; efici\u00eancia energ\u00e9tica; modicidade tarif\u00e1ria; incentivos \u00e0 gest\u00e3o eficiente dos custos totais de opera\u00e7\u00e3o e de capital; autoriza\u00e7\u00e3o para exercer outras atividades empresariais e oferecer novos servi\u00e7os, que devem favorecer a modicidade tarif\u00e1ria; aloca\u00e7\u00e3o de riscos entre o poder concedente e as concession\u00e1rias.<\/p>\n<p>A minuta apresenta ainda cl\u00e1usulas que tratam da avalia\u00e7\u00e3o da qualidade da governan\u00e7a; aprimoramentos das condi\u00e7\u00f5es econ\u00f4micas, como admitir a flexibilidade normativa para ajustar o regime de regula\u00e7\u00e3o, facultando \u00e0 ANEEL reconhecer custos de capital e opera\u00e7\u00e3o entre revis\u00f5es tarif\u00e1rias, atividades concorrenciais, diferencia\u00e7\u00e3o de tarifas para \u00e1reas com desafios espec\u00edficos; IPCA como indexador para o reajuste tarif\u00e1rio anual; aplica\u00e7\u00e3o de incentivos compat\u00edveis com a capacidade de gest\u00e3o em concess\u00f5es com relevante presen\u00e7a de \u00e1reas com severas restri\u00e7\u00f5es ao combate \u00e0s perdas de energia e \u00e0 inadimpl\u00eancia, dentre outros temas.<\/p>\n<p>O desafio da ANEEL na elabora\u00e7\u00e3o das cl\u00e1usulas do novo instrumento contratual, em atendimento \u00e0s diretrizes trazidas pelo Decreto, foi encontrar o equil\u00edbrio entre o detalhamento excessivo, que poderia engessar as regras em um contrato com validade de 30 anos, em um setor que passa por r\u00e1pidas transforma\u00e7\u00f5es, versus a exist\u00eancia de cl\u00e1usulas demasiadamente gen\u00e9ricas.<\/p>\n<p>A Nota T\u00e9cnica que subsidiou a elabora\u00e7\u00e3o da proposta colocada em consulta p\u00fablica contou com a colabora\u00e7\u00e3o de diversas superintend\u00eancias, al\u00e9m disso, houve uma s\u00e9rie de reuni\u00f5es internas e com os agentes, tanto do segmento de distribui\u00e7\u00e3o, quanto de consumo, a fim de estimular o debate a respeito do processo. Existem 19 concession\u00e1rias de distribui\u00e7\u00e3o com contratos a vencer entre 2025 e 2031. Confira a rela\u00e7\u00e3o abaixo.<\/p>\n<\/div>\n<div align=\"center\">\n<table>\n<thead>\n<tr>\n<td>\n<p align=\"center\"><b>\u00a0<\/b><\/p>\n<\/td>\n<td><b>Concession\u00e1ria<\/b><\/td>\n<td>\n<p align=\"center\"><b>UF<\/b><\/p>\n<\/td>\n<td>\n<p align=\"center\"><b>N\u00famero do Contrato<\/b><\/p>\n<\/td>\n<td>\n<p align=\"center\"><b>Data de vencimento<\/b><\/p>\n<\/td>\n<\/tr>\n<\/thead>\n<tbody>\n<tr>\n<td>\n<p align=\"center\"><b>1<\/b><b><\/b><\/p>\n<\/td>\n<td>EDP Esp\u00edrito Santo Distribui\u00e7\u00e3o de Energia<\/td>\n<td>\n<p align=\"center\">ES<\/p>\n<\/td>\n<td>\n<p align=\"center\">001\/1995<\/p>\n<\/td>\n<td>\n<p align=\"center\">17\/07\/2025<\/p>\n<\/td>\n<\/tr>\n<tr>\n<td>\n<p align=\"center\"><b>2<\/b><b><\/b><\/p>\n<\/td>\n<td>Light Servi\u00e7os de Eletricidade<\/td>\n<td>\n<p align=\"center\">RJ<\/p>\n<\/td>\n<td>\n<p align=\"center\">001\/1996<\/p>\n<\/td>\n<td>\n<p align=\"center\">04\/06\/2026<\/p>\n<\/td>\n<\/tr>\n<tr>\n<td>\n<p align=\"center\"><b>3<\/b><b><\/b><\/p>\n<\/td>\n<td>Ampla Energia e Servi\u00e7os &#8211; Enel Rio<\/td>\n<td>\n<p align=\"center\">RJ<\/p>\n<\/td>\n<td>\n<p align=\"center\">005\/1996<\/p>\n<\/td>\n<td>\n<p align=\"center\">09\/12\/2026<\/p>\n<\/td>\n<\/tr>\n<tr>\n<td>\n<p align=\"center\"><b>4<\/b><b><\/b><\/p>\n<\/td>\n<td>Companhia de Eletricidade do Estado da Bahia &#8211; Coelba<\/td>\n<td>\n<p align=\"center\">BA<\/p>\n<\/td>\n<td>\n<p align=\"center\">010\/1997<\/p>\n<\/td>\n<td>\n<p align=\"center\">08\/08\/2027<\/p>\n<\/td>\n<\/tr>\n<tr>\n<td>\n<p align=\"center\"><b>5<\/b><b><\/b><\/p>\n<\/td>\n<td>RGE Sul Distribuidora de Energia &#8211; RGE<\/td>\n<td>\n<p align=\"center\">RS<\/p>\n<\/td>\n<td>\n<p align=\"center\">012\/1997<\/p>\n<\/td>\n<td>\n<p align=\"center\">06\/11\/2027<\/p>\n<\/td>\n<\/tr>\n<tr>\n<td>\n<p align=\"center\"><b>6<\/b><b><\/b><\/p>\n<\/td>\n<td>Companhia Paulista de For\u00e7a e Luz &#8211; CPFL Paulista<\/td>\n<td>\n<p align=\"center\">SP<\/p>\n<\/td>\n<td>\n<p align=\"center\">014\/1997<\/p>\n<\/td>\n<td>\n<p align=\"center\">20\/11\/2027<\/p>\n<\/td>\n<\/tr>\n<tr>\n<td>\n<p align=\"center\"><b>7<\/b><b><\/b><\/p>\n<\/td>\n<td>Energisa Mato Grosso do Sul Distribuidora de Energia &#8211; EMS<\/td>\n<td>\n<p align=\"center\">MS<\/p>\n<\/td>\n<td>\n<p align=\"center\">001\/1997<\/p>\n<\/td>\n<td>\n<p align=\"center\">04\/12\/2027<\/p>\n<\/td>\n<\/tr>\n<tr>\n<td>\n<p align=\"center\"><b>8<\/b><b><\/b><\/p>\n<\/td>\n<td>Energisa Mato Grosso Distribuidora de Energia &#8211; EMT<\/td>\n<td>\n<p align=\"center\">MT<\/p>\n<\/td>\n<td>\n<p align=\"center\">003\/1997<\/p>\n<\/td>\n<td>\n<p align=\"center\">11\/12\/2027<\/p>\n<\/td>\n<\/tr>\n<tr>\n<td>\n<p align=\"center\"><b>9<\/b><b><\/b><\/p>\n<\/td>\n<td>Energisa Sergipe Distribuidora de Energia &#8211; ESE<\/td>\n<td>\n<p align=\"center\">SE<\/p>\n<\/td>\n<td>\n<p align=\"center\">007\/1997<\/p>\n<\/td>\n<td>\n<p align=\"center\">23\/12\/2027<\/p>\n<\/td>\n<\/tr>\n<tr>\n<td>\n<p align=\"center\"><b>10<\/b><b><\/b><\/p>\n<\/td>\n<td>Companhia Energ\u00e9tica do Rio Grande do Norte &#8211; Cosern<\/td>\n<td>\n<p align=\"center\">RN<\/p>\n<\/td>\n<td>\n<p align=\"center\">008\/1997<\/p>\n<\/td>\n<td>\n<p align=\"center\">31\/12\/2027<\/p>\n<\/td>\n<\/tr>\n<tr>\n<td>\n<p align=\"center\"><b>11<\/b><b><\/b><\/p>\n<\/td>\n<td>Enel Distribui\u00e7\u00e3o Cear\u00e1 &#8211; Coelce<\/td>\n<td>\n<p align=\"center\">CE<\/p>\n<\/td>\n<td>\n<p align=\"center\">001\/1998<\/p>\n<\/td>\n<td>\n<p align=\"center\">13\/05\/2028<\/p>\n<\/td>\n<\/tr>\n<tr>\n<td>\n<p align=\"center\"><b>12<\/b><b><\/b><\/p>\n<\/td>\n<td>Enel Distribui\u00e7\u00e3o S\u00e3o Paulo &#8211; Eletropaulo<\/td>\n<td>\n<p align=\"center\">SP<\/p>\n<\/td>\n<td>\n<p align=\"center\">162\/1998<\/p>\n<\/td>\n<td>\n<p align=\"center\">15\/06\/2028<\/p>\n<\/td>\n<\/tr>\n<tr>\n<td>\n<p align=\"center\"><b>13<\/b><b><\/b><\/p>\n<\/td>\n<td>Equatorial Par\u00e1 Distribuidora de Energia<\/td>\n<td>\n<p align=\"center\">PA<\/p>\n<\/td>\n<td>\n<p align=\"center\">182\/1998<\/p>\n<\/td>\n<td>\n<p align=\"center\">18\/07\/2028<\/p>\n<\/td>\n<\/tr>\n<tr>\n<td>\n<p align=\"center\"><b>14<\/b><b><\/b><\/p>\n<\/td>\n<td>Elektro Redes S.A.<\/td>\n<td>\n<p align=\"center\">SP<\/p>\n<\/td>\n<td>\n<p align=\"center\">187\/1998<\/p>\n<\/td>\n<td>\n<p align=\"center\">27\/08\/2028<\/p>\n<\/td>\n<\/tr>\n<tr>\n<td>\n<p align=\"center\"><b>15<\/b><b><\/b><\/p>\n<\/td>\n<td>Companhia Piratininga de For\u00e7a e Luz &#8211; CPFL Piratininga<\/td>\n<td>\n<p align=\"center\">SP<\/p>\n<\/td>\n<td>\n<p align=\"center\">009\/2002<\/p>\n<\/td>\n<td>\n<p align=\"center\">23\/10\/2028<\/p>\n<\/td>\n<\/tr>\n<tr>\n<td>\n<p align=\"center\"><b>16<\/b><b><\/b><\/p>\n<\/td>\n<td>EDP S\u00e3o Paulo Distribui\u00e7\u00e3o de Energia<\/td>\n<td>\n<p align=\"center\">SP<\/p>\n<\/td>\n<td>\n<p align=\"center\">202\/1998<\/p>\n<\/td>\n<td>\n<p align=\"center\">23\/10\/2028<\/p>\n<\/td>\n<\/tr>\n<tr>\n<td>\n<p align=\"center\"><b>17<\/b><b><\/b><\/p>\n<\/td>\n<td>Companhia Energ\u00e9tica de Pernambuco \u2013 Neoenergia Pernambuco<\/td>\n<td>\n<p align=\"center\">PE<\/p>\n<\/td>\n<td>\n<p align=\"center\">026\/2000<\/p>\n<\/td>\n<td>\n<p align=\"center\">30\/03\/2030<\/p>\n<\/td>\n<\/tr>\n<tr>\n<td>\n<p align=\"center\"><b>18<\/b><b><\/b><\/p>\n<\/td>\n<td>Equatorial Maranh\u00e3o Distribuidora de Energia<\/td>\n<td>\n<p align=\"center\">MA<\/p>\n<\/td>\n<td>\n<p align=\"center\">060\/2000<\/p>\n<\/td>\n<td>\n<p align=\"center\">11\/08\/2030<\/p>\n<\/td>\n<\/tr>\n<tr>\n<td>\n<p align=\"center\"><b>19<\/b><b><\/b><\/p>\n<\/td>\n<td>Energisa Para\u00edba Distribuidora de Energia &#8211; EPB<\/td>\n<td>\n<p align=\"center\">PB<\/p>\n<\/td>\n<td>\n<p align=\"center\">019\/2001<\/p>\n<\/td>\n<td>\n<p align=\"center\">21\/03\/2031<\/p>\n<\/td>\n<\/tr>\n<\/tbody>\n<\/table>\n<\/div>\n<\/div>\n<\/div>\n<\/div>\n<p style=\"text-align: justify;\">\n","protected":false},"excerpt":{"rendered":"<p>Os interessados podem enviar contribui\u00e7\u00f5es no per\u00edodo de 16\/10 a 02\/12\/24 para o e-mail: cp027_2024@aneel.gov.br &nbsp; A\u00a0 Diretoria da Ag\u00eancia Nacional de Energia El\u00e9trica (ANEEL) decidiu nesta ter\u00e7a-feira (15\/10) pela aprova\u00e7\u00e3o de consulta p\u00fablica que tem o objetivo de discutir a minuta de Termo Aditivo ao Contrato de Concess\u00e3o para presta\u00e7\u00e3o do servi\u00e7o p\u00fablico de [&hellip;]<\/p>\n","protected":false},"author":1,"featured_media":24561,"comment_status":"open","ping_status":"open","sticky":false,"template":"","format":"standard","meta":{"_uag_custom_page_level_css":"","footnotes":""},"categories":[29],"tags":[725,21266,1569,26963,26721,7767],"class_list":["post-24560","post","type-post","status-publish","format-standard","has-post-thumbnail","hentry","category-energia","tag-aneel","tag-apagao-eletrico","tag-brasilia","tag-crise-setor-eletrico","tag-distribuidoras-de-energia","tag-mme"],"blocksy_meta":[],"spectra_blocks_featured_image_url":{"thumbnail":{"url":"https:\/\/construcaocivil.siriusmarketingedesign.com.br\/wp-content\/uploads\/2024\/10\/setor_eletrico-2-ozj8qrha2svnun8eottk1tcf6kcbjpqp5ban0ze93c-150x150.jpg","width":150,"height":150},"medium":{"url":"https:\/\/construcaocivil.siriusmarketingedesign.com.br\/wp-content\/uploads\/2024\/10\/setor_eletrico-2-ozj8qrha2svnun8eottk1tcf6kcbjpqp5ban0ze93c-300x132.jpg","width":300,"height":132},"medium_large":{"url":"https:\/\/construcaocivil.siriusmarketingedesign.com.br\/wp-content\/uploads\/2024\/10\/setor_eletrico-2-ozj8qrha2svnun8eottk1tcf6kcbjpqp5ban0ze93c-768x337.jpg","width":768,"height":337},"large":{"url":"https:\/\/construcaocivil.siriusmarketingedesign.com.br\/wp-content\/uploads\/2024\/10\/setor_eletrico-2-ozj8qrha2svnun8eottk1tcf6kcbjpqp5ban0ze93c-1024x449.jpg","width":1024,"height":449},"full":{"url":"https:\/\/construcaocivil.siriusmarketingedesign.com.br\/wp-content\/uploads\/2024\/10\/setor_eletrico-2-ozj8qrha2svnun8eottk1tcf6kcbjpqp5ban0ze93c.jpg","width":1140,"height":500}},"spectra_blocks_author_info":{"display_name":"Jornal da Constru\u00e7\u00e3o Civil","avatar_url":"https:\/\/secure.gravatar.com\/avatar\/973c9774fd44ddaceb026973c4962faa70fc512bc4c9da68e8ebb40fecee6540?s=96&d=mm&r=g","author_link":"https:\/\/construcaocivil.siriusmarketingedesign.com.br\/?author=1","description":"Desde de 2013, levando muitas informa\u00e7\u00f5es, lan\u00e7amentos e produtos de qualidade para toda cadeia produtiva da constru\u00e7\u00e3o. O Futuro da constru\u00e7\u00e3o passa por aqui,"},"uagb_featured_image_src":{"full":["https:\/\/construcaocivil.siriusmarketingedesign.com.br\/wp-content\/uploads\/2024\/10\/setor_eletrico-2-ozj8qrha2svnun8eottk1tcf6kcbjpqp5ban0ze93c.jpg",1140,500,false],"thumbnail":["https:\/\/construcaocivil.siriusmarketingedesign.com.br\/wp-content\/uploads\/2024\/10\/setor_eletrico-2-ozj8qrha2svnun8eottk1tcf6kcbjpqp5ban0ze93c-150x150.jpg",150,150,true],"medium":["https:\/\/construcaocivil.siriusmarketingedesign.com.br\/wp-content\/uploads\/2024\/10\/setor_eletrico-2-ozj8qrha2svnun8eottk1tcf6kcbjpqp5ban0ze93c-300x132.jpg",300,132,true],"medium_large":["https:\/\/construcaocivil.siriusmarketingedesign.com.br\/wp-content\/uploads\/2024\/10\/setor_eletrico-2-ozj8qrha2svnun8eottk1tcf6kcbjpqp5ban0ze93c-768x337.jpg",768,337,true],"large":["https:\/\/construcaocivil.siriusmarketingedesign.com.br\/wp-content\/uploads\/2024\/10\/setor_eletrico-2-ozj8qrha2svnun8eottk1tcf6kcbjpqp5ban0ze93c-1024x449.jpg",1024,449,true],"1536x1536":["https:\/\/construcaocivil.siriusmarketingedesign.com.br\/wp-content\/uploads\/2024\/10\/setor_eletrico-2-ozj8qrha2svnun8eottk1tcf6kcbjpqp5ban0ze93c.jpg",1140,500,false],"2048x2048":["https:\/\/construcaocivil.siriusmarketingedesign.com.br\/wp-content\/uploads\/2024\/10\/setor_eletrico-2-ozj8qrha2svnun8eottk1tcf6kcbjpqp5ban0ze93c.jpg",1140,500,false]},"uagb_author_info":{"display_name":"Jornal da Constru\u00e7\u00e3o Civil","author_link":"https:\/\/construcaocivil.siriusmarketingedesign.com.br\/?author=1"},"uagb_comment_info":0,"uagb_excerpt":"Os interessados podem enviar contribui\u00e7\u00f5es no per\u00edodo de 16\/10 a 02\/12\/24 para o e-mail: cp027_2024@aneel.gov.br &nbsp; A\u00a0 Diretoria da Ag\u00eancia Nacional de Energia El\u00e9trica (ANEEL) decidiu nesta ter\u00e7a-feira (15\/10) pela aprova\u00e7\u00e3o de consulta p\u00fablica que tem o objetivo de discutir a minuta de Termo Aditivo ao Contrato de Concess\u00e3o para presta\u00e7\u00e3o do servi\u00e7o p\u00fablico de&hellip;","_links":{"self":[{"href":"https:\/\/construcaocivil.siriusmarketingedesign.com.br\/index.php?rest_route=\/wp\/v2\/posts\/24560","targetHints":{"allow":["GET"]}}],"collection":[{"href":"https:\/\/construcaocivil.siriusmarketingedesign.com.br\/index.php?rest_route=\/wp\/v2\/posts"}],"about":[{"href":"https:\/\/construcaocivil.siriusmarketingedesign.com.br\/index.php?rest_route=\/wp\/v2\/types\/post"}],"author":[{"embeddable":true,"href":"https:\/\/construcaocivil.siriusmarketingedesign.com.br\/index.php?rest_route=\/wp\/v2\/users\/1"}],"replies":[{"embeddable":true,"href":"https:\/\/construcaocivil.siriusmarketingedesign.com.br\/index.php?rest_route=%2Fwp%2Fv2%2Fcomments&post=24560"}],"version-history":[{"count":0,"href":"https:\/\/construcaocivil.siriusmarketingedesign.com.br\/index.php?rest_route=\/wp\/v2\/posts\/24560\/revisions"}],"wp:featuredmedia":[{"embeddable":true,"href":"https:\/\/construcaocivil.siriusmarketingedesign.com.br\/index.php?rest_route=\/wp\/v2\/media\/24561"}],"wp:attachment":[{"href":"https:\/\/construcaocivil.siriusmarketingedesign.com.br\/index.php?rest_route=%2Fwp%2Fv2%2Fmedia&parent=24560"}],"wp:term":[{"taxonomy":"category","embeddable":true,"href":"https:\/\/construcaocivil.siriusmarketingedesign.com.br\/index.php?rest_route=%2Fwp%2Fv2%2Fcategories&post=24560"},{"taxonomy":"post_tag","embeddable":true,"href":"https:\/\/construcaocivil.siriusmarketingedesign.com.br\/index.php?rest_route=%2Fwp%2Fv2%2Ftags&post=24560"}],"curies":[{"name":"wp","href":"https:\/\/api.w.org\/{rel}","templated":true}]}}