{"id":24578,"date":"2024-10-20T17:56:02","date_gmt":"2024-10-20T20:56:02","guid":{"rendered":"https:\/\/www.jornaldaconstrucaocivil.com.br\/?p=24578"},"modified":"2024-10-20T17:56:02","modified_gmt":"2024-10-20T20:56:02","slug":"desenvolvimento-no-interior-der-rj-avanca-nas-obras-de-implantacao-de-rodovia-entre-casimiro-de-abreu-e-macae","status":"publish","type":"post","link":"https:\/\/construcaocivil.siriusmarketingedesign.com.br\/?p=24578","title":{"rendered":"Desenvolvimento no interior : DER-RJ avan\u00e7a nas obras de implanta\u00e7\u00e3o de rodovia entre Casimiro de Abreu e Maca\u00e9"},"content":{"rendered":"<div class=\"portal1 portal2397 portal2393\">\n<div class=\"portal1 portal2398 portal2394\">\n<p class=\"portal98 portal2396 portal100\" style=\"text-align: justify;\"><em><strong>Interven\u00e7\u00f5es na RJ-162 garantem mais seguran\u00e7a com novo tra\u00e7ado, beneficiando 300 mil pessoas na regi\u00e3o<\/strong><\/em><\/p>\n<\/div>\n<\/div>\n<div class=\"portal1 portal2404 portal2491\">\n<div class=\"portal1 portal2405 portal2492\">\n<p style=\"text-align: justify;\"><big>O Governo do Estado, por meio do Departamento de Estradas de Rodagem (DER-RJ), intensifica os trabalhos em duas obras na RJ-162, com implanta\u00e7\u00e3o de nove quil\u00f4metros de asfalto entre Casimiro de Abreu e Maca\u00e9. Com o investimento de R$69,7 milh\u00f5es, a obra garante mais seguran\u00e7a e melhora as condi\u00e7\u00f5es da via, especialmente em trechos sinuosos que ser\u00e3o ajustados com o novo tra\u00e7ado. Com previs\u00e3o de conclus\u00e3o no primeiro semestre de 2025, o projeto beneficiar\u00e1 mais de 300 mil moradores das duas cidades.<\/big><\/p>\n<p style=\"text-align: justify;\">\n<p style=\"text-align: justify;\"><big>As obras na RJ-162 incluem a pavimenta\u00e7\u00e3o do trecho, hoje de terra batida, com a reconfigura\u00e7\u00e3o de curvas acentuadas em pista \u00fanica, um novo sistema de drenagem e sinaliza\u00e7\u00e3o, tornando a rodovia mais segura para os motoristas e capaz de comportar o aumento do fluxo de ve\u00edculos at\u00e9 a Ponte do Bai\u00e3o, outra obra de constru\u00e7\u00e3o, tamb\u00e9m em curso. O presidente do DER-RJ, Pedro Ramos, ressalta que todas as etapas est\u00e3o sendo realizadas de acordo com as normas ambientais e com as licen\u00e7as necess\u00e1rias, garantindo o respeito \u00e0s \u00e1reas de prote\u00e7\u00e3o, como a reserva biol\u00f3gica localizada nas proximidades.<\/big><\/p>\n<p style=\"text-align: justify;\">\n<p style=\"text-align: justify;\"><big>\u2014 Nosso compromisso \u00e9 garantir uma rodovia mais segura e eficiente, que atenda \u00e0s necessidades da popula\u00e7\u00e3o, respeitando todas as diretrizes ambientais vigentes e assegurando que as obras aconte\u00e7am com o devido licenciamento \u2014 afirma Pedro.<\/big><\/p>\n<p style=\"text-align: justify;\">\n<p style=\"text-align: justify;\"><strong><big>Ponte do Bai\u00e3o: obra estrat\u00e9gica para a mobilidade e seguran\u00e7a<\/big><\/strong><\/p>\n<p style=\"text-align: justify;\">\n<p style=\"text-align: justify;\"><big>Paralelamente, o DER-RJ investe R$29 milh\u00f5es na constru\u00e7\u00e3o da Ponte do Bai\u00e3o, sobre o Rio Maca\u00e9. Com 12,8 metros de largura, 125 metros de comprimento e pista dupla, a ponte ser\u00e1 essencial para garantir a fluidez do tr\u00e1fego, melhorando a seguran\u00e7a dos motoristas. Sua estrutura, feita inteiramente de concreto armado, assegura uma durabilidade de mais de 100 anos, proporcionando uma solu\u00e7\u00e3o de longo prazo para a mobilidade local.<\/big><\/p>\n<p style=\"text-align: justify;\">\n<p style=\"text-align: justify;\"><big>O diretor de Obras e Conserva\u00e7\u00e3o do DER-RJ, Jos\u00e9 Milton Couto, explica que o projeto foi cuidadosamente planejado para garantir a seguran\u00e7a e a durabilidade da ponte ao longo dos anos.<\/big><\/p>\n<p style=\"text-align: justify;\">\n<p style=\"text-align: justify;\"><big>\u2013 A tecnologia empregada foi projetada para assegurar uma via robusta e confi\u00e1vel, com estrutura capaz de atender as demandas da regi\u00e3o por muitas d\u00e9cadas \u2013 afirma.<\/big><\/p>\n<p style=\"text-align: justify;\">\n<p style=\"text-align: justify;\"><big>Localizada na Bicuda Pequena, no distrito de Cachoeiras de Maca\u00e9, a ponte ser\u00e1 a principal via de acesso para os moradores da regi\u00e3o, conectando a \u00e1rea \u00e0 BR-101, uma rota estrat\u00e9gica para a log\u00edstica da regi\u00e3o. A obra \u00e9 um dos pilares das interven\u00e7\u00f5es realizadas na RJ-162, promovendo maior seguran\u00e7a vi\u00e1ria e melhorando o tr\u00e1fego na regi\u00e3o.<\/big><\/p>\n<p>Fonte: Gov.RJ<\/p>\n<\/div>\n<\/div>\n","protected":false},"excerpt":{"rendered":"<p>Interven\u00e7\u00f5es na RJ-162 garantem mais seguran\u00e7a com novo tra\u00e7ado, beneficiando 300 mil pessoas na regi\u00e3o O Governo do Estado, por meio do Departamento de Estradas de Rodagem (DER-RJ), intensifica os trabalhos em duas obras na RJ-162, com implanta\u00e7\u00e3o de nove quil\u00f4metros de asfalto entre Casimiro de Abreu e Maca\u00e9. Com o investimento de R$69,7 milh\u00f5es, [&hellip;]<\/p>\n","protected":false},"author":1,"featured_media":24579,"comment_status":"open","ping_status":"open","sticky":false,"template":"","format":"standard","meta":{"_uag_custom_page_level_css":"","footnotes":""},"categories":[31],"tags":[26970,3465,22460,7106,8360,26971],"class_list":["post-24578","post","type-post","status-publish","format-standard","has-post-thumbnail","hentry","category-infraestrutura","tag-casimiro-de-abreu","tag-der-rj","tag-gov-rj","tag-macae","tag-obras-de-pavimentacao","tag-rj-162"],"blocksy_meta":[],"spectra_blocks_featured_image_url":{"thumbnail":{"url":"https:\/\/construcaocivil.siriusmarketingedesign.com.br\/wp-content\/uploads\/2024\/10\/21f9b95607484423968e0e9632740da6-150x150.jpeg","width":150,"height":150},"medium":{"url":"https:\/\/construcaocivil.siriusmarketingedesign.com.br\/wp-content\/uploads\/2024\/10\/21f9b95607484423968e0e9632740da6-300x169.jpeg","width":300,"height":169},"medium_large":{"url":"https:\/\/construcaocivil.siriusmarketingedesign.com.br\/wp-content\/uploads\/2024\/10\/21f9b95607484423968e0e9632740da6-768x432.jpeg","width":768,"height":432},"large":{"url":"https:\/\/construcaocivil.siriusmarketingedesign.com.br\/wp-content\/uploads\/2024\/10\/21f9b95607484423968e0e9632740da6-1024x576.jpeg","width":1024,"height":576},"full":{"url":"https:\/\/construcaocivil.siriusmarketingedesign.com.br\/wp-content\/uploads\/2024\/10\/21f9b95607484423968e0e9632740da6.jpeg","width":1599,"height":899}},"spectra_blocks_author_info":{"display_name":"Jornal da Constru\u00e7\u00e3o Civil","avatar_url":"https:\/\/secure.gravatar.com\/avatar\/973c9774fd44ddaceb026973c4962faa70fc512bc4c9da68e8ebb40fecee6540?s=96&d=mm&r=g","author_link":"https:\/\/construcaocivil.siriusmarketingedesign.com.br\/?author=1","description":"Desde de 2013, levando muitas informa\u00e7\u00f5es, lan\u00e7amentos e produtos de qualidade para toda cadeia produtiva da constru\u00e7\u00e3o. O Futuro da constru\u00e7\u00e3o passa por aqui,"},"uagb_featured_image_src":{"full":["https:\/\/construcaocivil.siriusmarketingedesign.com.br\/wp-content\/uploads\/2024\/10\/21f9b95607484423968e0e9632740da6.jpeg",1599,899,false],"thumbnail":["https:\/\/construcaocivil.siriusmarketingedesign.com.br\/wp-content\/uploads\/2024\/10\/21f9b95607484423968e0e9632740da6-150x150.jpeg",150,150,true],"medium":["https:\/\/construcaocivil.siriusmarketingedesign.com.br\/wp-content\/uploads\/2024\/10\/21f9b95607484423968e0e9632740da6-300x169.jpeg",300,169,true],"medium_large":["https:\/\/construcaocivil.siriusmarketingedesign.com.br\/wp-content\/uploads\/2024\/10\/21f9b95607484423968e0e9632740da6-768x432.jpeg",768,432,true],"large":["https:\/\/construcaocivil.siriusmarketingedesign.com.br\/wp-content\/uploads\/2024\/10\/21f9b95607484423968e0e9632740da6-1024x576.jpeg",1024,576,true],"1536x1536":["https:\/\/construcaocivil.siriusmarketingedesign.com.br\/wp-content\/uploads\/2024\/10\/21f9b95607484423968e0e9632740da6-1536x864.jpeg",1536,864,true],"2048x2048":["https:\/\/construcaocivil.siriusmarketingedesign.com.br\/wp-content\/uploads\/2024\/10\/21f9b95607484423968e0e9632740da6.jpeg",1599,899,false]},"uagb_author_info":{"display_name":"Jornal da Constru\u00e7\u00e3o Civil","author_link":"https:\/\/construcaocivil.siriusmarketingedesign.com.br\/?author=1"},"uagb_comment_info":0,"uagb_excerpt":"Interven\u00e7\u00f5es na RJ-162 garantem mais seguran\u00e7a com novo tra\u00e7ado, beneficiando 300 mil pessoas na regi\u00e3o O Governo do Estado, por meio do Departamento de Estradas de Rodagem (DER-RJ), intensifica os trabalhos em duas obras na RJ-162, com implanta\u00e7\u00e3o de nove quil\u00f4metros de asfalto entre Casimiro de Abreu e Maca\u00e9. Com o investimento de R$69,7 milh\u00f5es,&hellip;","_links":{"self":[{"href":"https:\/\/construcaocivil.siriusmarketingedesign.com.br\/index.php?rest_route=\/wp\/v2\/posts\/24578","targetHints":{"allow":["GET"]}}],"collection":[{"href":"https:\/\/construcaocivil.siriusmarketingedesign.com.br\/index.php?rest_route=\/wp\/v2\/posts"}],"about":[{"href":"https:\/\/construcaocivil.siriusmarketingedesign.com.br\/index.php?rest_route=\/wp\/v2\/types\/post"}],"author":[{"embeddable":true,"href":"https:\/\/construcaocivil.siriusmarketingedesign.com.br\/index.php?rest_route=\/wp\/v2\/users\/1"}],"replies":[{"embeddable":true,"href":"https:\/\/construcaocivil.siriusmarketingedesign.com.br\/index.php?rest_route=%2Fwp%2Fv2%2Fcomments&post=24578"}],"version-history":[{"count":0,"href":"https:\/\/construcaocivil.siriusmarketingedesign.com.br\/index.php?rest_route=\/wp\/v2\/posts\/24578\/revisions"}],"wp:featuredmedia":[{"embeddable":true,"href":"https:\/\/construcaocivil.siriusmarketingedesign.com.br\/index.php?rest_route=\/wp\/v2\/media\/24579"}],"wp:attachment":[{"href":"https:\/\/construcaocivil.siriusmarketingedesign.com.br\/index.php?rest_route=%2Fwp%2Fv2%2Fmedia&parent=24578"}],"wp:term":[{"taxonomy":"category","embeddable":true,"href":"https:\/\/construcaocivil.siriusmarketingedesign.com.br\/index.php?rest_route=%2Fwp%2Fv2%2Fcategories&post=24578"},{"taxonomy":"post_tag","embeddable":true,"href":"https:\/\/construcaocivil.siriusmarketingedesign.com.br\/index.php?rest_route=%2Fwp%2Fv2%2Ftags&post=24578"}],"curies":[{"name":"wp","href":"https:\/\/api.w.org\/{rel}","templated":true}]}}