{"id":246,"date":"2015-10-20T19:04:44","date_gmt":"2015-10-20T19:04:44","guid":{"rendered":"http:\/\/www.jornaldaconstrucaocivil.com.br\/?p=246"},"modified":"2015-10-20T19:04:44","modified_gmt":"2015-10-20T19:04:44","slug":"semana-municipal-da-juventude-comeca-nesta-sexta","status":"publish","type":"post","link":"https:\/\/construcaocivil.siriusmarketingedesign.com.br\/?p=246","title":{"rendered":"Semana Municipal da Juventude come\u00e7a nesta sexta"},"content":{"rendered":"<p align=\"JUSTIFY\"><span style=\"color: #000000;\">A Prefeitura, atrav\u00e9s da Secretaria Municipal de Rela\u00e7\u00f5es Comunit\u00e1rias e Cidadania, inicia nesta sexta-feira, dia 23 de outubro, a Semana Municipal de Juventude. A programa\u00e7\u00e3o \u00e9 gratuita e segue at\u00e9 o dia 29. O evento tem como objetivo estimular os jovens da cidade que se destacam em diversas \u00e1reas, como poesia, m\u00fasica, esporte, al\u00e9m de ajudar na inser\u00e7\u00e3o no mercado de trabalho.<\/span><\/p>\n<p align=\"JUSTIFY\"><span style=\"color: #000000;\">A abertura ser\u00e1 na sexta-feira, \u00e0s 19 h, no audit\u00f3rio da AEDB (Associa\u00e7\u00e3o Educacional Dom Bosco), no bairro Morada da Colina. Trinta jovens que se destacaram por suas atua\u00e7\u00f5es em diversas \u00e1reas, como programas sociais, esportes, escola e igrejas, ser\u00e3o homenageados e receber\u00e3o certificados. O ProJovem far\u00e1 apresenta\u00e7\u00e3o de uma pe\u00e7a de teatro.<\/span><\/p>\n<p align=\"JUSTIFY\"><span style=\"color: #000000;\">No s\u00e1bado, dia 24, a partir das 9h, no Cal\u00e7ad\u00e3o do Campos El\u00edseos, vai acontecer a Feira de Profiss\u00f5es, com a participa\u00e7\u00e3o de diversas entidades como Universidade Est\u00e1cio de S\u00e1, Espa\u00e7o Saber, Sine, SESI\/SENAI, SENAC, IFRJ (Instituto Federal de Educa\u00e7\u00e3o, Ci\u00eancia e Tecnologia do Rio de Janeiro), Cederj (Centro de Educa\u00e7\u00e3o Superior a Dist\u00e2ncia do Estado do Rio de Janeiro), CVT (Centro Vocacional Tecnol\u00f3gico), CETEP (Centro de Educa\u00e7\u00e3o Tecnol\u00f3gica e Profissional) e CEJA (Centro de Educa\u00e7\u00e3o de Jovens e Adultos), entre outras, que oferecer\u00e3o oportunidades de capacita\u00e7\u00e3o e vagas de trabalho para os jovens.<\/span><\/p>\n<figure id=\"attachment_247\" aria-describedby=\"caption-attachment-247\" style=\"width: 300px\" class=\"wp-caption alignleft\"><a href=\"http:\/\/www.jornaldaconstrucaocivil.com.br\/wp-content\/uploads\/2015\/10\/Semana-da-Juventude-Foto-Marcio-Fabian-8.jpg\"><img loading=\"lazy\" decoding=\"async\" class=\"wp-image-247 size-medium\" src=\"http:\/\/www.jornaldaconstrucaocivil.com.br\/wp-content\/uploads\/2015\/10\/Semana-da-Juventude-Foto-Marcio-Fabian-8-300x199.jpg\" alt=\"Semana da Juventude Foto Marcio Fabian (8)\" width=\"300\" height=\"199\" \/><\/a><figcaption id=\"caption-attachment-247\" class=\"wp-caption-text\"><span style=\"color: #ff0000;\">Semana da Juventude, Prefeitura de Resende(RJ). Foto: Marcio Fabian<\/span><\/figcaption><\/figure>\n<p align=\"JUSTIFY\"><span style=\"color: #000000;\">Ainda no s\u00e1bado, a Confraria Bra\u00e7o Forte vai agitar o Parque das \u00c1guas, com a eliminat\u00f3ria da Batalha de MC&#8217;s, das 18h \u00e0s 21h.<\/span><\/p>\n<p align=\"JUSTIFY\"><span style=\"color: #000000;\">No domingo, a programa\u00e7\u00e3o come\u00e7a com um encontro esportivo da juventude, durante o Domingo no Parque, a partir das 9h, no Parque das \u00c1guas, com apresenta\u00e7\u00e3o de MMA com o professor S\u00edlvio Toledo, zumba, skate e slackline. Das 17h \u00e0s 21h, vai ter o Encontro Cultural da Juventude com diversas atividades como apresenta\u00e7\u00f5es teatrais do Grupo Juventude Alternativa e da Ordem Demoly, Bal\u00e9 e Street Dance do Grupo Dan\u00e7a e Magia, m\u00fasica com Banda Sagaz e Hell&#8217;s Band e declama\u00e7\u00e3o de poesias, tamb\u00e9m no Parque das \u00c1guas.<\/span><\/p>\n<p align=\"JUSTIFY\"><span style=\"color: #000000;\">J\u00e1 na segunda-feira, dia 26, das 18h \u00e0s 21h, no Campus Integrado de Resende, no Polo do Cederj, vai acontecer o Cine Debate com quest\u00f5es relacionadas ao Meio Ambiente e ao Turismo em Resende. O polo funciona no CIEP do Manejo, na Avenida Coronel Mendes.<\/span><\/p>\n<p align=\"JUSTIFY\"><span style=\"color: #000000;\">Na ter\u00e7a-feira, 27, o bate papo ser\u00e1 sobre Mercado de Trabalho, no IFRJ, das 16h \u00e0s 20h, com a diretora de Implanta\u00e7\u00e3o do Campus Avan\u00e7ado Resende do instituto, Aline Moraes Costa, e o professor Rafael Brasil. O IFRJ funciona no antigo GSSAN, no bairro Comercial.<\/span><\/p>\n<p align=\"JUSTIFY\"><span style=\"color: #000000;\">Para finalizar a Semana da Juventude, na quarta-feira, dia 28, das 18h \u00e0s 21h, o Cine Debate volta com temas ligados \u00e0 cidadania, como participa\u00e7\u00e3o social e \u00e9tica, no Campus Integrado de Resende (CIEP do Manejo).<\/span><\/p>\n<p align=\"JUSTIFY\"><span style=\"color: #000000;\">Para o secret\u00e1rio municipal de Rela\u00e7\u00f5es Comunit\u00e1rias e Cidadania, Ubiratan de Oliveira, o Birinha, eventos como esse t\u00eam como finalidade oferecer acesso a diversas informa\u00e7\u00f5es e tamb\u00e9m incentivar os jovens que desenvolvem alguma atividade, seja de lazer ou de cultura.<\/span><\/p>\n<p align=\"JUSTIFY\"><span style=\"color: #000000;\">&#8211; Resende possui 31 mil jovens na faixa et\u00e1ria entre 15 e 29 anos, dar visibilidade para eles \u00e9 muito importante, \u00e9 uma quest\u00e3o de cidadania &#8211;<\/span><\/p>\n","protected":false},"excerpt":{"rendered":"<p>A Prefeitura, atrav\u00e9s da Secretaria Municipal de Rela\u00e7\u00f5es Comunit\u00e1rias e Cidadania, inicia nesta sexta-feira, dia 23 de outubro, a Semana Municipal de Juventude. A programa\u00e7\u00e3o \u00e9 gratuita e segue at\u00e9 o dia 29. O evento tem como objetivo estimular os jovens da cidade que se destacam em diversas \u00e1reas, como poesia, m\u00fasica, esporte, al\u00e9m de [&hellip;]<\/p>\n","protected":false},"author":1,"featured_media":247,"comment_status":"open","ping_status":"open","sticky":false,"template":"","format":"standard","meta":{"_uag_custom_page_level_css":"","footnotes":""},"categories":[37],"tags":[2244,6608,10214,10828],"class_list":["post-246","post","type-post","status-publish","format-standard","has-post-thumbnail","hentry","category-sustentabilidade","tag-cidadania","tag-juventude","tag-resende","tag-semana"],"blocksy_meta":[],"spectra_blocks_featured_image_url":[],"spectra_blocks_author_info":{"display_name":"Jornal da Constru\u00e7\u00e3o Civil","avatar_url":"https:\/\/secure.gravatar.com\/avatar\/973c9774fd44ddaceb026973c4962faa70fc512bc4c9da68e8ebb40fecee6540?s=96&d=mm&r=g","author_link":"https:\/\/construcaocivil.siriusmarketingedesign.com.br\/?author=1","description":"Desde de 2013, levando muitas informa\u00e7\u00f5es, lan\u00e7amentos e produtos de qualidade para toda cadeia produtiva da constru\u00e7\u00e3o. O Futuro da constru\u00e7\u00e3o passa por aqui,"},"uagb_featured_image_src":{"full":false,"thumbnail":false,"medium":false,"medium_large":false,"large":false,"1536x1536":false,"2048x2048":false},"uagb_author_info":{"display_name":"Jornal da Constru\u00e7\u00e3o Civil","author_link":"https:\/\/construcaocivil.siriusmarketingedesign.com.br\/?author=1"},"uagb_comment_info":0,"uagb_excerpt":"A Prefeitura, atrav\u00e9s da Secretaria Municipal de Rela\u00e7\u00f5es Comunit\u00e1rias e Cidadania, inicia nesta sexta-feira, dia 23 de outubro, a Semana Municipal de Juventude. A programa\u00e7\u00e3o \u00e9 gratuita e segue at\u00e9 o dia 29. O evento tem como objetivo estimular os jovens da cidade que se destacam em diversas \u00e1reas, como poesia, m\u00fasica, esporte, al\u00e9m de&hellip;","_links":{"self":[{"href":"https:\/\/construcaocivil.siriusmarketingedesign.com.br\/index.php?rest_route=\/wp\/v2\/posts\/246","targetHints":{"allow":["GET"]}}],"collection":[{"href":"https:\/\/construcaocivil.siriusmarketingedesign.com.br\/index.php?rest_route=\/wp\/v2\/posts"}],"about":[{"href":"https:\/\/construcaocivil.siriusmarketingedesign.com.br\/index.php?rest_route=\/wp\/v2\/types\/post"}],"author":[{"embeddable":true,"href":"https:\/\/construcaocivil.siriusmarketingedesign.com.br\/index.php?rest_route=\/wp\/v2\/users\/1"}],"replies":[{"embeddable":true,"href":"https:\/\/construcaocivil.siriusmarketingedesign.com.br\/index.php?rest_route=%2Fwp%2Fv2%2Fcomments&post=246"}],"version-history":[{"count":0,"href":"https:\/\/construcaocivil.siriusmarketingedesign.com.br\/index.php?rest_route=\/wp\/v2\/posts\/246\/revisions"}],"wp:attachment":[{"href":"https:\/\/construcaocivil.siriusmarketingedesign.com.br\/index.php?rest_route=%2Fwp%2Fv2%2Fmedia&parent=246"}],"wp:term":[{"taxonomy":"category","embeddable":true,"href":"https:\/\/construcaocivil.siriusmarketingedesign.com.br\/index.php?rest_route=%2Fwp%2Fv2%2Fcategories&post=246"},{"taxonomy":"post_tag","embeddable":true,"href":"https:\/\/construcaocivil.siriusmarketingedesign.com.br\/index.php?rest_route=%2Fwp%2Fv2%2Ftags&post=246"}],"curies":[{"name":"wp","href":"https:\/\/api.w.org\/{rel}","templated":true}]}}