{"id":24613,"date":"2024-10-29T12:17:49","date_gmt":"2024-10-29T15:17:49","guid":{"rendered":"https:\/\/www.jornaldaconstrucaocivil.com.br\/?p=24613"},"modified":"2024-10-29T12:17:49","modified_gmt":"2024-10-29T15:17:49","slug":"investimento-do-minha-casa-minha-vida-busca-realizar-o-sonho-da-casa-propria-de-mais-de-7-mil-brasileiros","status":"publish","type":"post","link":"https:\/\/construcaocivil.siriusmarketingedesign.com.br\/?p=24613","title":{"rendered":"Investimento do Minha Casa, Minha Vida busca realizar o sonho da casa pr\u00f3pria de mais de 7 mil brasileiros"},"content":{"rendered":"<p style=\"text-align: justify;\"><i>Bras\u00edlia (DF)<\/i>\u00a0&#8211; Em portaria publicada na vers\u00e3o desta segunda-feira (21) do Di\u00e1rio Oficial da Uni\u00e3o, o Minist\u00e9rio das Cidades autorizou a contrata\u00e7\u00e3o de propostas para a constru\u00e7\u00e3o de 1.949 novas moradias pelo Minha Casa, Minha Vida. A expectativa \u00e9 de que o investimento de R$ 309,1 milh\u00f5es atenda mais de 7 mil brasileiros que sonham com a casa pr\u00f3pria. Os recursos s\u00e3o do Fundo de Arrendamento Residencial.\n<\/p>\n<p style=\"text-align: justify;\">A popula\u00e7\u00e3o de 12 munic\u00edpios, de nove estados brasileiros, ser\u00e1 atendida pelo Minist\u00e9rio das Cidades. Na regi\u00e3o Centro-Oeste, ser\u00e3o constru\u00eddas 56 novas unidades habitacionais em Corumb\u00e1, no Mato Grosso do Sul.\n<\/p>\n<p style=\"text-align: justify;\">J\u00e1 na regi\u00e3o Norte, a capital do Par\u00e1, Bel\u00e9m, contar\u00e1 com 128 novos lares. No Nordeste, ser\u00e3o constru\u00eddas novas 410 resid\u00eancias na Bahia, 296 na Para\u00edba, 176 em Alagoas e 96 no Piau\u00ed.\n<\/p>\n<p style=\"text-align: justify;\">Para o Sudeste ser\u00e3o destinadas 556 moradias para Nova Igua\u00e7u, no estado do Rio de Janeiro, e 148 para os munic\u00edpios de Nova Lima e Patos de Minas, em Minas Gerais. Na regi\u00e3o Sul, a cidade de Santo Ant\u00f4nio do Sudoeste, no Paran\u00e1, receber\u00e1 novas 83 unidades habitacionais.\n<\/p>\n<p style=\"text-align: justify;\">De acordo com a Portaria MCid N\u00ba 725 (<a href=\"https:\/\/www.gov.br\/cidades\/pt-br\/acesso-a-informacao\/acoes-e-programas\/habitacao\/arquivos-1\/20240405_Portaria_MCID_725_Especificacoes_MCMV_FAReFDS_COMPILADA.pdf\" target=\"_blank\" rel=\"noopener noreferrer\">Link<\/a>), de junho de 2023, todas as casas e apartamentos a serem constru\u00eddos estar\u00e3o localizados em \u00e1reas urbanas consolidadas ou em expans\u00e3o, e ter\u00e3o acesso \u00e0 rede el\u00e9trica, saneamento, educa\u00e7\u00e3o, sa\u00fade, com\u00e9rcios e transporte p\u00fablico coletivo. As casas t\u00e9rreas devem ter no m\u00ednimo 40,00 m\u00b2, e apartamentos \/ casas sobrepostas 41,50 m\u00b2 (\u00e1rea \u00fatil com varanda), sendo 40m\u00b2 de \u00e1rea principal da resid\u00eancia.\n<\/p>\n<p style=\"text-align: justify;\"><strong>Confira a lista de cidades contempladas com o investimento do Minist\u00e9rio das Cidades:<\/strong>\n<\/p>\n<p style=\"text-align: justify;\"><strong>Mato Grosso do Sul<\/strong><\/p>\n<p style=\"text-align: justify;\">Corumb\u00e1 &#8211; 56 unidades habitacionais (UH&#8217;s) &#8211; Residencial dos Ip\u00eas II<\/p>\n<p style=\"text-align: justify;\">\n<p style=\"text-align: justify;\"><strong>Par\u00e1<\/strong><\/p>\n<p style=\"text-align: justify;\">Bel\u00e9m &#8211; 128 UH&#8217;s &#8211; Residencial Torres do Tapan\u00e3 M\u00f3dulo 2<\/p>\n<p style=\"text-align: justify;\">\n<p style=\"text-align: justify;\"><strong>Alagoas<\/strong><\/p>\n<p style=\"text-align: justify;\">Macei\u00f3 &#8211; 176 UH&#8217;s &#8211; Residencial Antares<\/p>\n<p style=\"text-align: justify;\">\n<p style=\"text-align: justify;\"><strong>Bahia<\/strong><\/p>\n<p style=\"text-align: justify;\">Caetit\u00e9 &#8211; 100 UH&#8217;s &#8211; Condom\u00ednio S\u00e3o Luiz<\/p>\n<p style=\"text-align: justify;\">Euclides da Cunha &#8211; 150 UH&#8217;s &#8211; Residencial Amaz\u00f4nia<\/p>\n<p style=\"text-align: justify;\">Vit\u00f3ria da Conquista &#8211; 160 UH&#8217;s &#8211; Residencial Novo Campo\n<\/p>\n<p style=\"text-align: justify;\"><strong>Para\u00edba<\/strong><\/p>\n<p style=\"text-align: justify;\">Sousa &#8211; 296 UH&#8217;s &#8211; Residencial Jos\u00e9 Tarc\u00edsio Pereira Rodrigues I e Residencial Jos\u00e9 Tarc\u00edsio Pereira Rodrigues II<\/p>\n<p style=\"text-align: justify;\">\n<p style=\"text-align: justify;\"><strong>Piau\u00ed<\/strong><\/p>\n<p style=\"text-align: justify;\">Barras &#8211; 96 UH&#8217;s &#8211; RV Barras 2<\/p>\n<p style=\"text-align: justify;\">\n<p style=\"text-align: justify;\"><strong>Minas Gerais<\/strong><\/p>\n<p style=\"text-align: justify;\">Nova Lima &#8211; 80 UH&#8217;s &#8211; Residencial Santa Rita<\/p>\n<p style=\"text-align: justify;\">Patos de Minas &#8211; 68 UH&#8217;s &#8211; Jardim Esperan\u00e7a<\/p>\n<p style=\"text-align: justify;\">\n<p style=\"text-align: justify;\"><strong>Rio de Janeiro<\/strong><\/p>\n<p style=\"text-align: justify;\">Nova Igua\u00e7u &#8211; 556 UH&#8217;s &#8211; CAC Nova Igua\u00e7u 01, CAC Nova Igua\u00e7u 03 e CAC Nova Igua\u00e7u 04<\/p>\n<p style=\"text-align: justify;\">\n<p style=\"text-align: justify;\"><strong>Paran\u00e1<\/strong><\/p>\n<p style=\"text-align: justify;\">Santo Ant\u00f4nio do Sudoeste &#8211; 83 UH&#8217;s &#8211; Parque das Imbauvas<\/p>\n<p style=\"text-align: justify;\">\nPara mais informa\u00e7\u00f5es, acesse a Portaria MCid N\u00ba 1.182 na \u00edntegra pelo link(<a href=\"https:\/\/www.in.gov.br\/en\/web\/dou\/-\/portaria-mcid-n-1.182-de-17-de-outubro-de-2024-591387418\" target=\"_blank\" rel=\"noopener noreferrer\">Link<\/a>).<\/p>\n","protected":false},"excerpt":{"rendered":"<p>Bras\u00edlia (DF)\u00a0&#8211; Em portaria publicada na vers\u00e3o desta segunda-feira (21) do Di\u00e1rio Oficial da Uni\u00e3o, o Minist\u00e9rio das Cidades autorizou a contrata\u00e7\u00e3o de propostas para a constru\u00e7\u00e3o de 1.949 novas moradias pelo Minha Casa, Minha Vida. A expectativa \u00e9 de que o investimento de R$ 309,1 milh\u00f5es atenda mais de 7 mil brasileiros que sonham [&hellip;]<\/p>\n","protected":false},"author":1,"featured_media":24614,"comment_status":"open","ping_status":"open","sticky":false,"template":"","format":"standard","meta":{"_uag_custom_page_level_css":"","footnotes":""},"categories":[30],"tags":[1949,2826,7692,7713],"class_list":["post-24613","post","type-post","status-publish","format-standard","has-post-thumbnail","hentry","category-imoveis","tag-casa-propria","tag-construcao-civil","tag-minha-casa-minha-vida","tag-ministerio-das-cidades"],"blocksy_meta":[],"spectra_blocks_featured_image_url":{"thumbnail":{"url":"https:\/\/construcaocivil.siriusmarketingedesign.com.br\/wp-content\/uploads\/2024\/10\/handler-5-150x150.png","width":150,"height":150},"medium":{"url":"https:\/\/construcaocivil.siriusmarketingedesign.com.br\/wp-content\/uploads\/2024\/10\/handler-5-300x137.png","width":300,"height":137},"medium_large":{"url":"https:\/\/construcaocivil.siriusmarketingedesign.com.br\/wp-content\/uploads\/2024\/10\/handler-5-768x351.png","width":768,"height":351},"large":{"url":"https:\/\/construcaocivil.siriusmarketingedesign.com.br\/wp-content\/uploads\/2024\/10\/handler-5.png","width":961,"height":439},"full":{"url":"https:\/\/construcaocivil.siriusmarketingedesign.com.br\/wp-content\/uploads\/2024\/10\/handler-5.png","width":961,"height":439}},"spectra_blocks_author_info":{"display_name":"Jornal da Constru\u00e7\u00e3o Civil","avatar_url":"https:\/\/secure.gravatar.com\/avatar\/973c9774fd44ddaceb026973c4962faa70fc512bc4c9da68e8ebb40fecee6540?s=96&d=mm&r=g","author_link":"https:\/\/construcaocivil.siriusmarketingedesign.com.br\/?author=1","description":"Desde de 2013, levando muitas informa\u00e7\u00f5es, lan\u00e7amentos e produtos de qualidade para toda cadeia produtiva da constru\u00e7\u00e3o. O Futuro da constru\u00e7\u00e3o passa por aqui,"},"uagb_featured_image_src":{"full":["https:\/\/construcaocivil.siriusmarketingedesign.com.br\/wp-content\/uploads\/2024\/10\/handler-5.png",961,439,false],"thumbnail":["https:\/\/construcaocivil.siriusmarketingedesign.com.br\/wp-content\/uploads\/2024\/10\/handler-5-150x150.png",150,150,true],"medium":["https:\/\/construcaocivil.siriusmarketingedesign.com.br\/wp-content\/uploads\/2024\/10\/handler-5-300x137.png",300,137,true],"medium_large":["https:\/\/construcaocivil.siriusmarketingedesign.com.br\/wp-content\/uploads\/2024\/10\/handler-5-768x351.png",768,351,true],"large":["https:\/\/construcaocivil.siriusmarketingedesign.com.br\/wp-content\/uploads\/2024\/10\/handler-5.png",961,439,false],"1536x1536":["https:\/\/construcaocivil.siriusmarketingedesign.com.br\/wp-content\/uploads\/2024\/10\/handler-5.png",961,439,false],"2048x2048":["https:\/\/construcaocivil.siriusmarketingedesign.com.br\/wp-content\/uploads\/2024\/10\/handler-5.png",961,439,false]},"uagb_author_info":{"display_name":"Jornal da Constru\u00e7\u00e3o Civil","author_link":"https:\/\/construcaocivil.siriusmarketingedesign.com.br\/?author=1"},"uagb_comment_info":0,"uagb_excerpt":"Bras\u00edlia (DF)\u00a0&#8211; Em portaria publicada na vers\u00e3o desta segunda-feira (21) do Di\u00e1rio Oficial da Uni\u00e3o, o Minist\u00e9rio das Cidades autorizou a contrata\u00e7\u00e3o de propostas para a constru\u00e7\u00e3o de 1.949 novas moradias pelo Minha Casa, Minha Vida. A expectativa \u00e9 de que o investimento de R$ 309,1 milh\u00f5es atenda mais de 7 mil brasileiros que sonham&hellip;","_links":{"self":[{"href":"https:\/\/construcaocivil.siriusmarketingedesign.com.br\/index.php?rest_route=\/wp\/v2\/posts\/24613","targetHints":{"allow":["GET"]}}],"collection":[{"href":"https:\/\/construcaocivil.siriusmarketingedesign.com.br\/index.php?rest_route=\/wp\/v2\/posts"}],"about":[{"href":"https:\/\/construcaocivil.siriusmarketingedesign.com.br\/index.php?rest_route=\/wp\/v2\/types\/post"}],"author":[{"embeddable":true,"href":"https:\/\/construcaocivil.siriusmarketingedesign.com.br\/index.php?rest_route=\/wp\/v2\/users\/1"}],"replies":[{"embeddable":true,"href":"https:\/\/construcaocivil.siriusmarketingedesign.com.br\/index.php?rest_route=%2Fwp%2Fv2%2Fcomments&post=24613"}],"version-history":[{"count":0,"href":"https:\/\/construcaocivil.siriusmarketingedesign.com.br\/index.php?rest_route=\/wp\/v2\/posts\/24613\/revisions"}],"wp:featuredmedia":[{"embeddable":true,"href":"https:\/\/construcaocivil.siriusmarketingedesign.com.br\/index.php?rest_route=\/wp\/v2\/media\/24614"}],"wp:attachment":[{"href":"https:\/\/construcaocivil.siriusmarketingedesign.com.br\/index.php?rest_route=%2Fwp%2Fv2%2Fmedia&parent=24613"}],"wp:term":[{"taxonomy":"category","embeddable":true,"href":"https:\/\/construcaocivil.siriusmarketingedesign.com.br\/index.php?rest_route=%2Fwp%2Fv2%2Fcategories&post=24613"},{"taxonomy":"post_tag","embeddable":true,"href":"https:\/\/construcaocivil.siriusmarketingedesign.com.br\/index.php?rest_route=%2Fwp%2Fv2%2Ftags&post=24613"}],"curies":[{"name":"wp","href":"https:\/\/api.w.org\/{rel}","templated":true}]}}