{"id":2463,"date":"2016-07-06T16:42:09","date_gmt":"2016-07-06T16:42:09","guid":{"rendered":"http:\/\/www.jornaldaconstrucaocivil.com.br\/?p=2463"},"modified":"2016-07-06T16:42:09","modified_gmt":"2016-07-06T16:42:09","slug":"15a-expolux-encerra-com-perspectivas-de-negocios-que-superaram-as-expectativas-do-setor","status":"publish","type":"post","link":"https:\/\/construcaocivil.siriusmarketingedesign.com.br\/?p=2463","title":{"rendered":"15\u00aa EXPOLUX encerra com perspectivas de neg\u00f3cios que  superaram as expectativas do setor"},"content":{"rendered":"<p><strong><span style=\"color: #000080;\"><em>Os resultados de neg\u00f3cios gerados durante a Expolux ser\u00e3o fundamentais para a retomada do crescimento do setor no segundo semestre de 2016.<\/em><\/span><\/strong><\/p>\n<figure id=\"attachment_2464\" aria-describedby=\"caption-attachment-2464\" style=\"width: 300px\" class=\"wp-caption alignleft\"><a href=\"http:\/\/www.jornaldaconstrucaocivil.com.br\/wp-content\/uploads\/2016\/07\/Expolux2016-BALAN\u00c7O.jpg\"><img loading=\"lazy\" decoding=\"async\" class=\"wp-image-2464 size-medium\" src=\"http:\/\/www.jornaldaconstrucaocivil.com.br\/wp-content\/uploads\/2016\/07\/Expolux2016-BALAN\u00c7O-300x107.jpg\" alt=\"Expolux2016 BALAN\u00c7O\" width=\"300\" height=\"107\" \/><\/a><figcaption id=\"caption-attachment-2464\" class=\"wp-caption-text\"><span style=\"color: #993300;\">Expolux 2016.<\/span><\/figcaption><\/figure>\n<p><span style=\"color: #000000;\"><em><span style=\"color: #800080;\">S\u00e3o Paulo, 05\/07\/2016<\/span> \u2013 <span style=\"color: #000000;\">A maior feira internacional da ind\u00fastria de ilumina\u00e7\u00e3o da Am\u00e9rica Latina, a Expolux, encerrou a sua 15\u00aa edi\u00e7\u00e3o, s\u00e1bado (02\/07\/2016), em S\u00e3o Paulo (SP), com a consolida\u00e7\u00e3o da tecnologia LED, perspectivas de neg\u00f3cios que contribuir\u00e3o para a retomada do crescimento do setor e a presen\u00e7a de uma audi\u00eancia qualificada.<\/span><\/em><\/span><\/p>\n<p><span style=\"color: #000000;\"><em>\u00a0<\/em><em>De acordo com o diretor do evento, Alexandre Brown, a Expolux se mostrou um excelente term\u00f4metro para o setor que vinha trabalhando com uma queda de 7% nas suas vendas para 2016 quando comparado com 2015. \u201cAs perspectivas p\u00f3s-Expolux levaram a Abilux a rever estes n\u00fameros para cima. Tudo indica que a recupera\u00e7\u00e3o dos neg\u00f3cios no segundo semestre permitir\u00e1 ao segmento repetir o desempenho alcan\u00e7ado em 2015, quando faturou R$ 3.9 bilh\u00f5es\u201d, lembra o executivo.<\/em><\/span><\/p>\n<p><span style=\"color: #000000;\"><em>\u00a0<\/em><em>Al\u00e9m da satisfa\u00e7\u00e3o externada pelos 380 expositores em rela\u00e7\u00e3o aos resultados de neg\u00f3cios iniciados durante a Feira, um indicativo da revers\u00e3o deste quadro foram os resultados obtidos nas rodadas de neg\u00f3cios realizadas no segundo dia da Expolux (29\/06). \u201cCom a participa\u00e7\u00e3o de 14 expositores, 36 compradores e 84 reuni\u00f5es, os encontros geraram neg\u00f3cios declarados pelos compradores da ordem de R$ 9 milh\u00f5es\u201d, informa Brown. <\/em><\/span><\/p>\n<figure id=\"attachment_2465\" aria-describedby=\"caption-attachment-2465\" style=\"width: 300px\" class=\"wp-caption alignright\"><a href=\"http:\/\/www.jornaldaconstrucaocivil.com.br\/wp-content\/uploads\/2016\/07\/ArenadoConhecimentoSimpolux_Expolux2016.jpg\"><img loading=\"lazy\" decoding=\"async\" class=\"wp-image-2465 size-medium\" src=\"http:\/\/www.jornaldaconstrucaocivil.com.br\/wp-content\/uploads\/2016\/07\/ArenadoConhecimentoSimpolux_Expolux2016-300x200.jpg\" alt=\"ArenadoConhecimentoSimpolux_Expolux2016\" width=\"300\" height=\"200\" \/><\/a><figcaption id=\"caption-attachment-2465\" class=\"wp-caption-text\"><span style=\"color: #ff0000;\">Arena do Conhecimento Simpolux. <span style=\"color: #0000ff;\">Cr\u00e9ditos: Divulga\u00e7\u00e3o Expolux 2016<\/span><\/span><\/figcaption><\/figure>\n<p><span style=\"color: #000000;\"><em>\u00a0<\/em><em>As mais de 600 novidades lan\u00e7adas durante a Expolux, agregadas \u00e0 realiza\u00e7\u00e3o de eventos paralelos como as Arenas do Conhecimento Simpolux Decor e TEC, que promoveram 45 palestras com a presen\u00e7a de 1.740 participantes e o Espa\u00e7o Design, uma \u00e1rea de 1.161 metros quadrados com 13 ambientes assinados por arquitetos e designers de interiores dedicados integralmente \u00e0 apresenta\u00e7\u00e3o de produtos de ilumina\u00e7\u00e3o que se destacam pelo design, tecnologia e sustentabilidade, contribu\u00edram para que a edi\u00e7\u00e3o de 2016 da Expolux registrasse o seu maior n\u00famero de visitantes. <\/em><\/span><\/p>\n<p><span style=\"color: #000000;\"><em>\u00a0<\/em><em>Segundo o gerente da Expolux, Ivan Rom\u00e3o foram contabilizados 22.320 visitantes do Brasil e do exterior. \u201cRegistramos aumento de 5,26% em rela\u00e7\u00e3o \u00e0 edi\u00e7\u00e3o anterior com uma audi\u00eancia qualificada que incluiu arquitetos, designers de interiores, construtores, engenheiros e lojistas. <\/em><\/span><\/p>\n<p><span style=\"color: #000000;\"><em>\u00a0<\/em><em>Refer\u00eancia em tecnologia e design em ilumina\u00e7\u00e3o, a Expolux 2016 proporcionou aos visitantes a oportunidade de conhecer em primeir\u00edssima m\u00e3o produtos que se destacam pela efici\u00eancia de tecnologias como a LED, atualmente com vida mais longa e com alta qualidade na reprodu\u00e7\u00e3o das cores naturais. Lumin\u00e1rias com designs de formas inusitadas em fun\u00e7\u00e3o da aplica\u00e7\u00e3o de novos materiais e da criatividade dos designers contempor\u00e2neos e controladores de luz com maior rendimento para a automa\u00e7\u00e3o das \u00e1reas internas de resid\u00eancias e edif\u00edcios, bem como nas vias p\u00fablicas integradas \u00e0 mobilidade e a seguran\u00e7a tamb\u00e9m foram destaque.<\/em><\/span><\/p>\n<p><strong><span style=\"color: #0000ff;\"><em>\u00a0<\/em><em>A avalia\u00e7\u00e3o dos expositores e visitantes internacionais<\/em><\/span><\/strong><\/p>\n<p><strong><span style=\"color: #000000;\"><em>\u00a0<\/em><em>Aureon<\/em><\/span><\/strong><\/p>\n<p><span style=\"color: #000000;\"><em>\u201cN\u00e3o est\u00e1vamos esperando receber um grande p\u00fablico na Expolux por conta do cen\u00e1rio econ\u00f4mico do pa\u00eds no momento. No entretanto, os contatos realizados foram \u00f3timos e, com certeza, ir\u00e3o se transformar em contratos\/vendas futuras. Estamos satisfeitos e o saldo j\u00e1 \u00e9 positivo para Aureon. \u201d Joice Carvalho \u2013 Marketing<\/em><\/span><\/p>\n<p><strong><span style=\"color: #000000;\"><em>\u00a0<\/em><em>Intral <\/em><\/span><\/strong><\/p>\n<p><span style=\"color: #000000;\"><em>\u201cViemos para Expolux com tr\u00eas lan\u00e7amentos e com expectativa baixa, mas estamos surpresos com o movimento que, em compara\u00e7\u00e3o \u00e0s outras edi\u00e7\u00f5es, est\u00e1 sendo menor para a Intral, mas n\u00e3o deixou de ser proveitoso. Cerca de 80% dos contatos realizados aqui ser\u00e3o transformados em neg\u00f3cios futuros. \u201d Sandro Neves \u2013 Coordenador de Marketing<\/em><\/span><\/p>\n<p><strong><span style=\"color: #000000;\"><em>\u00a0<\/em><em>Carambola<\/em><\/span><\/strong><\/p>\n<p><span style=\"color: #000000;\"><em>\u00a0\u201cDentro do segmento infantojuvenil, a Carambola \u00e9 destaque dentro da Expolux. Al\u00e9m de satisfeita com as vendas realizadas, estou convicta que os contatos realizados com clientes, lojistas\/fornecedores t\u00eam 70% de chances de se transformar em parceria. Participei de todas as edi\u00e7\u00f5es da feira e j\u00e1 garanti a minha presen\u00e7a na pr\u00f3xima. \u201d Crisitiane Ziliotto \u2013 Empres\u00e1ria<\/em><\/span><\/p>\n<p><strong><span style=\"color: #000000;\"><em>\u00a0<\/em><em>NewLine Ilumina\u00e7\u00e3o <\/em><\/span><\/strong><\/p>\n<p><span style=\"color: #000000;\"><em>\u00a0\u201cNosso estande est\u00e1 cheio desde o primeiro dia e estamos satisfeitos. Al\u00e9m de superar a meta de vendas, pois viemos com condi\u00e7\u00f5es especiais para feira, estamos apresentando nossos produtos para clientes com o perfil que queremos atingir, como decoradores, arquitetos e lojistas, e por este motivo \u00e9 que a Expolux \u00e9 a \u00fanica feira que participamos.\u00a0 Estamos surpresos com o movimento, j\u00e1 que o cen\u00e1rio econ\u00f4mico do pa\u00eds n\u00e3o est\u00e1 favor\u00e1vel. Chegamos inseguros pelo alto investimento que fizemos e estamos saindo satisfeitos. \u201d Marcelo Mizuno \u2013 Gerente de Marketing <\/em><\/span><\/p>\n<p><strong><span style=\"color: #000000;\"><em>\u00a0<\/em><em>M\u00e1ximo LEDs<\/em><\/span><\/strong><\/p>\n<p><span style=\"color: #000000;\"><em>\u201cA repercuss\u00e3o da Expolux 2016 foi excelente e superou as expectativas.\u00a0 No estande, lojistas de todo o Brasil fizeram fila para conhecer as novidades. Temos uma linha de produtos bastante diferenciada e arrojada, que privilegia a qualidade e o design. Acredito que o movimento p\u00f3s-feira dobre o nosso volume de neg\u00f3cios\u201d, conta o empres\u00e1rio que viaja constantemente para a Europa e \u00c1sia para conhecer as tend\u00eancias do setor de ilumina\u00e7\u00e3o\u201d. Rog\u00e9rio M\u00e1ximo &#8211;\u00a0 Diretor<\/em><\/span><\/p>\n<p><strong><span style=\"color: #000000;\"><em>\u00a0<\/em><em>Brilia<\/em><\/span><\/strong><\/p>\n<p><span style=\"color: #000000;\"><em>\u201cParticipar da Expolux, mais que uma grande oportunidade de neg\u00f3cios, \u00e9 a melhor forma de mostrarmos o poder transformador da luz por meio de nosso portf\u00f3lio. Especialmente nesta edi\u00e7\u00e3o, apresentamos uma tecnologia inteligente, capaz de criar novas possibilidades e tornar a vida das pessoas mais f\u00e1cil e intuitiva. Queremos que nossos consumidores e clientes em potencial conhe\u00e7am os benef\u00edcios do LED e tenham contato com o que h\u00e1 de mais inovador no mercado de ilumina\u00e7\u00e3o\u201d. Vinicius Marchini \u2013 co-fundador da Brilia<\/em><\/span><\/p>\n<p><span style=\"color: #000000;\"><strong><em>\u00a0<\/em><em>Visitantes internacionais<\/em><\/strong><\/span><\/p>\n<p><span style=\"color: #000000;\"><em>Ouvidos, visitantes internacionais que vieram da Col\u00f4mbia, Costa Rica, Chile, Bol\u00edvia, Paraguai e Peru para participar de rodadas de neg\u00f3cios com as ind\u00fastrias expositoras associadas ao programa Lux Brasil, informaram que pretendem retornar nas pr\u00f3ximas edi\u00e7\u00f5es da Expolux e manifestaram total interesse em certificar e representar os produtos brasileiros em seus pa\u00edses. Foi registrado um alto \u00edndice de satisfa\u00e7\u00e3o por parte dos visitantes. 80% conceituaram como \u00f3tima ou boa a visita \u00e0 Expolux.<\/em><\/span><\/p>\n<p>Fonte: Assessoria de Imprensa Expolux 2016<\/p>\n","protected":false},"excerpt":{"rendered":"<p>Os resultados de neg\u00f3cios gerados durante a Expolux ser\u00e3o fundamentais para a retomada do crescimento do setor no segundo semestre de 2016. S\u00e3o Paulo, 05\/07\/2016 \u2013 A maior feira internacional da ind\u00fastria de ilumina\u00e7\u00e3o da Am\u00e9rica Latina, a Expolux, encerrou a sua 15\u00aa edi\u00e7\u00e3o, s\u00e1bado (02\/07\/2016), em S\u00e3o Paulo (SP), com a consolida\u00e7\u00e3o da tecnologia [&hellip;]<\/p>\n","protected":false},"author":1,"featured_media":2464,"comment_status":"open","ping_status":"open","sticky":false,"template":"","format":"standard","meta":{"_uag_custom_page_level_css":"","footnotes":""},"categories":[33],"tags":[681,1229,4752,5903,6016,7081,10668],"class_list":["post-2463","post","type-post","status-publish","format-standard","has-post-thumbnail","hentry","category-mercado","tag-america-latina","tag-balanco","tag-expolux-2016","tag-iluminacao-led","tag-industria","tag-luminarias","tag-sao-paulo"],"blocksy_meta":[],"spectra_blocks_featured_image_url":[],"spectra_blocks_author_info":{"display_name":"Jornal da Constru\u00e7\u00e3o Civil","avatar_url":"https:\/\/secure.gravatar.com\/avatar\/973c9774fd44ddaceb026973c4962faa70fc512bc4c9da68e8ebb40fecee6540?s=96&d=mm&r=g","author_link":"https:\/\/construcaocivil.siriusmarketingedesign.com.br\/?author=1","description":"Desde de 2013, levando muitas informa\u00e7\u00f5es, lan\u00e7amentos e produtos de qualidade para toda cadeia produtiva da constru\u00e7\u00e3o. O Futuro da constru\u00e7\u00e3o passa por aqui,"},"uagb_featured_image_src":{"full":false,"thumbnail":false,"medium":false,"medium_large":false,"large":false,"1536x1536":false,"2048x2048":false},"uagb_author_info":{"display_name":"Jornal da Constru\u00e7\u00e3o Civil","author_link":"https:\/\/construcaocivil.siriusmarketingedesign.com.br\/?author=1"},"uagb_comment_info":0,"uagb_excerpt":"Os resultados de neg\u00f3cios gerados durante a Expolux ser\u00e3o fundamentais para a retomada do crescimento do setor no segundo semestre de 2016. S\u00e3o Paulo, 05\/07\/2016 \u2013 A maior feira internacional da ind\u00fastria de ilumina\u00e7\u00e3o da Am\u00e9rica Latina, a Expolux, encerrou a sua 15\u00aa edi\u00e7\u00e3o, s\u00e1bado (02\/07\/2016), em S\u00e3o Paulo (SP), com a consolida\u00e7\u00e3o da tecnologia&hellip;","_links":{"self":[{"href":"https:\/\/construcaocivil.siriusmarketingedesign.com.br\/index.php?rest_route=\/wp\/v2\/posts\/2463","targetHints":{"allow":["GET"]}}],"collection":[{"href":"https:\/\/construcaocivil.siriusmarketingedesign.com.br\/index.php?rest_route=\/wp\/v2\/posts"}],"about":[{"href":"https:\/\/construcaocivil.siriusmarketingedesign.com.br\/index.php?rest_route=\/wp\/v2\/types\/post"}],"author":[{"embeddable":true,"href":"https:\/\/construcaocivil.siriusmarketingedesign.com.br\/index.php?rest_route=\/wp\/v2\/users\/1"}],"replies":[{"embeddable":true,"href":"https:\/\/construcaocivil.siriusmarketingedesign.com.br\/index.php?rest_route=%2Fwp%2Fv2%2Fcomments&post=2463"}],"version-history":[{"count":0,"href":"https:\/\/construcaocivil.siriusmarketingedesign.com.br\/index.php?rest_route=\/wp\/v2\/posts\/2463\/revisions"}],"wp:attachment":[{"href":"https:\/\/construcaocivil.siriusmarketingedesign.com.br\/index.php?rest_route=%2Fwp%2Fv2%2Fmedia&parent=2463"}],"wp:term":[{"taxonomy":"category","embeddable":true,"href":"https:\/\/construcaocivil.siriusmarketingedesign.com.br\/index.php?rest_route=%2Fwp%2Fv2%2Fcategories&post=2463"},{"taxonomy":"post_tag","embeddable":true,"href":"https:\/\/construcaocivil.siriusmarketingedesign.com.br\/index.php?rest_route=%2Fwp%2Fv2%2Ftags&post=2463"}],"curies":[{"name":"wp","href":"https:\/\/api.w.org\/{rel}","templated":true}]}}