{"id":24653,"date":"2024-11-08T15:39:47","date_gmt":"2024-11-08T18:39:47","guid":{"rendered":"https:\/\/www.jornaldaconstrucaocivil.com.br\/?p=24653"},"modified":"2024-11-08T15:39:47","modified_gmt":"2024-11-08T18:39:47","slug":"hospital-albert-einstein-perkins-will-pedra-forte-marcam-presenca-no-1o-simposio-internacional-de-arquitetura-hospitalar","status":"publish","type":"post","link":"https:\/\/construcaocivil.siriusmarketingedesign.com.br\/?p=24653","title":{"rendered":"Hospital Albert Einstein, Perkins &#038; Will, Pedra Forte marcam presen\u00e7a no 1\u00ba Simp\u00f3sio Internacional de Arquitetura Hospitalar"},"content":{"rendered":"<p style=\"text-align: justify;\"><strong><i>SIAIHH re\u00fane arquitetos e especialistas para debaterem a hospitalidade na \u00e1rea da sa\u00fade e os novos caminhos dos hospitais de luxo em evento in\u00e9dito<\/i><\/strong><\/p>\n<p style=\"text-align: justify;\"><span style=\"color: #0000ff;\">Novembro<\/span> &#8211; No pr\u00f3ximo dia 13 de novembro, das 8 \u00e0s 18h, o audit\u00f3rio do Hotel Blue Tree Faria Lima, em S\u00e3o Paulo, ser\u00e1 palco do 1\u00ba Simp\u00f3sio Internacional de Arquitetura, Ilumina\u00e7\u00e3o e Hotelaria Hospitalar SIAIHH 2024. O evento contar\u00e1 com a presen\u00e7a de importantes escrit\u00f3rios de arquitetura, m\u00e9dicos e especialistas que ir\u00e3o abordar as tend\u00eancias e o novo olhar para a arquitetura hospitalar.<\/p>\n<p style=\"text-align: justify;\">\n<p style=\"text-align: justify;\">Entre os palestrantes, Claudio Lottenbrerg, Presidente do Conselho Deliberativo do Hospital Albert Einstein, falar\u00e1 sobre Gest\u00e3o de Hospitais Seis Estrelas e a expectativa de um p\u00fablico exigente. J\u00e1 a CEO da construtora Pedra Forte, Cinthya Parada, abordar\u00e1 sobre as expectativas do mercado de luxo nos segmentos da sa\u00fade e est\u00e9tica. Lara Kaiser da Perkins &amp;Will, levar\u00e1 o tema sobre os desejos e anseios dos clientes do mercado de consumo de alto padr\u00e3o no ambiente hospitalar.<\/p>\n<p style=\"text-align: justify;\">\n<p style=\"text-align: justify;\">Al\u00e9m dos temas relevantes aos novos conceitos de gest\u00e3o e mercado de hospitais de alto luxo, o SIAIHH proporcionar\u00e1 uma discuss\u00e3o aprofundada sobre os projetos arquitet\u00f4nicos, que elevaram os padr\u00f5es hospitalares, tanto na quest\u00e3o est\u00e9tica e tecnol\u00f3gica quanto na qualidade do atendimento. Refer\u00eancias, essas obras inspiram para outros empreendimentos do setor da sa\u00fade, a priorizar cada vez mais o atendimento humanizado, o aconchego e o conforto, tanto para os pacientes, acompanhantes e visitantes.<\/p>\n<p style=\"text-align: justify;\">\n<p style=\"text-align: justify;\"><strong>Confira abaixo a programa\u00e7\u00e3o completa com temas que ser\u00e3o debatidos neste encontro in\u00e9dito:<\/strong><\/p>\n<p style=\"text-align: justify;\">\n<ul style=\"text-align: justify;\">\n<li>8h50- Abertura do SIAIHH com Philip Vit\u00f3rio Junior que entregar\u00e1 o 3\u00ba Pr\u00eamio Expoentes da Arquitetura ao escrit\u00f3rio Siegberg Zanetini pelo conjunto da obra na \u00e1rea da sa\u00fade e o homenageado, que aos 90 anos \u00e9 um exemplo de vivacidade e criatividade.<\/li>\n<li>9h00 &#8211; \u201cA influ\u00eancia da cor nos ambientes hospitalares\u201d com Elizabeth Wey \u2013 Comit\u00ea das Cores.<\/li>\n<li>9h20 &#8211; \u201cOs desafios e complexidades de projetar um dos primeiros hospitais seis estrelas do Brasil\u201d com Fl\u00e1vio Kelner \u2013 RAF Arquitetura.<\/li>\n<li>9h50 \u2013 \u201cSolu\u00e7\u00f5es luminot\u00e9cnicas para um edif\u00edcio hospitalar de alto padr\u00e3o\u201d com Henrique Bergson \u2013 Tensoflex.<\/li>\n<li>10h- \u201cO Desafio de projetar a ilumina\u00e7\u00e3o dos primeiros hospitais seis estrelas do Brasil\u201d com Neide Senzi- ligthdesigner.<\/li>\n<li>10h30 \u2013 Intervalo<\/li>\n<li>10h50 \u2013 \u201cIlumina\u00e7\u00e3o Integrativa: Impacto na Sa\u00fade Humana\u201d com Vicente Scopacasa da Luminacril.<\/li>\n<li>11h10 \u2013 \u201cGest\u00e3o de hospitais seis estrelas e as expectativas de um p\u00fablico seleto e exigente\u201d com Claudio Lottenberg &#8211; Presidente do Conselho Deliberativo do Hospital Albert Einstein.<\/li>\n<li>11h40 \u2013 Mesa Redonda com Siegbert Zanettini, Neide Senzi, Fl\u00e1vio Kelner e Cl\u00e1udio Lottenberg.<\/li>\n<li>12H10 \u2013 Almo\u00e7o<\/li>\n<li>13h20 &#8211; \u201cTecnologia aplicadas para salas de banho nos hospitais de luxo\u201d com Ariane Bianchi da Draco.<\/li>\n<li>14h &#8211; \u201cOs desejos e anseios dos clientes do mercado de consumo de alto padr\u00e3o no ambiente hospitalar\u201d com Lara Kaiser da Perkins &amp; Will.<\/li>\n<li>14h30 &#8211; \u201cErgonomia no conforto hospitalar\u201d com F\u00e1bio Bitencourt, \u00e9 um arquiteto e professor de destaque no campo da arquitetura hospitalar e conforto ambiental<\/li>\n<li>15h30 \u2013 Intervalo<\/li>\n<li>15h20- \u201cSolu\u00e7\u00f5es luminot\u00e9cnicas com tecnologia e funcionalidade\u201d com Renato Reina da Embraluz.<\/li>\n<li>15h50 &#8211; \u201cO conceito do design como ponto de partida nos projetos para hospitais seis estrelas\u201d com Ana Paula Naffah Perez, arquiteta.<\/li>\n<li>16h30- \u201cA realiza\u00e7\u00e3o do Hospital Conceito e 2\u00ba SIAIHH RIO 2025 na 2\u00aa Revest Rio Brasil 2025\u201d com Phillip Vit\u00f3rio Junior \u2013 CEO VJ.<\/li>\n<li>17h00 \u2013 Mesa Redonda com Neide Senzi, Lara Kaiser e Ana Paula Naffah Perez.<\/li>\n<li>18h- Encerramento.<\/li>\n<\/ul>\n<p style=\"text-align: justify;\">Organizado pela Editora VJ, o 1\u00ba Simp\u00f3sio Internacional de Arquitetura, Ilumina\u00e7\u00e3o e Hotelaria Hospitalar SIAIHH 2024, \u00e9 um evento in\u00e9dito, dedicado a discutir o conceito inovador dos hospitais seis estrelas, que est\u00e1 transformando o padr\u00e3o de qualidade da infraestrutura e servi\u00e7os do segmento da sa\u00fade. A Editora VJ tem um hist\u00f3rico de apoio ao desenvolvimento da arquitetura e do design no Brasil, promovendo eventos e publica\u00e7\u00f5es que destacam o melhor do setor. Para 2025, j\u00e1 est\u00e1 agendado a 2\u00aa edi\u00e7\u00e3o da Revest Rio, de 04 a 06 de junho de 2025.<\/p>\n<p style=\"text-align: justify;\">SIAIHH 2024 -1\u00ba Simp\u00f3sio Internacional de Arquitetura, Ilumina\u00e7\u00e3o e Hotelaria Hospitalar<\/p>\n<p style=\"text-align: justify;\">Data: 13 de novembro de 2024 \u2013 das 08h \u00e0s 18h<\/p>\n<p style=\"text-align: justify;\">Local: Hotel Blue Tree Faria Lima \u2013 S\u00e3o Paulo \u2013 SP<\/p>\n<p style=\"text-align: justify;\">Inscri\u00e7\u00f5es:\u00a0<a href=\"https:\/\/www.sympla.com.br\/evento\/1-simposio-internacional-de-arquitetura-iluminacao-e-hotelaria-hospitalar-siaihh-2o24\/2583961?referrer=siaihh.arq.br\" target=\"_blank\" rel=\"noopener noreferrer\">https:\/\/www.sympla.com.br\/evento\/1-simposio-internacional-de-arquitetura-iluminacao-e-hotelaria-hospitalar-siaihh-2o24\/2583961?referrer=siaihh.arq.br<\/a><\/p>\n","protected":false},"excerpt":{"rendered":"<p>SIAIHH re\u00fane arquitetos e especialistas para debaterem a hospitalidade na \u00e1rea da sa\u00fade e os novos caminhos dos hospitais de luxo em evento in\u00e9dito Novembro &#8211; No pr\u00f3ximo dia 13 de novembro, das 8 \u00e0s 18h, o audit\u00f3rio do Hotel Blue Tree Faria Lima, em S\u00e3o Paulo, ser\u00e1 palco do 1\u00ba Simp\u00f3sio Internacional de Arquitetura, [&hellip;]<\/p>\n","protected":false},"author":1,"featured_media":24654,"comment_status":"open","ping_status":"open","sticky":false,"template":"","format":"standard","meta":{"_uag_custom_page_level_css":"","footnotes":""},"categories":[28],"tags":[27013,27012,27014,27011],"class_list":["post-24653","post","type-post","status-publish","format-standard","has-post-thumbnail","hentry","category-arquitetura","tag-arquitetura-hospitalar","tag-hospital-albert-einstein","tag-revest-rio-2025","tag-siaihh"],"blocksy_meta":[],"spectra_blocks_featured_image_url":{"thumbnail":{"url":"https:\/\/construcaocivil.siriusmarketingedesign.com.br\/wp-content\/uploads\/2024\/11\/Programacao-150x150.jpg","width":150,"height":150},"medium":{"url":"https:\/\/construcaocivil.siriusmarketingedesign.com.br\/wp-content\/uploads\/2024\/11\/Programacao-212x300.jpg","width":212,"height":300},"medium_large":{"url":"https:\/\/construcaocivil.siriusmarketingedesign.com.br\/wp-content\/uploads\/2024\/11\/Programacao-768x1086.jpg","width":768,"height":1086},"large":{"url":"https:\/\/construcaocivil.siriusmarketingedesign.com.br\/wp-content\/uploads\/2024\/11\/Programacao-724x1024.jpg","width":724,"height":1024},"full":{"url":"https:\/\/construcaocivil.siriusmarketingedesign.com.br\/wp-content\/uploads\/2024\/11\/Programacao-scaled.jpg","width":1811,"height":2560}},"spectra_blocks_author_info":{"display_name":"Jornal da Constru\u00e7\u00e3o Civil","avatar_url":"https:\/\/secure.gravatar.com\/avatar\/973c9774fd44ddaceb026973c4962faa70fc512bc4c9da68e8ebb40fecee6540?s=96&d=mm&r=g","author_link":"https:\/\/construcaocivil.siriusmarketingedesign.com.br\/?author=1","description":"Desde de 2013, levando muitas informa\u00e7\u00f5es, lan\u00e7amentos e produtos de qualidade para toda cadeia produtiva da constru\u00e7\u00e3o. O Futuro da constru\u00e7\u00e3o passa por aqui,"},"uagb_featured_image_src":{"full":["https:\/\/construcaocivil.siriusmarketingedesign.com.br\/wp-content\/uploads\/2024\/11\/Programacao-scaled.jpg",1811,2560,false],"thumbnail":["https:\/\/construcaocivil.siriusmarketingedesign.com.br\/wp-content\/uploads\/2024\/11\/Programacao-150x150.jpg",150,150,true],"medium":["https:\/\/construcaocivil.siriusmarketingedesign.com.br\/wp-content\/uploads\/2024\/11\/Programacao-212x300.jpg",212,300,true],"medium_large":["https:\/\/construcaocivil.siriusmarketingedesign.com.br\/wp-content\/uploads\/2024\/11\/Programacao-768x1086.jpg",768,1086,true],"large":["https:\/\/construcaocivil.siriusmarketingedesign.com.br\/wp-content\/uploads\/2024\/11\/Programacao-724x1024.jpg",724,1024,true],"1536x1536":["https:\/\/construcaocivil.siriusmarketingedesign.com.br\/wp-content\/uploads\/2024\/11\/Programacao-1086x1536.jpg",1086,1536,true],"2048x2048":["https:\/\/construcaocivil.siriusmarketingedesign.com.br\/wp-content\/uploads\/2024\/11\/Programacao-1449x2048.jpg",1449,2048,true]},"uagb_author_info":{"display_name":"Jornal da Constru\u00e7\u00e3o Civil","author_link":"https:\/\/construcaocivil.siriusmarketingedesign.com.br\/?author=1"},"uagb_comment_info":0,"uagb_excerpt":"SIAIHH re\u00fane arquitetos e especialistas para debaterem a hospitalidade na \u00e1rea da sa\u00fade e os novos caminhos dos hospitais de luxo em evento in\u00e9dito Novembro &#8211; No pr\u00f3ximo dia 13 de novembro, das 8 \u00e0s 18h, o audit\u00f3rio do Hotel Blue Tree Faria Lima, em S\u00e3o Paulo, ser\u00e1 palco do 1\u00ba Simp\u00f3sio Internacional de Arquitetura,&hellip;","_links":{"self":[{"href":"https:\/\/construcaocivil.siriusmarketingedesign.com.br\/index.php?rest_route=\/wp\/v2\/posts\/24653","targetHints":{"allow":["GET"]}}],"collection":[{"href":"https:\/\/construcaocivil.siriusmarketingedesign.com.br\/index.php?rest_route=\/wp\/v2\/posts"}],"about":[{"href":"https:\/\/construcaocivil.siriusmarketingedesign.com.br\/index.php?rest_route=\/wp\/v2\/types\/post"}],"author":[{"embeddable":true,"href":"https:\/\/construcaocivil.siriusmarketingedesign.com.br\/index.php?rest_route=\/wp\/v2\/users\/1"}],"replies":[{"embeddable":true,"href":"https:\/\/construcaocivil.siriusmarketingedesign.com.br\/index.php?rest_route=%2Fwp%2Fv2%2Fcomments&post=24653"}],"version-history":[{"count":0,"href":"https:\/\/construcaocivil.siriusmarketingedesign.com.br\/index.php?rest_route=\/wp\/v2\/posts\/24653\/revisions"}],"wp:featuredmedia":[{"embeddable":true,"href":"https:\/\/construcaocivil.siriusmarketingedesign.com.br\/index.php?rest_route=\/wp\/v2\/media\/24654"}],"wp:attachment":[{"href":"https:\/\/construcaocivil.siriusmarketingedesign.com.br\/index.php?rest_route=%2Fwp%2Fv2%2Fmedia&parent=24653"}],"wp:term":[{"taxonomy":"category","embeddable":true,"href":"https:\/\/construcaocivil.siriusmarketingedesign.com.br\/index.php?rest_route=%2Fwp%2Fv2%2Fcategories&post=24653"},{"taxonomy":"post_tag","embeddable":true,"href":"https:\/\/construcaocivil.siriusmarketingedesign.com.br\/index.php?rest_route=%2Fwp%2Fv2%2Ftags&post=24653"}],"curies":[{"name":"wp","href":"https:\/\/api.w.org\/{rel}","templated":true}]}}