{"id":24656,"date":"2024-11-09T00:11:17","date_gmt":"2024-11-09T03:11:17","guid":{"rendered":"https:\/\/www.jornaldaconstrucaocivil.com.br\/?p=24656"},"modified":"2024-11-09T00:11:17","modified_gmt":"2024-11-09T03:11:17","slug":"aeroporto-fechado-fechamento-do-santos-dumont-durante-a-cupula-do-g20","status":"publish","type":"post","link":"https:\/\/construcaocivil.siriusmarketingedesign.com.br\/?p=24656","title":{"rendered":"Aeroporto Fechado: Fechamento do Santos Dumont durante a C\u00fapula do G20"},"content":{"rendered":"<div class=\"documentDescription\" style=\"text-align: justify;\"><em><strong>Opera\u00e7\u00f5es a\u00e9reas ser\u00e3o interrompidas nos dias 18 e 19 de novembro para garantir seguran\u00e7a ao evento<\/strong><\/em><\/div>\n<div id=\"viewlet-above-content-body\">\n<p>&nbsp;<\/p>\n<p style=\"text-align: justify;\"><span style=\"color: #993300;\">Novembro<\/span> &#8211; Atendendo a solicita\u00e7\u00e3o da Prefeitura da Cidade do Rio de Janeiro ao Minist\u00e9rio da Defesa, e diante da necessidade de garantir seguran\u00e7a \u00e0 realiza\u00e7\u00e3o da C\u00fapula do G20 na capital fluminense, o Minist\u00e9rio de Portos e Aeroportos e a Ag\u00eancia Nacional de Avia\u00e7\u00e3o Civil (ANAC) informam que as opera\u00e7\u00f5es a\u00e9reas do Aeroporto de Santos Dumont ser\u00e3o interrompidas nos dias 18 e 19 de novembro de 2024.<\/p>\n<p style=\"text-align: justify;\">As opera\u00e7\u00f5es comerciais programadas para o aeroporto central do Rio poder\u00e3o ser redirecionadas para o Aeroporto do Gale\u00e3o, de acordo com as diretrizes operacionais das companhias a\u00e9reas e a capacidade operacional daquele aeroporto.<\/p>\n<p style=\"text-align: justify;\">A suspens\u00e3o tempor\u00e1ria dos voos foi necess\u00e1ria diante das restri\u00e7\u00f5es de mobilidade nas proximidades do Museu de Arte Moderna (MAM Rio), onde ser\u00e1 realizada a C\u00fapula do G20, localizado a 550 metros do Aeroporto Santos Dumont. A Prefeitura do Rio de Janeiro planejou, em coordena\u00e7\u00e3o com \u00f3rg\u00e3os federais, a opera\u00e7\u00e3o das vias de acesso ao Aeroporto Internacional Tom Jobim (Gale\u00e3o) para evitar transtornos de tr\u00e2nsito \u00e0 popula\u00e7\u00e3o.<\/p>\n<p style=\"text-align: justify;\"><b>Atendimento aos passageiros<\/p>\n<p><\/b>A Ag\u00eancia Nacional de Avia\u00e7\u00e3o Civil (Anac) refor\u00e7a que as companhias a\u00e9reas dever\u00e3o observar ainda, quanto ao atendimento aos passageiros que ter\u00e3o seus voos cancelados ou alterados, as regras previstas pela Resolu\u00e7\u00e3o n\u00ba 400\/2016, que trata das condi\u00e7\u00f5es gerais do transporte a\u00e9reo no pa\u00eds.<\/p>\n<p>Fonte: ANAC<\/p>\n<\/div>\n","protected":false},"excerpt":{"rendered":"<p>Opera\u00e7\u00f5es a\u00e9reas ser\u00e3o interrompidas nos dias 18 e 19 de novembro para garantir seguran\u00e7a ao evento &nbsp; Novembro &#8211; Atendendo a solicita\u00e7\u00e3o da Prefeitura da Cidade do Rio de Janeiro ao Minist\u00e9rio da Defesa, e diante da necessidade de garantir seguran\u00e7a \u00e0 realiza\u00e7\u00e3o da C\u00fapula do G20 na capital fluminense, o Minist\u00e9rio de Portos e [&hellip;]<\/p>\n","protected":false},"author":1,"featured_media":24657,"comment_status":"open","ping_status":"open","sticky":false,"template":"","format":"standard","meta":{"_uag_custom_page_level_css":"","footnotes":""},"categories":[31],"tags":[22979,27016,26800,27015,26172,27017],"class_list":["post-24656","post","type-post","status-publish","format-standard","has-post-thumbnail","hentry","category-infraestrutura","tag-aeroporto-santos-dumont","tag-aeroporto-tom-jobim","tag-anac","tag-g20-social","tag-g20-rj","tag-ministerio-da-defesa"],"blocksy_meta":[],"spectra_blocks_featured_image_url":{"thumbnail":{"url":"https:\/\/construcaocivil.siriusmarketingedesign.com.br\/wp-content\/uploads\/2024\/11\/f0ae32d1-50ea-4c74-b731-19b1beaf84d6-150x150.jpeg","width":150,"height":150},"medium":{"url":"https:\/\/construcaocivil.siriusmarketingedesign.com.br\/wp-content\/uploads\/2024\/11\/f0ae32d1-50ea-4c74-b731-19b1beaf84d6-300x200.jpeg","width":300,"height":200},"medium_large":{"url":"https:\/\/construcaocivil.siriusmarketingedesign.com.br\/wp-content\/uploads\/2024\/11\/f0ae32d1-50ea-4c74-b731-19b1beaf84d6.jpeg","width":768,"height":511},"large":{"url":"https:\/\/construcaocivil.siriusmarketingedesign.com.br\/wp-content\/uploads\/2024\/11\/f0ae32d1-50ea-4c74-b731-19b1beaf84d6.jpeg","width":768,"height":511},"full":{"url":"https:\/\/construcaocivil.siriusmarketingedesign.com.br\/wp-content\/uploads\/2024\/11\/f0ae32d1-50ea-4c74-b731-19b1beaf84d6.jpeg","width":768,"height":511}},"spectra_blocks_author_info":{"display_name":"Jornal da Constru\u00e7\u00e3o Civil","avatar_url":"https:\/\/secure.gravatar.com\/avatar\/973c9774fd44ddaceb026973c4962faa70fc512bc4c9da68e8ebb40fecee6540?s=96&d=mm&r=g","author_link":"https:\/\/construcaocivil.siriusmarketingedesign.com.br\/?author=1","description":"Desde de 2013, levando muitas informa\u00e7\u00f5es, lan\u00e7amentos e produtos de qualidade para toda cadeia produtiva da constru\u00e7\u00e3o. O Futuro da constru\u00e7\u00e3o passa por aqui,"},"uagb_featured_image_src":{"full":["https:\/\/construcaocivil.siriusmarketingedesign.com.br\/wp-content\/uploads\/2024\/11\/f0ae32d1-50ea-4c74-b731-19b1beaf84d6.jpeg",768,511,false],"thumbnail":["https:\/\/construcaocivil.siriusmarketingedesign.com.br\/wp-content\/uploads\/2024\/11\/f0ae32d1-50ea-4c74-b731-19b1beaf84d6-150x150.jpeg",150,150,true],"medium":["https:\/\/construcaocivil.siriusmarketingedesign.com.br\/wp-content\/uploads\/2024\/11\/f0ae32d1-50ea-4c74-b731-19b1beaf84d6-300x200.jpeg",300,200,true],"medium_large":["https:\/\/construcaocivil.siriusmarketingedesign.com.br\/wp-content\/uploads\/2024\/11\/f0ae32d1-50ea-4c74-b731-19b1beaf84d6.jpeg",768,511,false],"large":["https:\/\/construcaocivil.siriusmarketingedesign.com.br\/wp-content\/uploads\/2024\/11\/f0ae32d1-50ea-4c74-b731-19b1beaf84d6.jpeg",768,511,false],"1536x1536":["https:\/\/construcaocivil.siriusmarketingedesign.com.br\/wp-content\/uploads\/2024\/11\/f0ae32d1-50ea-4c74-b731-19b1beaf84d6.jpeg",768,511,false],"2048x2048":["https:\/\/construcaocivil.siriusmarketingedesign.com.br\/wp-content\/uploads\/2024\/11\/f0ae32d1-50ea-4c74-b731-19b1beaf84d6.jpeg",768,511,false]},"uagb_author_info":{"display_name":"Jornal da Constru\u00e7\u00e3o Civil","author_link":"https:\/\/construcaocivil.siriusmarketingedesign.com.br\/?author=1"},"uagb_comment_info":0,"uagb_excerpt":"Opera\u00e7\u00f5es a\u00e9reas ser\u00e3o interrompidas nos dias 18 e 19 de novembro para garantir seguran\u00e7a ao evento &nbsp; Novembro &#8211; Atendendo a solicita\u00e7\u00e3o da Prefeitura da Cidade do Rio de Janeiro ao Minist\u00e9rio da Defesa, e diante da necessidade de garantir seguran\u00e7a \u00e0 realiza\u00e7\u00e3o da C\u00fapula do G20 na capital fluminense, o Minist\u00e9rio de Portos e&hellip;","_links":{"self":[{"href":"https:\/\/construcaocivil.siriusmarketingedesign.com.br\/index.php?rest_route=\/wp\/v2\/posts\/24656","targetHints":{"allow":["GET"]}}],"collection":[{"href":"https:\/\/construcaocivil.siriusmarketingedesign.com.br\/index.php?rest_route=\/wp\/v2\/posts"}],"about":[{"href":"https:\/\/construcaocivil.siriusmarketingedesign.com.br\/index.php?rest_route=\/wp\/v2\/types\/post"}],"author":[{"embeddable":true,"href":"https:\/\/construcaocivil.siriusmarketingedesign.com.br\/index.php?rest_route=\/wp\/v2\/users\/1"}],"replies":[{"embeddable":true,"href":"https:\/\/construcaocivil.siriusmarketingedesign.com.br\/index.php?rest_route=%2Fwp%2Fv2%2Fcomments&post=24656"}],"version-history":[{"count":0,"href":"https:\/\/construcaocivil.siriusmarketingedesign.com.br\/index.php?rest_route=\/wp\/v2\/posts\/24656\/revisions"}],"wp:featuredmedia":[{"embeddable":true,"href":"https:\/\/construcaocivil.siriusmarketingedesign.com.br\/index.php?rest_route=\/wp\/v2\/media\/24657"}],"wp:attachment":[{"href":"https:\/\/construcaocivil.siriusmarketingedesign.com.br\/index.php?rest_route=%2Fwp%2Fv2%2Fmedia&parent=24656"}],"wp:term":[{"taxonomy":"category","embeddable":true,"href":"https:\/\/construcaocivil.siriusmarketingedesign.com.br\/index.php?rest_route=%2Fwp%2Fv2%2Fcategories&post=24656"},{"taxonomy":"post_tag","embeddable":true,"href":"https:\/\/construcaocivil.siriusmarketingedesign.com.br\/index.php?rest_route=%2Fwp%2Fv2%2Ftags&post=24656"}],"curies":[{"name":"wp","href":"https:\/\/api.w.org\/{rel}","templated":true}]}}