{"id":24668,"date":"2024-11-12T08:57:18","date_gmt":"2024-11-12T11:57:18","guid":{"rendered":"https:\/\/www.jornaldaconstrucaocivil.com.br\/?p=24668"},"modified":"2024-11-12T08:57:18","modified_gmt":"2024-11-12T11:57:18","slug":"cortes-de-gastos-pacote-da-maldade-puxado-por-haddad-tebet-e-faria-lima-acaba-com-cuidar-das-pessoas-bandeira-do-governo-lula","status":"publish","type":"post","link":"https:\/\/construcaocivil.siriusmarketingedesign.com.br\/?p=24668","title":{"rendered":"Cortes de gastos: Pacote da maldade puxado por Haddad, Tebet e Faria Lima acaba com &#8220;cuidar das pessoas&#8221;, bandeira do governo LULA"},"content":{"rendered":"<div id=\"card_detalhe\" class=\"phrase_image thought-card\" data-id=\"21563\"><img loading=\"lazy\" decoding=\"async\" class=\"thought-img\" src=\"https:\/\/cdn.pensador.com\/img\/frase\/di\/ta\/ditado_popular_nao_existe_nada_tao_ruim_que_nao_possa_f_l2nlgwo.jpg\" alt=\"N\u00e3o existe nada t\u00e3o ruim, que n\u00e3o possa ficar pior!... Frase de ditado popular.\" width=\"600\" height=\"315\" \/><\/div>\n<div style=\"text-align: justify;\" data-id=\"21563\">Pressionado pelo mercado &#8220;grupo&#8221; de especuladores financeiros para aplicar imediatamente o AJUSTE FISCAL urgente, o presidente Lu\u00eds In\u00e1cio Lula da Silva se viu num momento delicado. Se aprovado o PACOTE DE CORTES DE GASTOS contra os pobres, programas sociais ficam amea\u00e7ados. Outro programa, amea\u00e7ado \u00e9 o Programa de Acelera\u00e7\u00e3o do Crescimento (Novo PAC).<\/div>\n<div style=\"text-align: justify;\" data-id=\"21563\">Na sua campanha, LULA disse: &#8221; Eu quero cuidar das pessoas&#8221;. Por\u00e9m, ap\u00f3s dois anos de governo, o desejo do presidente e a realidade est\u00e1 muito distante.<\/div>\n<div style=\"text-align: center;\" data-id=\"21563\"><strong>&#8221; O POVO NAO COME PIB&#8221;\u00a0<\/strong><\/div>\n","protected":false},"excerpt":{"rendered":"<p>Pressionado pelo mercado &#8220;grupo&#8221; de especuladores financeiros para aplicar imediatamente o AJUSTE FISCAL urgente, o presidente Lu\u00eds In\u00e1cio Lula da Silva se viu num momento delicado. Se aprovado o PACOTE DE CORTES DE GASTOS contra os pobres, programas sociais ficam amea\u00e7ados. Outro programa, amea\u00e7ado \u00e9 o Programa de Acelera\u00e7\u00e3o do Crescimento (Novo PAC). Na sua [&hellip;]<\/p>\n","protected":false},"author":1,"featured_media":14849,"comment_status":"open","ping_status":"open","sticky":false,"template":"","format":"standard","meta":{"_uag_custom_page_level_css":"","footnotes":""},"categories":[33],"tags":[27022,27023,24212,7077],"class_list":["post-24668","post","type-post","status-publish","format-standard","has-post-thumbnail","hentry","category-mercado","tag-ajuste-fiscal","tag-faria-lima-mercado-financeiro","tag-fome-e-desemprego","tag-lula"],"blocksy_meta":[],"spectra_blocks_featured_image_url":{"thumbnail":{"url":"https:\/\/construcaocivil.siriusmarketingedesign.com.br\/wp-content\/uploads\/2020\/10\/Desemprego-150x150.jpg","width":150,"height":150},"medium":{"url":"https:\/\/construcaocivil.siriusmarketingedesign.com.br\/wp-content\/uploads\/2020\/10\/Desemprego-300x172.jpg","width":300,"height":172},"medium_large":{"url":"https:\/\/construcaocivil.siriusmarketingedesign.com.br\/wp-content\/uploads\/2020\/10\/Desemprego.jpg","width":750,"height":430},"large":{"url":"https:\/\/construcaocivil.siriusmarketingedesign.com.br\/wp-content\/uploads\/2020\/10\/Desemprego.jpg","width":750,"height":430},"full":{"url":"https:\/\/construcaocivil.siriusmarketingedesign.com.br\/wp-content\/uploads\/2020\/10\/Desemprego.jpg","width":750,"height":430}},"spectra_blocks_author_info":{"display_name":"Jornal da Constru\u00e7\u00e3o Civil","avatar_url":"https:\/\/secure.gravatar.com\/avatar\/973c9774fd44ddaceb026973c4962faa70fc512bc4c9da68e8ebb40fecee6540?s=96&d=mm&r=g","author_link":"https:\/\/construcaocivil.siriusmarketingedesign.com.br\/?author=1","description":"Desde de 2013, levando muitas informa\u00e7\u00f5es, lan\u00e7amentos e produtos de qualidade para toda cadeia produtiva da constru\u00e7\u00e3o. O Futuro da constru\u00e7\u00e3o passa por aqui,"},"uagb_featured_image_src":{"full":["https:\/\/construcaocivil.siriusmarketingedesign.com.br\/wp-content\/uploads\/2020\/10\/Desemprego.jpg",750,430,false],"thumbnail":["https:\/\/construcaocivil.siriusmarketingedesign.com.br\/wp-content\/uploads\/2020\/10\/Desemprego-150x150.jpg",150,150,true],"medium":["https:\/\/construcaocivil.siriusmarketingedesign.com.br\/wp-content\/uploads\/2020\/10\/Desemprego-300x172.jpg",300,172,true],"medium_large":["https:\/\/construcaocivil.siriusmarketingedesign.com.br\/wp-content\/uploads\/2020\/10\/Desemprego.jpg",750,430,false],"large":["https:\/\/construcaocivil.siriusmarketingedesign.com.br\/wp-content\/uploads\/2020\/10\/Desemprego.jpg",750,430,false],"1536x1536":["https:\/\/construcaocivil.siriusmarketingedesign.com.br\/wp-content\/uploads\/2020\/10\/Desemprego.jpg",750,430,false],"2048x2048":["https:\/\/construcaocivil.siriusmarketingedesign.com.br\/wp-content\/uploads\/2020\/10\/Desemprego.jpg",750,430,false]},"uagb_author_info":{"display_name":"Jornal da Constru\u00e7\u00e3o Civil","author_link":"https:\/\/construcaocivil.siriusmarketingedesign.com.br\/?author=1"},"uagb_comment_info":0,"uagb_excerpt":"Pressionado pelo mercado &#8220;grupo&#8221; de especuladores financeiros para aplicar imediatamente o AJUSTE FISCAL urgente, o presidente Lu\u00eds In\u00e1cio Lula da Silva se viu num momento delicado. Se aprovado o PACOTE DE CORTES DE GASTOS contra os pobres, programas sociais ficam amea\u00e7ados. Outro programa, amea\u00e7ado \u00e9 o Programa de Acelera\u00e7\u00e3o do Crescimento (Novo PAC). Na sua&hellip;","_links":{"self":[{"href":"https:\/\/construcaocivil.siriusmarketingedesign.com.br\/index.php?rest_route=\/wp\/v2\/posts\/24668","targetHints":{"allow":["GET"]}}],"collection":[{"href":"https:\/\/construcaocivil.siriusmarketingedesign.com.br\/index.php?rest_route=\/wp\/v2\/posts"}],"about":[{"href":"https:\/\/construcaocivil.siriusmarketingedesign.com.br\/index.php?rest_route=\/wp\/v2\/types\/post"}],"author":[{"embeddable":true,"href":"https:\/\/construcaocivil.siriusmarketingedesign.com.br\/index.php?rest_route=\/wp\/v2\/users\/1"}],"replies":[{"embeddable":true,"href":"https:\/\/construcaocivil.siriusmarketingedesign.com.br\/index.php?rest_route=%2Fwp%2Fv2%2Fcomments&post=24668"}],"version-history":[{"count":0,"href":"https:\/\/construcaocivil.siriusmarketingedesign.com.br\/index.php?rest_route=\/wp\/v2\/posts\/24668\/revisions"}],"wp:featuredmedia":[{"embeddable":true,"href":"https:\/\/construcaocivil.siriusmarketingedesign.com.br\/index.php?rest_route=\/wp\/v2\/media\/14849"}],"wp:attachment":[{"href":"https:\/\/construcaocivil.siriusmarketingedesign.com.br\/index.php?rest_route=%2Fwp%2Fv2%2Fmedia&parent=24668"}],"wp:term":[{"taxonomy":"category","embeddable":true,"href":"https:\/\/construcaocivil.siriusmarketingedesign.com.br\/index.php?rest_route=%2Fwp%2Fv2%2Fcategories&post=24668"},{"taxonomy":"post_tag","embeddable":true,"href":"https:\/\/construcaocivil.siriusmarketingedesign.com.br\/index.php?rest_route=%2Fwp%2Fv2%2Ftags&post=24668"}],"curies":[{"name":"wp","href":"https:\/\/api.w.org\/{rel}","templated":true}]}}