{"id":2467,"date":"2016-07-06T16:52:21","date_gmt":"2016-07-06T16:52:21","guid":{"rendered":"http:\/\/www.jornaldaconstrucaocivil.com.br\/?p=2467"},"modified":"2016-07-06T16:52:21","modified_gmt":"2016-07-06T16:52:21","slug":"forum-no-rio-promovera-assinatura-de-parcerias-publico-privadas-em-prol-da-sustentabilidade-da-cidade","status":"publish","type":"post","link":"https:\/\/construcaocivil.siriusmarketingedesign.com.br\/?p=2467","title":{"rendered":"F\u00f3rum no Rio promover\u00e1 assinatura de parcerias p\u00fablico-privadas em prol da sustentabilidade da cidade"},"content":{"rendered":"<p><span style=\"color: #000080;\"><strong>Em meio \u00e0 onda de not\u00edcias negativas que assolam o Rio de Janeiro, a cidade ser\u00e1 palco, dias 13 e 14 de julho, da assinatura de pelo menos seis acordos p\u00fablico-privados, entre diferentes setores da sociedade, visando a\u00e7\u00f5es em prol do desenvolvimento sustent\u00e1vel do munic\u00edpio. A costura ser\u00e1 alinhavada na Associa\u00e7\u00e3o Comercial, durante o I F\u00f3rum de Sustentabilidade do Rio, promovido pela Cariocas em A\u00e7\u00e3o, gestora do Pacto do Rio.<\/strong><\/span><\/p>\n<p><span style=\"color: #000000;\">O Pacto \u00e9 um movimento criado h\u00e1 pouco mais de um ano para promover e monitorar o desenvolvimento sustent\u00e1vel da Regi\u00e3o Metropolitana do Rio e elege a desigualdade s\u00f3cio econ\u00f4mica como o maior fator de risco para o desenvolvimento da regi\u00e3o e seu entorno. Com base nessa premissa, cada um dos seis temas a serem tratados no evento \u2013 Informa\u00e7\u00e3o para transforma\u00e7\u00e3o, mercado de capitais e empreendedorismo, organismos internacionais, favelas, uma nova economia e gest\u00e3o metropolitana \u2013 culminar\u00e1 em um acordo entre institui\u00e7\u00f5es p\u00fablicas, privadas, terceiro setor e universidades e o Pacto do Rio. Segundo Eduarda La Rocque, presidente da Cariocas em A\u00e7\u00e3o e fundadora do Pacto, os acordos tratar\u00e3o de quest\u00f5es complexas da cidade, com metas a serem cumpridas.<\/span><\/p>\n<p><span style=\"color: #000000;\">\u201cSomente a coopera\u00e7\u00e3o entre setores como uma nova forma de governan\u00e7a pode dar conta dos grandes desafios contempor\u00e2neos, como a desigualdade social e a viol\u00eancia, na maioria das vezes problemas oriundos de um modelo fundado em oposi\u00e7\u00f5es e n\u00e3o de acordos. Acreditamos que o sucesso dos esfor\u00e7os para reduzir as desigualdades depende muito da coopera\u00e7\u00e3o entre os diversos setores. Vamos sair deste evento com compromissos assinados, que n\u00e3o v\u00e3o ficar restritos a inten\u00e7\u00f5es listadas em um papel. Vamos colocar em pr\u00e1tica\u201d, disse Eduarda.<\/span><\/p>\n<p><span style=\"color: #000000;\">O F\u00f3rum vai reunir especialistas de institui\u00e7\u00f5es internacionais, academia, empresas e autoridades p\u00fablicas. S\u00e3o sete pain\u00e9is com mais de 40 palestrantes. Neste primeiro F\u00f3rum, todos os acordos assinados servir\u00e3o de base para a cria\u00e7\u00e3o do Centro de Resili\u00eancia Metropolitano, a ser inaugurado pelo Pacto at\u00e9 dezembro do ano que vem. Com a ajuda de parceiros, o Centro ir\u00e1 criar indicadores para medir a efici\u00eancia dos acordos e contar\u00e1 com o apoio da popula\u00e7\u00e3o para acompanhar os projetos. Ao mesmo tempo, o Centro funcionar\u00e1 como um ponto de encontro para todos os que participam da gest\u00e3o do Pacto \u2013 \u00f3rg\u00e3os p\u00fablicos, centros de pesquisa, popula\u00e7\u00e3o, terceiro setor, parceiros privados e organismos internacionais \u2013 e como um reposit\u00f3rio de informa\u00e7\u00f5es sobre a cidade.<\/span><\/p>\n<p><span style=\"color: #000000;\">Segundo Viviane Mos\u00e9, co-fundadora do Pacto, com essa primeira leva de informa\u00e7\u00f5es, o grupo apresentar\u00e1, em mar\u00e7o de 2017, o Plano de Resili\u00eancia Metropolitano, com propostas de novas a\u00e7\u00f5es para a cidade. \u201cO Pacto do Rio \u00e9 uma rede entre redes, uma converg\u00eancia de for\u00e7as em torno de um objetivo comum: uma cidade mais segura para todos\u201d, disse ela.<\/span><\/p>\n<p>A programa\u00e7\u00e3o completa est\u00e1 no site <span style=\"color: #0000ff;\">http:\/\/forumdesustentabilidade.rio\/<\/span>. O evento \u00e9 gratuito, mas as vagas s\u00e3o limitadas.<\/p>\n<p><strong>Servi\u00e7o:<\/strong><\/p>\n<p><span style=\"color: #000000;\">I F\u00f3rum de Sustentabilidade do Rio<\/span><\/p>\n<p><span style=\"color: #0000ff;\">http:\/\/forumdesustentabilidade.rio\/<\/span><\/p>\n<p><span style=\"color: #000000;\">Data: 13 e 14 de Julho<\/span><\/p>\n<p><span style=\"color: #000000;\">Local: Associa\u00e7\u00e3o Comercial do Rio (ACRio) &#8211; R. Candel\u00e1ria, 9 &#8211; Centro, Rio de Janeiro<\/span><\/p>\n","protected":false},"excerpt":{"rendered":"<p>Em meio \u00e0 onda de not\u00edcias negativas que assolam o Rio de Janeiro, a cidade ser\u00e1 palco, dias 13 e 14 de julho, da assinatura de pelo menos seis acordos p\u00fablico-privados, entre diferentes setores da sociedade, visando a\u00e7\u00f5es em prol do desenvolvimento sustent\u00e1vel do munic\u00edpio. A costura ser\u00e1 alinhavada na Associa\u00e7\u00e3o Comercial, durante o I [&hellip;]<\/p>\n","protected":false},"author":1,"featured_media":0,"comment_status":"open","ping_status":"open","sticky":false,"template":"","format":"standard","meta":{"_uag_custom_page_level_css":"","footnotes":""},"categories":[31],"tags":[1023,3856,3956,8566,8647,10103],"class_list":["post-2467","post","type-post","status-publish","format-standard","hentry","category-infraestrutura","tag-associacao-comercial-do-rio","tag-economia","tag-eduarda-la-rocque-presidente-da-cariocas-em-acao","tag-pacto-do-rio","tag-parceria-publico-privado","tag-regiao-metropolitana-do-rio"],"blocksy_meta":[],"spectra_blocks_featured_image_url":null,"spectra_blocks_author_info":{"display_name":"Jornal da Constru\u00e7\u00e3o Civil","avatar_url":"https:\/\/secure.gravatar.com\/avatar\/973c9774fd44ddaceb026973c4962faa70fc512bc4c9da68e8ebb40fecee6540?s=96&d=mm&r=g","author_link":"https:\/\/construcaocivil.siriusmarketingedesign.com.br\/?author=1","description":"Desde de 2013, levando muitas informa\u00e7\u00f5es, lan\u00e7amentos e produtos de qualidade para toda cadeia produtiva da constru\u00e7\u00e3o. O Futuro da constru\u00e7\u00e3o passa por aqui,"},"uagb_featured_image_src":{"full":false,"thumbnail":false,"medium":false,"medium_large":false,"large":false,"1536x1536":false,"2048x2048":false},"uagb_author_info":{"display_name":"Jornal da Constru\u00e7\u00e3o Civil","author_link":"https:\/\/construcaocivil.siriusmarketingedesign.com.br\/?author=1"},"uagb_comment_info":0,"uagb_excerpt":"Em meio \u00e0 onda de not\u00edcias negativas que assolam o Rio de Janeiro, a cidade ser\u00e1 palco, dias 13 e 14 de julho, da assinatura de pelo menos seis acordos p\u00fablico-privados, entre diferentes setores da sociedade, visando a\u00e7\u00f5es em prol do desenvolvimento sustent\u00e1vel do munic\u00edpio. A costura ser\u00e1 alinhavada na Associa\u00e7\u00e3o Comercial, durante o I&hellip;","_links":{"self":[{"href":"https:\/\/construcaocivil.siriusmarketingedesign.com.br\/index.php?rest_route=\/wp\/v2\/posts\/2467","targetHints":{"allow":["GET"]}}],"collection":[{"href":"https:\/\/construcaocivil.siriusmarketingedesign.com.br\/index.php?rest_route=\/wp\/v2\/posts"}],"about":[{"href":"https:\/\/construcaocivil.siriusmarketingedesign.com.br\/index.php?rest_route=\/wp\/v2\/types\/post"}],"author":[{"embeddable":true,"href":"https:\/\/construcaocivil.siriusmarketingedesign.com.br\/index.php?rest_route=\/wp\/v2\/users\/1"}],"replies":[{"embeddable":true,"href":"https:\/\/construcaocivil.siriusmarketingedesign.com.br\/index.php?rest_route=%2Fwp%2Fv2%2Fcomments&post=2467"}],"version-history":[{"count":0,"href":"https:\/\/construcaocivil.siriusmarketingedesign.com.br\/index.php?rest_route=\/wp\/v2\/posts\/2467\/revisions"}],"wp:attachment":[{"href":"https:\/\/construcaocivil.siriusmarketingedesign.com.br\/index.php?rest_route=%2Fwp%2Fv2%2Fmedia&parent=2467"}],"wp:term":[{"taxonomy":"category","embeddable":true,"href":"https:\/\/construcaocivil.siriusmarketingedesign.com.br\/index.php?rest_route=%2Fwp%2Fv2%2Fcategories&post=2467"},{"taxonomy":"post_tag","embeddable":true,"href":"https:\/\/construcaocivil.siriusmarketingedesign.com.br\/index.php?rest_route=%2Fwp%2Fv2%2Ftags&post=2467"}],"curies":[{"name":"wp","href":"https:\/\/api.w.org\/{rel}","templated":true}]}}