{"id":24671,"date":"2024-11-12T10:47:06","date_gmt":"2024-11-12T13:47:06","guid":{"rendered":"https:\/\/www.jornaldaconstrucaocivil.com.br\/?p=24671"},"modified":"2024-11-12T10:47:06","modified_gmt":"2024-11-12T13:47:06","slug":"seminario-sobre-tecnologia-inovacao-e-agroecologia-ocorre-no-rio-de-janeiro-de-12-a-14-de-novembro","status":"publish","type":"post","link":"https:\/\/construcaocivil.siriusmarketingedesign.com.br\/?p=24671","title":{"rendered":"Semin\u00e1rio sobre tecnologia, inova\u00e7\u00e3o e agroecologia ocorre no Rio de Janeiro, de 12 a 14 de novembro"},"content":{"rendered":"<p style=\"text-align: justify;\"><strong>Apoiado pela Finep, atividade servir\u00e1 de prepara\u00e7\u00e3o para a participa\u00e7\u00e3o de fam\u00edlias da Reforma Agr\u00e1ria na C\u00fapula Social do G20<\/strong><\/p>\n<p style=\"text-align: justify;\">\n<p style=\"text-align: justify;\">Entre 12 e 14 de outubro, ocorrer\u00e1 o Semin\u00e1rio \u201cTecnologia e Inova\u00e7\u00e3o &#8211; A Agroecologia na Reforma Agr\u00e1ria\u201d, no Rio de Janeiro, RJ. A atividade acontecer\u00e1 no Clube da Engenharia, no centro carioca e contar\u00e1 com a presen\u00e7a de fam\u00edlias e militantes do Movimento dos Trabalhadores Rurais Sem Terra (MST). O Semin\u00e1rio far\u00e1 parte do processo de prepara\u00e7\u00e3o da participa\u00e7\u00e3o do MST na C\u00fapula Social do G20, entre os pr\u00f3ximos dias 14 e 16.<\/p>\n<p style=\"text-align: justify;\">\n<p style=\"text-align: justify;\">Na programa\u00e7\u00e3o, debates sobre a Reforma Agr\u00e1ria, o desafio da produ\u00e7\u00e3o de alimentos saud\u00e1veis, desenvolvimento econ\u00f4mico e crise clim\u00e1tica. No dia 14 de novembro, como parte das atividades autogestionadas organizadas no \u00e2mbito da C\u00fapula Social, haver\u00e1 a plen\u00e1ria \u201cTecnologia e Inova\u00e7\u00e3o na Agricultura Familiar: crise clim\u00e1tica, agroecologia e combate \u00e0 fome\u201d. A plen\u00e1ria, que ocorrer\u00e1 no Armaz\u00e9m 3 do Boulevard Ol\u00edmpico, ter\u00e1 a presen\u00e7a de Ana Terra Reis, Secret\u00e1ria de Abastecimento, Cooperativismo e Soberania Alimentar do Minist\u00e9rio do Desenvolvimento Agr\u00e1rio e Agricultura Familiar e de Celso Pansera, Presidente da Finep.<\/p>\n<p style=\"text-align: justify;\">\n<p style=\"text-align: justify;\">\u201cEste ser\u00e1 um importante espa\u00e7o de debate sobre a import\u00e2ncia do desenvolvimento tecnol\u00f3gico para garantirmos a produ\u00e7\u00e3o de alimentos saud\u00e1veis para o povo brasileiro\u201d, afirmou D\u00e9bora Nunes, da coordena\u00e7\u00e3o nacional do MST. J\u00e1 Renata Menezes, da dire\u00e7\u00e3o nacional do Movimento, apontou o car\u00e1ter da participa\u00e7\u00e3o da organiza\u00e7\u00e3o na C\u00fapula Social do G20. \u201cEnquanto movimentos sociais, queremos reafirmar nossa den\u00fancia contra a d\u00edvida, as guerras, contra as mazelas que o capitalismo imp\u00f5e aos povos e aos Estados do Sul Global\u201d, destacou Menezes.<\/p>\n<p style=\"text-align: justify;\">\n<p style=\"text-align: justify;\">\u201cDurante a reuni\u00e3o dos chefes de Estado do G20, uma s\u00e9rie de acordos ser\u00e3o firmados, os quais impactar\u00e3o diretamente a vida dos povos do Sul Global\u201d, lembrou Er\u00f3 Silva, da dire\u00e7\u00e3o nacional do MST no Rio de Janeiro. De acordo com a dirigente, apesar dos v\u00e1rios acordos entre os pa\u00edses, nenhum deles buscar\u00e1 por fim \u00e0s guerras, que tanto beneficiam a manuten\u00e7\u00e3o da fome.<\/p>\n<p style=\"text-align: justify;\">\n<p style=\"text-align: justify;\">O Semin\u00e1rio \u201cTecnologia e Inova\u00e7\u00e3o &#8211; A Agroecologia na Reforma Agr\u00e1ria\u201d tem patroc\u00ednio da Finep, Minist\u00e9rio de Ci\u00eancia e Tecnologia e do Governo Federal.<\/p>\n<p style=\"text-align: justify;\">\n<p style=\"text-align: justify;\">SERVI\u00c7O:<\/p>\n<p style=\"text-align: justify;\">\n<p style=\"text-align: justify;\">Semin\u00e1rio \u201cTecnologia e Inova\u00e7\u00e3o &#8211; A Agroecologia na Reforma Agr\u00e1ria\u201d e Plen\u00e1ria \u201cTecnologia e Inova\u00e7\u00e3o na Agricultura Familiar: crise clim\u00e1tica, agroecologia e combate \u00e0 fome\u201d<\/p>\n<p style=\"text-align: justify;\">\n<p style=\"text-align: justify;\">Dias 12 e 13\/11 no Clube da Engenharia, Avenida Rio Branco, Rio de Janeiro, RJ;<\/p>\n<p style=\"text-align: justify;\">\n<p style=\"text-align: justify;\">Dia 14\/11: Armaz\u00e9m 3 do Boulevard Ol\u00edmpico, Rio de Janeiro, RJ.<\/p>\n<p style=\"text-align: justify;\">\n","protected":false},"excerpt":{"rendered":"<p>Apoiado pela Finep, atividade servir\u00e1 de prepara\u00e7\u00e3o para a participa\u00e7\u00e3o de fam\u00edlias da Reforma Agr\u00e1ria na C\u00fapula Social do G20 Entre 12 e 14 de outubro, ocorrer\u00e1 o Semin\u00e1rio \u201cTecnologia e Inova\u00e7\u00e3o &#8211; A Agroecologia na Reforma Agr\u00e1ria\u201d, no Rio de Janeiro, RJ. A atividade acontecer\u00e1 no Clube da Engenharia, no centro carioca e contar\u00e1 [&hellip;]<\/p>\n","protected":false},"author":1,"featured_media":24672,"comment_status":"open","ping_status":"open","sticky":false,"template":"","format":"standard","meta":{"_uag_custom_page_level_css":"","footnotes":""},"categories":[37],"tags":[529,532,27025,5089,26172,14443,27024],"class_list":["post-24671","post","type-post","status-publish","format-standard","has-post-thumbnail","hentry","category-sustentabilidade","tag-agricultura","tag-agricultura-familiar","tag-alimento-sem-veneno","tag-finep","tag-g20-rj","tag-mst","tag-soberania-alimentar"],"blocksy_meta":[],"spectra_blocks_featured_image_url":{"thumbnail":{"url":"https:\/\/construcaocivil.siriusmarketingedesign.com.br\/wp-content\/uploads\/2024\/11\/unnamed-2-150x150.png","width":150,"height":150},"medium":{"url":"https:\/\/construcaocivil.siriusmarketingedesign.com.br\/wp-content\/uploads\/2024\/11\/unnamed-2-300x203.png","width":300,"height":203},"medium_large":{"url":"https:\/\/construcaocivil.siriusmarketingedesign.com.br\/wp-content\/uploads\/2024\/11\/unnamed-2.png","width":684,"height":463},"large":{"url":"https:\/\/construcaocivil.siriusmarketingedesign.com.br\/wp-content\/uploads\/2024\/11\/unnamed-2.png","width":684,"height":463},"full":{"url":"https:\/\/construcaocivil.siriusmarketingedesign.com.br\/wp-content\/uploads\/2024\/11\/unnamed-2.png","width":684,"height":463}},"spectra_blocks_author_info":{"display_name":"Jornal da Constru\u00e7\u00e3o Civil","avatar_url":"https:\/\/secure.gravatar.com\/avatar\/973c9774fd44ddaceb026973c4962faa70fc512bc4c9da68e8ebb40fecee6540?s=96&d=mm&r=g","author_link":"https:\/\/construcaocivil.siriusmarketingedesign.com.br\/?author=1","description":"Desde de 2013, levando muitas informa\u00e7\u00f5es, lan\u00e7amentos e produtos de qualidade para toda cadeia produtiva da constru\u00e7\u00e3o. O Futuro da constru\u00e7\u00e3o passa por aqui,"},"uagb_featured_image_src":{"full":["https:\/\/construcaocivil.siriusmarketingedesign.com.br\/wp-content\/uploads\/2024\/11\/unnamed-2.png",684,463,false],"thumbnail":["https:\/\/construcaocivil.siriusmarketingedesign.com.br\/wp-content\/uploads\/2024\/11\/unnamed-2-150x150.png",150,150,true],"medium":["https:\/\/construcaocivil.siriusmarketingedesign.com.br\/wp-content\/uploads\/2024\/11\/unnamed-2-300x203.png",300,203,true],"medium_large":["https:\/\/construcaocivil.siriusmarketingedesign.com.br\/wp-content\/uploads\/2024\/11\/unnamed-2.png",684,463,false],"large":["https:\/\/construcaocivil.siriusmarketingedesign.com.br\/wp-content\/uploads\/2024\/11\/unnamed-2.png",684,463,false],"1536x1536":["https:\/\/construcaocivil.siriusmarketingedesign.com.br\/wp-content\/uploads\/2024\/11\/unnamed-2.png",684,463,false],"2048x2048":["https:\/\/construcaocivil.siriusmarketingedesign.com.br\/wp-content\/uploads\/2024\/11\/unnamed-2.png",684,463,false]},"uagb_author_info":{"display_name":"Jornal da Constru\u00e7\u00e3o Civil","author_link":"https:\/\/construcaocivil.siriusmarketingedesign.com.br\/?author=1"},"uagb_comment_info":0,"uagb_excerpt":"Apoiado pela Finep, atividade servir\u00e1 de prepara\u00e7\u00e3o para a participa\u00e7\u00e3o de fam\u00edlias da Reforma Agr\u00e1ria na C\u00fapula Social do G20 Entre 12 e 14 de outubro, ocorrer\u00e1 o Semin\u00e1rio \u201cTecnologia e Inova\u00e7\u00e3o &#8211; A Agroecologia na Reforma Agr\u00e1ria\u201d, no Rio de Janeiro, RJ. A atividade acontecer\u00e1 no Clube da Engenharia, no centro carioca e contar\u00e1&hellip;","_links":{"self":[{"href":"https:\/\/construcaocivil.siriusmarketingedesign.com.br\/index.php?rest_route=\/wp\/v2\/posts\/24671","targetHints":{"allow":["GET"]}}],"collection":[{"href":"https:\/\/construcaocivil.siriusmarketingedesign.com.br\/index.php?rest_route=\/wp\/v2\/posts"}],"about":[{"href":"https:\/\/construcaocivil.siriusmarketingedesign.com.br\/index.php?rest_route=\/wp\/v2\/types\/post"}],"author":[{"embeddable":true,"href":"https:\/\/construcaocivil.siriusmarketingedesign.com.br\/index.php?rest_route=\/wp\/v2\/users\/1"}],"replies":[{"embeddable":true,"href":"https:\/\/construcaocivil.siriusmarketingedesign.com.br\/index.php?rest_route=%2Fwp%2Fv2%2Fcomments&post=24671"}],"version-history":[{"count":0,"href":"https:\/\/construcaocivil.siriusmarketingedesign.com.br\/index.php?rest_route=\/wp\/v2\/posts\/24671\/revisions"}],"wp:featuredmedia":[{"embeddable":true,"href":"https:\/\/construcaocivil.siriusmarketingedesign.com.br\/index.php?rest_route=\/wp\/v2\/media\/24672"}],"wp:attachment":[{"href":"https:\/\/construcaocivil.siriusmarketingedesign.com.br\/index.php?rest_route=%2Fwp%2Fv2%2Fmedia&parent=24671"}],"wp:term":[{"taxonomy":"category","embeddable":true,"href":"https:\/\/construcaocivil.siriusmarketingedesign.com.br\/index.php?rest_route=%2Fwp%2Fv2%2Fcategories&post=24671"},{"taxonomy":"post_tag","embeddable":true,"href":"https:\/\/construcaocivil.siriusmarketingedesign.com.br\/index.php?rest_route=%2Fwp%2Fv2%2Ftags&post=24671"}],"curies":[{"name":"wp","href":"https:\/\/api.w.org\/{rel}","templated":true}]}}