{"id":24680,"date":"2024-11-13T16:33:34","date_gmt":"2024-11-13T19:33:34","guid":{"rendered":"https:\/\/www.jornaldaconstrucaocivil.com.br\/?p=24680"},"modified":"2024-11-13T16:33:34","modified_gmt":"2024-11-13T19:33:34","slug":"construcao-em-destaque-solucoes-tecnologicas-360-mil-quilos-de-aco-e-3-mil-m%c2%b3-de-cimento-marcam-a-concretagem-de-edificio-da-embraed","status":"publish","type":"post","link":"https:\/\/construcaocivil.siriusmarketingedesign.com.br\/?p=24680","title":{"rendered":"Constru\u00e7\u00e3o em destaque: Solu\u00e7\u00f5es tecnol\u00f3gicas, 360 mil quilos de a\u00e7o e 3 mil m\u00b3 de cimento marcam a concretagem de edif\u00edcio da Embraed"},"content":{"rendered":"<p style=\"text-align: justify;\"><strong><em>Empresa investiu em tecnologia, estudos pr\u00e9vios e log\u00edstica para concretar o bloco estrutural do empreendimento Marena em tempo recorde<\/em><\/strong><\/p>\n<p style=\"text-align: justify;\"><span style=\"color: #0000ff;\">Novembro<\/span> &#8211; A obra do empreendimento Marena, em constru\u00e7\u00e3o em Balne\u00e1rio Cambori\u00fa, tornou-se mais um marco na hist\u00f3ria da <strong><a href=\"https:\/\/www.embraed.com.br\/pt-BR\">Embraed<\/a><\/strong>. A incorporadora, reconhecida pela qualidade e exclusividade de seus empreendimentos, investiu em tecnologia e log\u00edstica na concretagem do bloco estrutural do edif\u00edcio, que envolveu uma opera\u00e7\u00e3o gigantesca.<\/p>\n<p style=\"text-align: justify;\">Foram utilizados 3.384 m\u00b3 de concreto, 423 caminh\u00f5es betoneira, 270 mil quilos de gelo e 120 pessoas envolvidas. \u201cO gelo \u00e9 misturado \u00e0 massa e utilizado para reduzir a temperatura da pega [endurecimento do cimento], processo qu\u00edmico que gera calor e que, se passar dos 60\u00baC, tem risco de gerar trincas, o que pode comprometer a estrutura\u201d, explica Emerson Pompeo, diretor de engenharia e obras da <span style=\"color: #0000ff;\"><strong><a style=\"color: #0000ff;\" href=\"https:\/\/www.embraed.com.br\/pt-BR\">Embraed<\/a><\/strong><\/span>.<\/p>\n<p style=\"text-align: justify;\">Para eliminar qualquer possibilidade nesse sentido, al\u00e9m do gelo, a concretagem contou com a adi\u00e7\u00e3o de aditivos para retardar o processo de pega e com termopares, esp\u00e9cie de term\u00f4metro inserido em diversas camadas do concreto para registrar e enviar, em tempo real, os dados de temperatura no interior da massa do bloco para monitoramento e controle.<\/p>\n<p style=\"text-align: justify;\">\u201cFizemos o planejamento junto com a concreteira e tivemos o acompanhamento de um t\u00e9cnico terceirizado para o desenvolvimento do tra\u00e7o [\u201creceita\u201d da massa de concreto], a escolha do concreto autoadens\u00e1vel (que flui e se acomoda por conta pr\u00f3pria, sem a necessidade de vibra\u00e7\u00e3o) e para a log\u00edstica, que contemplou o trabalho de caminh\u00f5es betoneira com duas lan\u00e7as simult\u00e2neas, uma em cada rua. Isso garantiu a qualidade e a velocidade da concretagem, realizada em tr\u00eas dias, tempo recorde que impacta nos custos indiretos e no cronograma da obra\u201d, acrescenta o diretor.<\/p>\n<p style=\"text-align: justify;\"><strong>Estrutura<\/strong><\/p>\n<p style=\"text-align: justify;\">Aos n\u00fameros expressivos da etapa de concretagem, somam-se os da estrutura do bloco que recebeu a massa de concreto. Foram utilizados 360 mil quilos de a\u00e7o, que tamb\u00e9m trouxe inova\u00e7\u00f5es tecnol\u00f3gicas \u00e0 obra do Marena. Tal caracter\u00edstica eleva ainda mais a resist\u00eancia \u00e0 tra\u00e7\u00e3o e o desempenho da constru\u00e7\u00e3o em compara\u00e7\u00e3o \u00e0s que utilizam o a\u00e7o convencional, garantindo maior integridade e estabilidade \u00e0s estruturas do edif\u00edcio.<\/p>\n<p style=\"text-align: justify;\">\u201cOnde n\u00e3o havia pr\u00e9dios vizinhos, trabalhamos com paredes diafragma de 16 a 18 metros de profundidade, al\u00e9m de tirantes nas cortinas para garantir a estabilidade. Nos locais pr\u00f3ximos \u00e0s edifica\u00e7\u00f5es vizinhas, usamos estroncas met\u00e1licas no lugar dos tirantes tradicionais para garantir a estabilidade das paredes de conten\u00e7\u00e3o, evitando qualquer risco\u201d, completa Pompeo.<\/p>\n<p style=\"text-align: justify;\"><strong>Sobre o Marena <\/strong><\/p>\n<p style=\"text-align: justify;\">O Marena est\u00e1 em constru\u00e7\u00e3o em Balne\u00e1rio Cambori\u00fa (SC), a 140 metros da beira-mar, e oferece ambientes integrados e ampla \u00e1rea de lazer que privilegiam a ventila\u00e7\u00e3o e a luz natural abundantes, promovendo bem-estar aos moradores. Com cerca de 196 metros de altura, a torre \u00fanica abriga 131 apartamentos, incluindo cobertura duplex, distribu\u00eddos em 60 pavimentos. O empreendimento ocupa um terreno de 4.288 m\u00b2, com mais de 55 mil m\u00b2 de \u00e1rea constru\u00edda.<\/p>\n<p style=\"text-align: justify;\">\n<p style=\"text-align: justify;\">\n","protected":false},"excerpt":{"rendered":"<p>Empresa investiu em tecnologia, estudos pr\u00e9vios e log\u00edstica para concretar o bloco estrutural do empreendimento Marena em tempo recorde Novembro &#8211; A obra do empreendimento Marena, em constru\u00e7\u00e3o em Balne\u00e1rio Cambori\u00fa, tornou-se mais um marco na hist\u00f3ria da Embraed. A incorporadora, reconhecida pela qualidade e exclusividade de seus empreendimentos, investiu em tecnologia e log\u00edstica na [&hellip;]<\/p>\n","protected":false},"author":1,"featured_media":24681,"comment_status":"open","ping_status":"open","sticky":false,"template":"","format":"standard","meta":{"_uag_custom_page_level_css":"","footnotes":""},"categories":[31],"tags":[1236,16783,19051,24374,27027,27028],"class_list":["post-24680","post","type-post","status-publish","format-standard","has-post-thumbnail","hentry","category-infraestrutura","tag-balneario-camboriu-sc","tag-caminhoes-betoneiras","tag-concreto-na-obra","tag-embraed","tag-estrutura-de-aco","tag-trabalhadores-construcao-civil"],"blocksy_meta":[],"spectra_blocks_featured_image_url":{"thumbnail":{"url":"https:\/\/construcaocivil.siriusmarketingedesign.com.br\/wp-content\/uploads\/2024\/11\/Blocao-150x150.jpg","width":150,"height":150},"medium":{"url":"https:\/\/construcaocivil.siriusmarketingedesign.com.br\/wp-content\/uploads\/2024\/11\/Blocao-300x169.jpg","width":300,"height":169},"medium_large":{"url":"https:\/\/construcaocivil.siriusmarketingedesign.com.br\/wp-content\/uploads\/2024\/11\/Blocao-768x432.jpg","width":768,"height":432},"large":{"url":"https:\/\/construcaocivil.siriusmarketingedesign.com.br\/wp-content\/uploads\/2024\/11\/Blocao-1024x576.jpg","width":1024,"height":576},"full":{"url":"https:\/\/construcaocivil.siriusmarketingedesign.com.br\/wp-content\/uploads\/2024\/11\/Blocao.jpg","width":1920,"height":1080}},"spectra_blocks_author_info":{"display_name":"Jornal da Constru\u00e7\u00e3o Civil","avatar_url":"https:\/\/secure.gravatar.com\/avatar\/973c9774fd44ddaceb026973c4962faa70fc512bc4c9da68e8ebb40fecee6540?s=96&d=mm&r=g","author_link":"https:\/\/construcaocivil.siriusmarketingedesign.com.br\/?author=1","description":"Desde de 2013, levando muitas informa\u00e7\u00f5es, lan\u00e7amentos e produtos de qualidade para toda cadeia produtiva da constru\u00e7\u00e3o. O Futuro da constru\u00e7\u00e3o passa por aqui,"},"uagb_featured_image_src":{"full":["https:\/\/construcaocivil.siriusmarketingedesign.com.br\/wp-content\/uploads\/2024\/11\/Blocao.jpg",1920,1080,false],"thumbnail":["https:\/\/construcaocivil.siriusmarketingedesign.com.br\/wp-content\/uploads\/2024\/11\/Blocao-150x150.jpg",150,150,true],"medium":["https:\/\/construcaocivil.siriusmarketingedesign.com.br\/wp-content\/uploads\/2024\/11\/Blocao-300x169.jpg",300,169,true],"medium_large":["https:\/\/construcaocivil.siriusmarketingedesign.com.br\/wp-content\/uploads\/2024\/11\/Blocao-768x432.jpg",768,432,true],"large":["https:\/\/construcaocivil.siriusmarketingedesign.com.br\/wp-content\/uploads\/2024\/11\/Blocao-1024x576.jpg",1024,576,true],"1536x1536":["https:\/\/construcaocivil.siriusmarketingedesign.com.br\/wp-content\/uploads\/2024\/11\/Blocao-1536x864.jpg",1536,864,true],"2048x2048":["https:\/\/construcaocivil.siriusmarketingedesign.com.br\/wp-content\/uploads\/2024\/11\/Blocao.jpg",1920,1080,false]},"uagb_author_info":{"display_name":"Jornal da Constru\u00e7\u00e3o Civil","author_link":"https:\/\/construcaocivil.siriusmarketingedesign.com.br\/?author=1"},"uagb_comment_info":0,"uagb_excerpt":"Empresa investiu em tecnologia, estudos pr\u00e9vios e log\u00edstica para concretar o bloco estrutural do empreendimento Marena em tempo recorde Novembro &#8211; A obra do empreendimento Marena, em constru\u00e7\u00e3o em Balne\u00e1rio Cambori\u00fa, tornou-se mais um marco na hist\u00f3ria da Embraed. A incorporadora, reconhecida pela qualidade e exclusividade de seus empreendimentos, investiu em tecnologia e log\u00edstica na&hellip;","_links":{"self":[{"href":"https:\/\/construcaocivil.siriusmarketingedesign.com.br\/index.php?rest_route=\/wp\/v2\/posts\/24680","targetHints":{"allow":["GET"]}}],"collection":[{"href":"https:\/\/construcaocivil.siriusmarketingedesign.com.br\/index.php?rest_route=\/wp\/v2\/posts"}],"about":[{"href":"https:\/\/construcaocivil.siriusmarketingedesign.com.br\/index.php?rest_route=\/wp\/v2\/types\/post"}],"author":[{"embeddable":true,"href":"https:\/\/construcaocivil.siriusmarketingedesign.com.br\/index.php?rest_route=\/wp\/v2\/users\/1"}],"replies":[{"embeddable":true,"href":"https:\/\/construcaocivil.siriusmarketingedesign.com.br\/index.php?rest_route=%2Fwp%2Fv2%2Fcomments&post=24680"}],"version-history":[{"count":0,"href":"https:\/\/construcaocivil.siriusmarketingedesign.com.br\/index.php?rest_route=\/wp\/v2\/posts\/24680\/revisions"}],"wp:featuredmedia":[{"embeddable":true,"href":"https:\/\/construcaocivil.siriusmarketingedesign.com.br\/index.php?rest_route=\/wp\/v2\/media\/24681"}],"wp:attachment":[{"href":"https:\/\/construcaocivil.siriusmarketingedesign.com.br\/index.php?rest_route=%2Fwp%2Fv2%2Fmedia&parent=24680"}],"wp:term":[{"taxonomy":"category","embeddable":true,"href":"https:\/\/construcaocivil.siriusmarketingedesign.com.br\/index.php?rest_route=%2Fwp%2Fv2%2Fcategories&post=24680"},{"taxonomy":"post_tag","embeddable":true,"href":"https:\/\/construcaocivil.siriusmarketingedesign.com.br\/index.php?rest_route=%2Fwp%2Fv2%2Ftags&post=24680"}],"curies":[{"name":"wp","href":"https:\/\/api.w.org\/{rel}","templated":true}]}}