{"id":2473,"date":"2016-07-06T18:00:20","date_gmt":"2016-07-06T18:00:20","guid":{"rendered":"http:\/\/www.jornaldaconstrucaocivil.com.br\/?p=2473"},"modified":"2016-07-06T18:00:20","modified_gmt":"2016-07-06T18:00:20","slug":"cimento-une-industria-e-academia","status":"publish","type":"post","link":"https:\/\/construcaocivil.siriusmarketingedesign.com.br\/?p=2473","title":{"rendered":"Cimento une ind\u00fastria e academia"},"content":{"rendered":"<p><span style=\"color: #000080;\"><strong>Iniciativa ir\u00e1 direcionar as pesquisas do setor de cimento de acordo com as necessidades espec\u00edficas da ind\u00fastria. Lan\u00e7amento contou com presen\u00e7a de membros do setor e de estudiosos sobre o tema. Rede \u00e9 coordenada por um dos grandes nomes da constru\u00e7\u00e3o sustent\u00e1vel no Brasil, professor Vanderley John (USP)<\/strong><\/span><\/p>\n<p><span style=\"color: #000000;\">No \u00faltimo dia 23 de junho, foi lan\u00e7ada na sede da Associa\u00e7\u00e3o Brasileira de Cimento Portland &#8211; ABCP, (atualmente compartilhada com a Ag\u00eancia USP Inova\u00e7\u00e3o), uma rede de integra\u00e7\u00e3o entre pesquisadores da academia, institui\u00e7\u00f5es publicas e privadas e profissionais da ind\u00fastria do cimento que unidos v\u00e3o trabalhar no desenvolvimento e direcionamento de pesquisa para o setor de cimento. Trata-se da Rede Lat-RILEM, (Rede Latino-Americana de Pesquisa em Cimento), sucursal latina da Rilem (Rede Internacional de Laborat\u00f3rios de Ensaios de Materiais), sediada em Paris (FRA).<\/span><\/p>\n<p><span style=\"color: #000000;\">Coordenada pelo professor dr. Vanderley Moacir John, da Escola Polit\u00e9cnica da USP&#8211; especialista e pesquisador em constru\u00e7\u00e3o sustent\u00e1vel do Brasil &#8211;, essa rede tem por objetivo aumentar a efic\u00e1cia social da pesquisa, acelerar o desenvolvimento de solu\u00e7\u00f5es para problemas t\u00e9cnicos relevantes da cadeia produtiva do cimento,\u00a0 incluindo solu\u00e7\u00f5es e a\u00e7\u00f5es\u00a0 dirigidas para reduzir o impacto ambiental,\u200b bem como \u200bpropiciar\u200b\u00a0 a forma\u00e7\u00e3o de recursos humanos qualificados, tanto para a ind\u00fastria como para a academia brasileira.<\/span><\/p>\n<p><span style=\"color: #000000;\">Na pr\u00e1tica a Rede vai privilegiar a busca de pontos de interesse comuns, atuando na \u00e1rea de conhecimento b\u00e1sico, e desenvolvimento de pesquisas em n\u00edvel pr\u00e9-competitivo. Tamb\u00e9m dar\u00e1 suporte t\u00e9cnico para melhoria da normaliza\u00e7\u00e3o do cimento, sem, no entanto, avan\u00e7ar em especifica\u00e7\u00f5es de produto, &#8212; objetos de negocia\u00e7\u00e3o nos f\u00f3runs normativos. E far\u00e1 o\u00a0 compartilhamento de laborat\u00f3rios e incentivar\u00e1 a colabora\u00e7\u00e3o na busca de financiamento a pesquisas.<\/span><\/p>\n<p><span style=\"color: #000000;\">Para a ind\u00fastria, a chegada da Rede Lat-RILEM no Brasil \u00e9 uma oportunidade de otimizar os investimentos e custos de pesquisa e melhorar a capta\u00e7\u00e3o de recursos humanos, o que deve facilitar a atra\u00e7\u00e3o de talentos. Para a academia a Rede oferecer\u00e1 uma oportunidade de colabora\u00e7\u00e3o e de aumentar a relev\u00e2ncia social das atividades de pesquisa, al\u00e9m de ter acesso ao conhecimento acumulado na ind\u00fastria cimenteira.<\/span><\/p>\n<p><span style=\"color: #000000;\">Por ser associada \u00e0\u00a0 Nanocem, a Rede Lat-RILEM permitir\u00e1 aos seus membros acesso aos conhecimentos j\u00e1 acumulados nesta rede europeia, potencializando ainda mais as pesquisas que ser\u00e3o desenvolvidas em prol do cimento brasileiro.<\/span><\/p>\n<p><span style=\"color: #000000;\">O lan\u00e7amento da rede Lat-RILEM contou com a presen\u00e7a de representantes das seguintes empresas, institutos e universidades: ABCP, Bruker, Ciplan, Poli\/USP, FEI, GCP (antiga Grace), Instituto Federal da Para\u00edba, Intercement, IPT, UFPB, UFRGS, UNB, UNESP, UNICEn (Argentina), Votorantim Cimentos, entre outras organiza\u00e7\u00f5es. Bruker e GCP patrocinaram o evento.<\/span><\/p>\n<p><span style=\"color: #000000;\">A iniciativa continua aberta \u00e0 \u200bades\u00e3o. Empresas e entidades de pesquisa interessados em participar devem entrar em contato professor Vanderley M. John.<\/span><\/p>\n<p><span style=\"color: #993300;\">A pr\u00f3xima reuni\u00e3o ser\u00e1 realizada no segundo semestre do pr\u00f3ximo ano.<\/span><\/p>\n<p><span style=\"color: #000080;\">Fonte: Assessoria de Imprensa ABCP<\/span><\/p>\n","protected":false},"excerpt":{"rendered":"<p>Iniciativa ir\u00e1 direcionar as pesquisas do setor de cimento de acordo com as necessidades espec\u00edficas da ind\u00fastria. Lan\u00e7amento contou com presen\u00e7a de membros do setor e de estudiosos sobre o tema. Rede \u00e9 coordenada por um dos grandes nomes da constru\u00e7\u00e3o sustent\u00e1vel no Brasil, professor Vanderley John (USP) No \u00faltimo dia 23 de junho, foi [&hellip;]<\/p>\n","protected":false},"author":1,"featured_media":0,"comment_status":"open","ping_status":"open","sticky":false,"template":"","format":"standard","meta":{"_uag_custom_page_level_css":"","footnotes":""},"categories":[27],"tags":[355,989,1614,2292,6395,9994,12034,12036,12055,12056,12064,12166],"class_list":["post-2473","post","type-post","status-publish","format-standard","hentry","category-acontece","tag-academia","tag-associacao-brasileira-de-cimento-portland-abcp","tag-bruker","tag-cimento","tag-ipt","tag-rede-latino-americana-de-pesquisa-em-cimento","tag-ufpb","tag-ufrgs","tag-unb","tag-unesp","tag-unicen-argentina","tag-usp"],"blocksy_meta":[],"spectra_blocks_featured_image_url":null,"spectra_blocks_author_info":{"display_name":"Jornal da Constru\u00e7\u00e3o Civil","avatar_url":"https:\/\/secure.gravatar.com\/avatar\/973c9774fd44ddaceb026973c4962faa70fc512bc4c9da68e8ebb40fecee6540?s=96&d=mm&r=g","author_link":"https:\/\/construcaocivil.siriusmarketingedesign.com.br\/?author=1","description":"Desde de 2013, levando muitas informa\u00e7\u00f5es, lan\u00e7amentos e produtos de qualidade para toda cadeia produtiva da constru\u00e7\u00e3o. O Futuro da constru\u00e7\u00e3o passa por aqui,"},"uagb_featured_image_src":{"full":false,"thumbnail":false,"medium":false,"medium_large":false,"large":false,"1536x1536":false,"2048x2048":false},"uagb_author_info":{"display_name":"Jornal da Constru\u00e7\u00e3o Civil","author_link":"https:\/\/construcaocivil.siriusmarketingedesign.com.br\/?author=1"},"uagb_comment_info":0,"uagb_excerpt":"Iniciativa ir\u00e1 direcionar as pesquisas do setor de cimento de acordo com as necessidades espec\u00edficas da ind\u00fastria. Lan\u00e7amento contou com presen\u00e7a de membros do setor e de estudiosos sobre o tema. Rede \u00e9 coordenada por um dos grandes nomes da constru\u00e7\u00e3o sustent\u00e1vel no Brasil, professor Vanderley John (USP) No \u00faltimo dia 23 de junho, foi&hellip;","_links":{"self":[{"href":"https:\/\/construcaocivil.siriusmarketingedesign.com.br\/index.php?rest_route=\/wp\/v2\/posts\/2473","targetHints":{"allow":["GET"]}}],"collection":[{"href":"https:\/\/construcaocivil.siriusmarketingedesign.com.br\/index.php?rest_route=\/wp\/v2\/posts"}],"about":[{"href":"https:\/\/construcaocivil.siriusmarketingedesign.com.br\/index.php?rest_route=\/wp\/v2\/types\/post"}],"author":[{"embeddable":true,"href":"https:\/\/construcaocivil.siriusmarketingedesign.com.br\/index.php?rest_route=\/wp\/v2\/users\/1"}],"replies":[{"embeddable":true,"href":"https:\/\/construcaocivil.siriusmarketingedesign.com.br\/index.php?rest_route=%2Fwp%2Fv2%2Fcomments&post=2473"}],"version-history":[{"count":0,"href":"https:\/\/construcaocivil.siriusmarketingedesign.com.br\/index.php?rest_route=\/wp\/v2\/posts\/2473\/revisions"}],"wp:attachment":[{"href":"https:\/\/construcaocivil.siriusmarketingedesign.com.br\/index.php?rest_route=%2Fwp%2Fv2%2Fmedia&parent=2473"}],"wp:term":[{"taxonomy":"category","embeddable":true,"href":"https:\/\/construcaocivil.siriusmarketingedesign.com.br\/index.php?rest_route=%2Fwp%2Fv2%2Fcategories&post=2473"},{"taxonomy":"post_tag","embeddable":true,"href":"https:\/\/construcaocivil.siriusmarketingedesign.com.br\/index.php?rest_route=%2Fwp%2Fv2%2Ftags&post=2473"}],"curies":[{"name":"wp","href":"https:\/\/api.w.org\/{rel}","templated":true}]}}