{"id":24745,"date":"2024-11-29T15:50:14","date_gmt":"2024-11-29T18:50:14","guid":{"rendered":"https:\/\/www.jornaldaconstrucaocivil.com.br\/?p=24745"},"modified":"2024-11-29T15:50:14","modified_gmt":"2024-11-29T18:50:14","slug":"destaque-no-setor-imobiliario-brz-ganha-o-premio-ademi-rj-com-o-portal-vila-dos-mares","status":"publish","type":"post","link":"https:\/\/construcaocivil.siriusmarketingedesign.com.br\/?p=24745","title":{"rendered":"Destaque no setor imobili\u00e1rio: BRZ ganha o pr\u00eamio Ademi-RJ com o Portal Vila dos Mares"},"content":{"rendered":"<p style=\"text-align: justify;\">A BRZ Empreendimentos anuncia sua premia\u00e7\u00e3o pela Associa\u00e7\u00e3o de Dirigentes de Empresas do Mercado Imobili\u00e1rio (Ademi-RJ), em reconhecimento ao projeto inovador\u00a0<strong>Portal Vila dos Mares<\/strong>. O pr\u00eamio \u00e9 conferido a empresas, projetos e profissionais que se destacaram no mercado imobili\u00e1rio do estado do Rio de Janeiro.<\/p>\n<p style=\"text-align: justify;\"><i>Nos pr\u00f3ximos dois anos, a BRZ pretende lan\u00e7ar pelo menos mais quatro empreendimentos, ampliando sua atua\u00e7\u00e3o no mercado imobili\u00e1rio carioca<\/i><\/p>\n<div>\n<p style=\"text-align: justify;\"><span style=\"color: #993300;\"><em>\u201cA conquista do pr\u00eamio Ademi-RJ com o Portal Vila dos Mares \u00e9 um reconhecimento do nosso compromisso em criar mais do que moradias \u2013 entregamos projetos que integram harmoniosamente o ambiente constru\u00eddo com a natureza, promovendo conex\u00f5es genu\u00ednas e experi\u00eancias \u00fanicas\u201d, destaca Eduarda Tolentino, CEO da BRZ Empreendimentos.\u00a0\u00a0\u00a0<\/em><\/span><\/p>\n<p><iframe loading=\"lazy\" title=\"Empreendimentos Resid\u00eancias crescem na Regi\u00e3o dos Lagos-RJ\" width=\"1290\" height=\"726\" src=\"https:\/\/www.youtube.com\/embed\/cuJYmrffEAQ?feature=oembed\" frameborder=\"0\" allow=\"accelerometer; autoplay; clipboard-write; encrypted-media; gyroscope; picture-in-picture; web-share\" referrerpolicy=\"strict-origin-when-cross-origin\" allowfullscreen><\/iframe><\/p>\n<\/div>\n","protected":false},"excerpt":{"rendered":"<p>A BRZ Empreendimentos anuncia sua premia\u00e7\u00e3o pela Associa\u00e7\u00e3o de Dirigentes de Empresas do Mercado Imobili\u00e1rio (Ademi-RJ), em reconhecimento ao projeto inovador\u00a0Portal Vila dos Mares. O pr\u00eamio \u00e9 conferido a empresas, projetos e profissionais que se destacaram no mercado imobili\u00e1rio do estado do Rio de Janeiro. Nos pr\u00f3ximos dois anos, a BRZ pretende lan\u00e7ar pelo menos [&hellip;]<\/p>\n","protected":false},"author":1,"featured_media":24746,"comment_status":"open","ping_status":"open","sticky":false,"template":"","format":"standard","meta":{"_uag_custom_page_level_css":"","footnotes":""},"categories":[12594],"tags":[25004,25382,446,23472,1949,3834,7672,15984],"class_list":["post-24745","post","type-post","status-publish","format-standard","has-post-thumbnail","hentry","category-tv-da-construcao-civil","tag-imoveisminhacasaminhavida","tag-saogoncalo","tag-ademi-rj","tag-brz-empreendimentos","tag-casa-propria","tag-duque-de-caxias-rj","tag-minas-gerais","tag-regiao-dos-lagos-rj"],"blocksy_meta":[],"spectra_blocks_featured_image_url":{"thumbnail":{"url":"https:\/\/construcaocivil.siriusmarketingedesign.com.br\/wp-content\/uploads\/2024\/11\/BTZ-Eduarda-150x150.png","width":150,"height":150},"medium":{"url":"https:\/\/construcaocivil.siriusmarketingedesign.com.br\/wp-content\/uploads\/2024\/11\/BTZ-Eduarda-300x161.png","width":300,"height":161},"medium_large":{"url":"https:\/\/construcaocivil.siriusmarketingedesign.com.br\/wp-content\/uploads\/2024\/11\/BTZ-Eduarda-768x411.png","width":768,"height":411},"large":{"url":"https:\/\/construcaocivil.siriusmarketingedesign.com.br\/wp-content\/uploads\/2024\/11\/BTZ-Eduarda.png","width":848,"height":454},"full":{"url":"https:\/\/construcaocivil.siriusmarketingedesign.com.br\/wp-content\/uploads\/2024\/11\/BTZ-Eduarda.png","width":848,"height":454}},"spectra_blocks_author_info":{"display_name":"Jornal da Constru\u00e7\u00e3o Civil","avatar_url":"https:\/\/secure.gravatar.com\/avatar\/973c9774fd44ddaceb026973c4962faa70fc512bc4c9da68e8ebb40fecee6540?s=96&d=mm&r=g","author_link":"https:\/\/construcaocivil.siriusmarketingedesign.com.br\/?author=1","description":"Desde de 2013, levando muitas informa\u00e7\u00f5es, lan\u00e7amentos e produtos de qualidade para toda cadeia produtiva da constru\u00e7\u00e3o. O Futuro da constru\u00e7\u00e3o passa por aqui,"},"uagb_featured_image_src":{"full":["https:\/\/construcaocivil.siriusmarketingedesign.com.br\/wp-content\/uploads\/2024\/11\/BTZ-Eduarda.png",848,454,false],"thumbnail":["https:\/\/construcaocivil.siriusmarketingedesign.com.br\/wp-content\/uploads\/2024\/11\/BTZ-Eduarda-150x150.png",150,150,true],"medium":["https:\/\/construcaocivil.siriusmarketingedesign.com.br\/wp-content\/uploads\/2024\/11\/BTZ-Eduarda-300x161.png",300,161,true],"medium_large":["https:\/\/construcaocivil.siriusmarketingedesign.com.br\/wp-content\/uploads\/2024\/11\/BTZ-Eduarda-768x411.png",768,411,true],"large":["https:\/\/construcaocivil.siriusmarketingedesign.com.br\/wp-content\/uploads\/2024\/11\/BTZ-Eduarda.png",848,454,false],"1536x1536":["https:\/\/construcaocivil.siriusmarketingedesign.com.br\/wp-content\/uploads\/2024\/11\/BTZ-Eduarda.png",848,454,false],"2048x2048":["https:\/\/construcaocivil.siriusmarketingedesign.com.br\/wp-content\/uploads\/2024\/11\/BTZ-Eduarda.png",848,454,false]},"uagb_author_info":{"display_name":"Jornal da Constru\u00e7\u00e3o Civil","author_link":"https:\/\/construcaocivil.siriusmarketingedesign.com.br\/?author=1"},"uagb_comment_info":0,"uagb_excerpt":"A BRZ Empreendimentos anuncia sua premia\u00e7\u00e3o pela Associa\u00e7\u00e3o de Dirigentes de Empresas do Mercado Imobili\u00e1rio (Ademi-RJ), em reconhecimento ao projeto inovador\u00a0Portal Vila dos Mares. O pr\u00eamio \u00e9 conferido a empresas, projetos e profissionais que se destacaram no mercado imobili\u00e1rio do estado do Rio de Janeiro. Nos pr\u00f3ximos dois anos, a BRZ pretende lan\u00e7ar pelo menos&hellip;","_links":{"self":[{"href":"https:\/\/construcaocivil.siriusmarketingedesign.com.br\/index.php?rest_route=\/wp\/v2\/posts\/24745","targetHints":{"allow":["GET"]}}],"collection":[{"href":"https:\/\/construcaocivil.siriusmarketingedesign.com.br\/index.php?rest_route=\/wp\/v2\/posts"}],"about":[{"href":"https:\/\/construcaocivil.siriusmarketingedesign.com.br\/index.php?rest_route=\/wp\/v2\/types\/post"}],"author":[{"embeddable":true,"href":"https:\/\/construcaocivil.siriusmarketingedesign.com.br\/index.php?rest_route=\/wp\/v2\/users\/1"}],"replies":[{"embeddable":true,"href":"https:\/\/construcaocivil.siriusmarketingedesign.com.br\/index.php?rest_route=%2Fwp%2Fv2%2Fcomments&post=24745"}],"version-history":[{"count":0,"href":"https:\/\/construcaocivil.siriusmarketingedesign.com.br\/index.php?rest_route=\/wp\/v2\/posts\/24745\/revisions"}],"wp:featuredmedia":[{"embeddable":true,"href":"https:\/\/construcaocivil.siriusmarketingedesign.com.br\/index.php?rest_route=\/wp\/v2\/media\/24746"}],"wp:attachment":[{"href":"https:\/\/construcaocivil.siriusmarketingedesign.com.br\/index.php?rest_route=%2Fwp%2Fv2%2Fmedia&parent=24745"}],"wp:term":[{"taxonomy":"category","embeddable":true,"href":"https:\/\/construcaocivil.siriusmarketingedesign.com.br\/index.php?rest_route=%2Fwp%2Fv2%2Fcategories&post=24745"},{"taxonomy":"post_tag","embeddable":true,"href":"https:\/\/construcaocivil.siriusmarketingedesign.com.br\/index.php?rest_route=%2Fwp%2Fv2%2Ftags&post=24745"}],"curies":[{"name":"wp","href":"https:\/\/api.w.org\/{rel}","templated":true}]}}