{"id":24756,"date":"2024-12-02T11:20:31","date_gmt":"2024-12-02T14:20:31","guid":{"rendered":"https:\/\/www.jornaldaconstrucaocivil.com.br\/?p=24756"},"modified":"2024-12-02T11:20:31","modified_gmt":"2024-12-02T14:20:31","slug":"mercado-de-maquinas-deve-manter-curva-de-crescimento-ate-2026","status":"publish","type":"post","link":"https:\/\/construcaocivil.siriusmarketingedesign.com.br\/?p=24756","title":{"rendered":"Mercado de m\u00e1quinas deve manter curva de crescimento at\u00e9 2026"},"content":{"rendered":"<div>\n<div>\n<p style=\"text-align: justify;\">As perspectivas para o mercado de equipamentos s\u00e3o positivas at\u00e9 2026. Para 57% construtoras, locadoras, empresas de servi\u00e7os e dealers entrevistados para a elabora\u00e7\u00e3o do in\u00e9dito\u00a0<strong>Estudo Sobratema do Mercado Brasileiro de Equipamentos para Constru\u00e7\u00e3o<\/strong>, o setor continuar\u00e1 crescendo em 2025. Esse percentual \u00e9 ainda maior para 2026, chegando a 66%.<\/p>\n<p style=\"text-align: justify;\">\u201cEsses dados mostram que a maioria das empresas avalia que o mercado tende a aumentar no per\u00edodo. E esse crescimento \u00e9 muito bom para o setor\u201d, afirmou\u00a0<strong>Mario Miranda<\/strong>, coordenador do Estudo de Mercado, durante o\u00a0<strong>19\u00ba Tend\u00eancias no Mercado da Constru\u00e7\u00e3o<\/strong>, evento da\u00a0<strong>Associa\u00e7\u00e3o Brasileira de Tecnologia para Constru\u00e7\u00e3o e Minera\u00e7\u00e3o (Sobratema)<\/strong>, acompanhado por mais de 2 mil profissionais do setor.<\/p>\n<p style=\"text-align: justify;\">Ele acrescentou que 90% construtoras, locadoras e servi\u00e7os apontaram que o volume de neg\u00f3cios at\u00e9 setembro de 2024 est\u00e1 melhor ou igual a 2023. \u201cPor\u00e9m, 71% das empresas entrevistadas informaram haver atingido as metas planejadas\u201d, ponderou. Para 65% dos dealers, o mercado ser\u00e1 est\u00e1vel ou ir\u00e1 crescer at\u00e9 o final do ano.\u00a0 O levantamento releva ainda que 64% dos empres\u00e1rios respondentes da pesquisa est\u00e3o otimistas para o setor da constru\u00e7\u00e3o em 2025.<\/p>\n<p style=\"text-align: justify;\">O Estudo de Mercado aponta para crescimento de 9% nas vendas totais de m\u00e1quinas para constru\u00e7\u00e3o em 2024 em compara\u00e7\u00e3o a 2023, alcan\u00e7ando 58,2 mil unidades comercializadas neste ano contra 53,5 mil unidades no ano anterior. Na linha amarela, a alta estimada \u00e9 14%, alcan\u00e7ado 36,6 mil unidades vendidas neste ano contra quase 32,3 mil unidades comercializadas em 2023.<\/p>\n<p style=\"text-align: justify;\">Os setores mais relevantes para o mercado de m\u00e1quinas neste ano s\u00e3o a loca\u00e7\u00e3o, constru\u00e7\u00e3o pesada e agroneg\u00f3cio. Em termos de vendas, os dois segmentos com maior Market Share &#8211; constru\u00e7\u00e3o (42%) e a loca\u00e7\u00e3o (23%) \u2013 somam 65%. \u201cDesde 2021, esses dois setores assumiram o protagonismo, respondendo por 63% da comercializa\u00e7\u00e3o de m\u00e1quinas. Mas ainda h\u00e1 espa\u00e7o para crescer\u201d, afirmou Miranda.<\/p>\n<p style=\"text-align: justify;\">Corroborando com a avalia\u00e7\u00e3o do coordenador do Estudo de Mercado,\u00a0<strong>Eurimilson Daniel<\/strong>, vice-presidente da Sobratema, ressaltou o potencial do mercado de loca\u00e7\u00e3o de m\u00e1quinas, que responde por um percentual importante em rela\u00e7\u00e3o \u00e0s vendas de algumas categorias de m\u00e1quinas, como plataformas \u00e1reas (90% a 95%) e betoneiras (70% a 75%). Mencionou ainda que a queda do percentual de frota parada para 11% em 2024 \u2013 em 2023 era de 19% e em 2017, de 57% &#8211; reitera a crescente confiabilidade das construtoras pela loca\u00e7\u00e3o de m\u00e1quinas.<\/p>\n<p style=\"text-align: justify;\">A MGM Rental deve crescer cerca de 10% neste ano, mesmo sendo um ano desafiador com alta de juros, e investiu aproximadamente R$ 50 milh\u00f5es na aquisi\u00e7\u00e3o de caminh\u00f5es e de equipamentos de linha amarela, objetivando atender a demanda atual e futura. \u201cTivemos um bom segundo semestre, principalmente, com o aumento na demanda por obras de infraestrutura. Cada vez mais percebemos a credibilidade de nosso mercado para atender as demandas das construtoras, concession\u00e1rias\u201d, disse\u00a0<strong>Felipe Fraz\u00e3o<\/strong>, s\u00f3cio-diretor da MGM Rental.<\/p>\n<p style=\"text-align: justify;\">Ainda sobre o mercado de rental, Daniel e Fraz\u00e3o afirmaram que as margens mais apertadas e a entrada de novos players s\u00e3o grandes desafios, assim como a falta de m\u00e3o de obra no setor. \u201cAl\u00e9m da escassez, a qualifica\u00e7\u00e3o tamb\u00e9m est\u00e1 baixa, por isso temos investido em treinamento e forma\u00e7\u00e3o de capital humano para suprir as posi\u00e7\u00f5es, pois n\u00e3o temos encontrado esses profissionais no mercado\u201d, contou Fraz\u00e3o.<\/p>\n<p style=\"text-align: justify;\">O Estudo da Sobratema apresenta tamb\u00e9m as principais preocupa\u00e7\u00f5es para os empres\u00e1rios em 2024, sendo a principal a dificuldade: obter cr\u00e9ditos para investir e os juros altos. O economista\u00a0<strong>Lu\u00eds Artur Nogueira<\/strong>\u00a0salientou que se o governo fizer o ajuste fiscal, haver\u00e1 condi\u00e7\u00f5es para ancorar a expectativa inflacion\u00e1ria e, com isso, o Banco Central tem condi\u00e7\u00f5es de cortar juros a partir do final de 2025.<\/p>\n<p style=\"text-align: justify;\">Em termos de oportunidades, a primeira elencada pelos empres\u00e1rios foi infraestrutura. Para Nogueira, nos dois pr\u00f3ximos anos h\u00e1 uma tend\u00eancia de se ter mais obras p\u00fablicas com o lan\u00e7amento do PAC e at\u00e9 mesmo por ser os dois anos finais das atuais gest\u00f5es estaduais e do governo federal. \u201cMinha avalia\u00e7\u00e3o \u00e9 que haver\u00e1 tamb\u00e9m obras privadas, geradas pelas concess\u00f5es passadas e por novas concess\u00f5es.\u201d, destacou. Ele tamb\u00e9m mencionou que existem outras oportunidades para o setor de m\u00e1quinas, como a China impulsionando o setor de minera\u00e7\u00e3o, os lan\u00e7amentos no mercado imobili\u00e1rio e a retomada do agroneg\u00f3cio.<\/p>\n<p style=\"text-align: justify;\">Outro dado relevante do levantamento \u00e9 o financiamento utilizado pelas empresas adquirirem suas m\u00e1quinas: 33% dos entrevistados utilizaram capital pr\u00f3prio, seguido por Finame, com 23% e CDC, com 19%. \u201cMesmo o Finame sendo mais complicado, \u00e9 ainda mais barato e atraente, principalmente, quando o banco de f\u00e1brica se torna o agente desse recurso\u201d, explicou Fraz\u00e3o.<\/p>\n<p style=\"text-align: justify;\">De acordo com Daniel, a compra de equipamentos \u00e9 motivada por tr\u00eas fatores: demanda direcionada, renova\u00e7\u00e3o frota e oportunidades de neg\u00f3cios. \u201cEsse \u00faltimo \u00e9 promovido pelo banco dos fabricantes, pelos dealers e pela pr\u00f3pria ind\u00fastria, e vem contribuindo bastante nesse aspecto\u201d, pontuou.<\/p>\n<p style=\"text-align: justify;\">Sobre o mercado de usados, Fraz\u00e3o analisou que a venda de caminh\u00f5es em uso \u00e9 mais f\u00e1cil, pois \u00e9 organizado e h\u00e1 a tabela FIPE. \u201cJ\u00e1 no setor de m\u00e1quinas n\u00e3o existe uma refer\u00eancia de mercado e o uso \u00e9 mais restrito\u201d. Nesse sentido, Daniel recordou o lan\u00e7amento do\u00a0<strong>Sobratema Shopping<\/strong>, neste ano, em abril. A plataforma inovadora conecta compradores e anunciantes de equipamentos usados, componentes, servi\u00e7os, seguros, consultoria, entre outros, como uma forma de contribuir para organiza\u00e7\u00e3o do mercado de equipamentos usados.<\/p>\n<p style=\"text-align: justify;\">Em sua mensagem de boas-vindas,\u00a0<strong>Afonso Mamede<\/strong>, presidente da Sobratema, salientou que o evento, ao reunir especialistas, l\u00edderes e profissionais do setor, pretende criar um ambiente prop\u00edcio \u00e0 troca de ideias, ao debate construtivo e \u00e0 gera\u00e7\u00e3o de solu\u00e7\u00f5es inovadoras que possam contribuir para o desenvolvimento cont\u00ednuo do mercado. Ele tamb\u00e9m fez o convite para participar do\u00a0<strong>BW F\u00f3rum<\/strong>, que acontece no dia 10 de dezembro, que abordar\u00e1, entre outros temas, os combust\u00edveis, a efici\u00eancia energ\u00e9tica e a sustentabilidade.<\/p>\n<p style=\"text-align: justify;\">O\u00a0<strong>19\u00ba Tend\u00eancias no Mercado da Constru\u00e7\u00e3o<\/strong>\u00a0teve ainda a mensagem de\u00a0<strong>Rolf Pickert<\/strong>, diretor geral da Messe Muenchen do Brasil, e os depoimentos de\u00a0<strong>Paulo Torres<\/strong>, diretor executivo da Komatsu, e\u00a0<strong>Thomas Spana<\/strong>, gerente de Marketing Brasil &amp; LATAM da John Deere.<\/p>\n<p style=\"text-align: justify;\">O evento \u00e9 uma realiza\u00e7\u00e3o da Revista M&amp;T e conta com o patroc\u00ednio da Armac, John Deere, Komatsu, JCB, New Holland, Sotreq, Case, Trimble e Unidas.<\/p>\n<p style=\"text-align: justify;\">Para rever o Tend\u00eancias do Mercado da Constru\u00e7\u00e3o, basta acessar este\u00a0<a href=\"https:\/\/sobratematendencias.com.br\/\" target=\"_blank\" rel=\"noopener noreferrer\">link<\/a>.<\/p>\n<\/div>\n<\/div>\n","protected":false},"excerpt":{"rendered":"<p>As perspectivas para o mercado de equipamentos s\u00e3o positivas at\u00e9 2026. Para 57% construtoras, locadoras, empresas de servi\u00e7os e dealers entrevistados para a elabora\u00e7\u00e3o do in\u00e9dito\u00a0Estudo Sobratema do Mercado Brasileiro de Equipamentos para Constru\u00e7\u00e3o, o setor continuar\u00e1 crescendo em 2025. Esse percentual \u00e9 ainda maior para 2026, chegando a 66%. \u201cEsses dados mostram que a [&hellip;]<\/p>\n","protected":false},"author":1,"featured_media":24757,"comment_status":"open","ping_status":"open","sticky":false,"template":"","format":"standard","meta":{"_uag_custom_page_level_css":"","footnotes":""},"categories":[32],"tags":[2826,2963,8696,15950,27063,12623,27064],"class_list":["post-24756","post","type-post","status-publish","format-standard","has-post-thumbnail","hentry","category-maquinas-e-equipamentos","tag-construcao-civil","tag-construtoras","tag-pas-carregadeiras","tag-pecas-e-pos-vendas","tag-rental-maquinas","tag-sobratema","tag-vendas-linha-amarela"],"blocksy_meta":[],"spectra_blocks_featured_image_url":{"thumbnail":{"url":"https:\/\/construcaocivil.siriusmarketingedesign.com.br\/wp-content\/uploads\/2024\/12\/JD-Vendas-150x150.jpg","width":150,"height":150},"medium":{"url":"https:\/\/construcaocivil.siriusmarketingedesign.com.br\/wp-content\/uploads\/2024\/12\/JD-Vendas-300x264.jpg","width":300,"height":264},"medium_large":{"url":"https:\/\/construcaocivil.siriusmarketingedesign.com.br\/wp-content\/uploads\/2024\/12\/JD-Vendas-768x675.jpg","width":768,"height":675},"large":{"url":"https:\/\/construcaocivil.siriusmarketingedesign.com.br\/wp-content\/uploads\/2024\/12\/JD-Vendas-1024x900.jpg","width":1024,"height":900},"full":{"url":"https:\/\/construcaocivil.siriusmarketingedesign.com.br\/wp-content\/uploads\/2024\/12\/JD-Vendas.jpg","width":1074,"height":944}},"spectra_blocks_author_info":{"display_name":"Jornal da Constru\u00e7\u00e3o Civil","avatar_url":"https:\/\/secure.gravatar.com\/avatar\/973c9774fd44ddaceb026973c4962faa70fc512bc4c9da68e8ebb40fecee6540?s=96&d=mm&r=g","author_link":"https:\/\/construcaocivil.siriusmarketingedesign.com.br\/?author=1","description":"Desde de 2013, levando muitas informa\u00e7\u00f5es, lan\u00e7amentos e produtos de qualidade para toda cadeia produtiva da constru\u00e7\u00e3o. O Futuro da constru\u00e7\u00e3o passa por aqui,"},"uagb_featured_image_src":{"full":["https:\/\/construcaocivil.siriusmarketingedesign.com.br\/wp-content\/uploads\/2024\/12\/JD-Vendas.jpg",1074,944,false],"thumbnail":["https:\/\/construcaocivil.siriusmarketingedesign.com.br\/wp-content\/uploads\/2024\/12\/JD-Vendas-150x150.jpg",150,150,true],"medium":["https:\/\/construcaocivil.siriusmarketingedesign.com.br\/wp-content\/uploads\/2024\/12\/JD-Vendas-300x264.jpg",300,264,true],"medium_large":["https:\/\/construcaocivil.siriusmarketingedesign.com.br\/wp-content\/uploads\/2024\/12\/JD-Vendas-768x675.jpg",768,675,true],"large":["https:\/\/construcaocivil.siriusmarketingedesign.com.br\/wp-content\/uploads\/2024\/12\/JD-Vendas-1024x900.jpg",1024,900,true],"1536x1536":["https:\/\/construcaocivil.siriusmarketingedesign.com.br\/wp-content\/uploads\/2024\/12\/JD-Vendas.jpg",1074,944,false],"2048x2048":["https:\/\/construcaocivil.siriusmarketingedesign.com.br\/wp-content\/uploads\/2024\/12\/JD-Vendas.jpg",1074,944,false]},"uagb_author_info":{"display_name":"Jornal da Constru\u00e7\u00e3o Civil","author_link":"https:\/\/construcaocivil.siriusmarketingedesign.com.br\/?author=1"},"uagb_comment_info":0,"uagb_excerpt":"As perspectivas para o mercado de equipamentos s\u00e3o positivas at\u00e9 2026. Para 57% construtoras, locadoras, empresas de servi\u00e7os e dealers entrevistados para a elabora\u00e7\u00e3o do in\u00e9dito\u00a0Estudo Sobratema do Mercado Brasileiro de Equipamentos para Constru\u00e7\u00e3o, o setor continuar\u00e1 crescendo em 2025. Esse percentual \u00e9 ainda maior para 2026, chegando a 66%. \u201cEsses dados mostram que a&hellip;","_links":{"self":[{"href":"https:\/\/construcaocivil.siriusmarketingedesign.com.br\/index.php?rest_route=\/wp\/v2\/posts\/24756","targetHints":{"allow":["GET"]}}],"collection":[{"href":"https:\/\/construcaocivil.siriusmarketingedesign.com.br\/index.php?rest_route=\/wp\/v2\/posts"}],"about":[{"href":"https:\/\/construcaocivil.siriusmarketingedesign.com.br\/index.php?rest_route=\/wp\/v2\/types\/post"}],"author":[{"embeddable":true,"href":"https:\/\/construcaocivil.siriusmarketingedesign.com.br\/index.php?rest_route=\/wp\/v2\/users\/1"}],"replies":[{"embeddable":true,"href":"https:\/\/construcaocivil.siriusmarketingedesign.com.br\/index.php?rest_route=%2Fwp%2Fv2%2Fcomments&post=24756"}],"version-history":[{"count":0,"href":"https:\/\/construcaocivil.siriusmarketingedesign.com.br\/index.php?rest_route=\/wp\/v2\/posts\/24756\/revisions"}],"wp:featuredmedia":[{"embeddable":true,"href":"https:\/\/construcaocivil.siriusmarketingedesign.com.br\/index.php?rest_route=\/wp\/v2\/media\/24757"}],"wp:attachment":[{"href":"https:\/\/construcaocivil.siriusmarketingedesign.com.br\/index.php?rest_route=%2Fwp%2Fv2%2Fmedia&parent=24756"}],"wp:term":[{"taxonomy":"category","embeddable":true,"href":"https:\/\/construcaocivil.siriusmarketingedesign.com.br\/index.php?rest_route=%2Fwp%2Fv2%2Fcategories&post=24756"},{"taxonomy":"post_tag","embeddable":true,"href":"https:\/\/construcaocivil.siriusmarketingedesign.com.br\/index.php?rest_route=%2Fwp%2Fv2%2Ftags&post=24756"}],"curies":[{"name":"wp","href":"https:\/\/api.w.org\/{rel}","templated":true}]}}