{"id":24765,"date":"2024-12-04T15:52:01","date_gmt":"2024-12-04T18:52:01","guid":{"rendered":"https:\/\/www.jornaldaconstrucaocivil.com.br\/?p=24765"},"modified":"2024-12-04T15:52:01","modified_gmt":"2024-12-04T18:52:01","slug":"acidente-grave-na-obra-da-byd-leva-dois-operarios-chineses-para-o-hospital-em-camacari-sindticcc-e-mpt-ba-acompanham-o-caso","status":"publish","type":"post","link":"https:\/\/construcaocivil.siriusmarketingedesign.com.br\/?p=24765","title":{"rendered":"Acidente grave na obra da BYD leva dois oper\u00e1rios chineses para o hospital em Cama\u00e7ari; SINDTICCC  e MPT &#8211; BA acompanham o caso."},"content":{"rendered":"<p style=\"text-align: justify;\">Dezembro &#8211; Diretoria do <strong><span style=\"color: #0000ff;\"><a style=\"color: #0000ff;\" href=\"https:\/\/sindticccba.org.br\/index.php\/2024\/12\/03\/sindticcc-acompanha-situacao-de-operarios-chineses-que-se-acidentaram-na-obra-da-byd-em-camacari\/\">Sindticcc<\/a><\/span><\/strong> esteve na manh\u00e3 de hoje, 03\/12, no Hospital Santa Helena, em Cama\u00e7ari, para acompanhar de perto a situa\u00e7\u00e3o de dois trabalhadores chineses que foram v\u00edtimas de acidentes na obra de instala\u00e7\u00e3o da f\u00e1brica da BYD no Polo Industrial. Os acidentes aconteceram no domingo e na segunda-feira, e um dos trabalhadores teve um dedo amputado. Os oper\u00e1rios s\u00e3o terceirizados e atuam nas obras prediais da montadora, ou seja, fazem parte da categoria da constru\u00e7\u00e3o civil. \u201cFizemos quest\u00e3o de estar a par do que aconteceu e monitorar a situa\u00e7\u00e3o desses trabalhadores. \u00c9 importante fiscalizar e exigir que todas as empresas que participam dessa obra cumpram as normas de seguran\u00e7a e ofere\u00e7am condi\u00e7\u00f5es dignas para toda a categoria\u201d, enfatizou Antonio Ubirajara (Bira), coordenador-geral do Sindticcc.<\/p>\n<p>&nbsp;<\/p>\n<h1 class=\"uk-article-title\">MPT investiga condi\u00e7\u00f5es de sa\u00fade e seguran\u00e7a do trabalho na BYD<\/h1>\n<div class=\"tm-article\">\n<p>As condi\u00e7\u00f5es de trabalho na planta da montadora de carros BYD, na cidade baiana de Cama\u00e7ari, est\u00e3o sendo apuradas em inqu\u00e9rito aberto pelo Minist\u00e9rio P\u00fablico do Trabalho (MPT).<\/p>\n<p>A partir de den\u00fancia an\u00f4nima recebida dia 30 de setembro, o \u00f3rg\u00e3o est\u00e1 reunindo informa\u00e7\u00f5es para a apresenta\u00e7\u00e3o de uma proposta de ajuste de conduta ou uma a\u00e7\u00e3o judicial. Uma inspe\u00e7\u00e3o foi realizada dia 11 de novembro na \u00e1rea onde a empresa est\u00e1 construindo sua linha de montagem.<\/p>\n<p>Al\u00e9m do relat\u00f3rio de inspe\u00e7\u00e3o, o MPT pretende analisar os documentos solicitados \u00e0 montadora e a outras tr\u00eas empresas contratadas por ela para realizar a obra. S\u00e3o as c\u00f3pias dos contratos de trabalho, vistos de trabalho para os estrangeiros que atuam na obra, planos de preven\u00e7\u00e3o de acidentes e de sa\u00fade ocupacional, que dever\u00e3o ser apresentados nos pr\u00f3ximos dias ao \u00f3rg\u00e3o.<\/p>\n<p>O procurador respons\u00e1vel pelo inqu\u00e9rito, Bernardo Guimaraes, n\u00e3o descarta uma nova inspe\u00e7\u00e3o. &#8220;As informa\u00e7\u00f5es que colhemos at\u00e9 o momento apontam para a necessidade de corre\u00e7\u00e3o de procedimentos relativos ao meio ambiente de trabalho, para garantir a sa\u00fade e a seguran\u00e7a dos empregados&#8221;, informou. Ele, no entanto, lembra que agora surgiram relatos de viol\u00eancia f\u00edsica, que precisam ser apurados.<\/p>\n<\/div>\n","protected":false},"excerpt":{"rendered":"<p>Dezembro &#8211; Diretoria do Sindticcc esteve na manh\u00e3 de hoje, 03\/12, no Hospital Santa Helena, em Cama\u00e7ari, para acompanhar de perto a situa\u00e7\u00e3o de dois trabalhadores chineses que foram v\u00edtimas de acidentes na obra de instala\u00e7\u00e3o da f\u00e1brica da BYD no Polo Industrial. Os acidentes aconteceram no domingo e na segunda-feira, e um dos trabalhadores [&hellip;]<\/p>\n","protected":false},"author":1,"featured_media":24766,"comment_status":"open","ping_status":"open","sticky":false,"template":"","format":"standard","meta":{"_uag_custom_page_level_css":"","footnotes":""},"categories":[1],"tags":[27068,1705,27070,27069,27067],"class_list":["post-24765","post","type-post","status-publish","format-standard","has-post-thumbnail","hentry","category-sem-categoria","tag-acidente-canteiro-de-obras","tag-camacari-ba","tag-epis-na-obra","tag-mpt-ba","tag-sindticcc"],"blocksy_meta":[],"spectra_blocks_featured_image_url":{"thumbnail":{"url":"https:\/\/construcaocivil.siriusmarketingedesign.com.br\/wp-content\/uploads\/2024\/12\/representantes-do-sindicato-acompanham-caso-no-hospital-2523671-article-150x150.webp","width":150,"height":150},"medium":{"url":"https:\/\/construcaocivil.siriusmarketingedesign.com.br\/wp-content\/uploads\/2024\/12\/representantes-do-sindicato-acompanham-caso-no-hospital-2523671-article-300x200.webp","width":300,"height":200},"medium_large":{"url":"https:\/\/construcaocivil.siriusmarketingedesign.com.br\/wp-content\/uploads\/2024\/12\/representantes-do-sindicato-acompanham-caso-no-hospital-2523671-article.webp","width":600,"height":400},"large":{"url":"https:\/\/construcaocivil.siriusmarketingedesign.com.br\/wp-content\/uploads\/2024\/12\/representantes-do-sindicato-acompanham-caso-no-hospital-2523671-article.webp","width":600,"height":400},"full":{"url":"https:\/\/construcaocivil.siriusmarketingedesign.com.br\/wp-content\/uploads\/2024\/12\/representantes-do-sindicato-acompanham-caso-no-hospital-2523671-article.webp","width":600,"height":400}},"spectra_blocks_author_info":{"display_name":"Jornal da Constru\u00e7\u00e3o Civil","avatar_url":"https:\/\/secure.gravatar.com\/avatar\/973c9774fd44ddaceb026973c4962faa70fc512bc4c9da68e8ebb40fecee6540?s=96&d=mm&r=g","author_link":"https:\/\/construcaocivil.siriusmarketingedesign.com.br\/?author=1","description":"Desde de 2013, levando muitas informa\u00e7\u00f5es, lan\u00e7amentos e produtos de qualidade para toda cadeia produtiva da constru\u00e7\u00e3o. O Futuro da constru\u00e7\u00e3o passa por aqui,"},"uagb_featured_image_src":{"full":["https:\/\/construcaocivil.siriusmarketingedesign.com.br\/wp-content\/uploads\/2024\/12\/representantes-do-sindicato-acompanham-caso-no-hospital-2523671-article.webp",600,400,false],"thumbnail":["https:\/\/construcaocivil.siriusmarketingedesign.com.br\/wp-content\/uploads\/2024\/12\/representantes-do-sindicato-acompanham-caso-no-hospital-2523671-article-150x150.webp",150,150,true],"medium":["https:\/\/construcaocivil.siriusmarketingedesign.com.br\/wp-content\/uploads\/2024\/12\/representantes-do-sindicato-acompanham-caso-no-hospital-2523671-article-300x200.webp",300,200,true],"medium_large":["https:\/\/construcaocivil.siriusmarketingedesign.com.br\/wp-content\/uploads\/2024\/12\/representantes-do-sindicato-acompanham-caso-no-hospital-2523671-article.webp",600,400,false],"large":["https:\/\/construcaocivil.siriusmarketingedesign.com.br\/wp-content\/uploads\/2024\/12\/representantes-do-sindicato-acompanham-caso-no-hospital-2523671-article.webp",600,400,false],"1536x1536":["https:\/\/construcaocivil.siriusmarketingedesign.com.br\/wp-content\/uploads\/2024\/12\/representantes-do-sindicato-acompanham-caso-no-hospital-2523671-article.webp",600,400,false],"2048x2048":["https:\/\/construcaocivil.siriusmarketingedesign.com.br\/wp-content\/uploads\/2024\/12\/representantes-do-sindicato-acompanham-caso-no-hospital-2523671-article.webp",600,400,false]},"uagb_author_info":{"display_name":"Jornal da Constru\u00e7\u00e3o Civil","author_link":"https:\/\/construcaocivil.siriusmarketingedesign.com.br\/?author=1"},"uagb_comment_info":0,"uagb_excerpt":"Dezembro &#8211; Diretoria do Sindticcc esteve na manh\u00e3 de hoje, 03\/12, no Hospital Santa Helena, em Cama\u00e7ari, para acompanhar de perto a situa\u00e7\u00e3o de dois trabalhadores chineses que foram v\u00edtimas de acidentes na obra de instala\u00e7\u00e3o da f\u00e1brica da BYD no Polo Industrial. Os acidentes aconteceram no domingo e na segunda-feira, e um dos trabalhadores&hellip;","_links":{"self":[{"href":"https:\/\/construcaocivil.siriusmarketingedesign.com.br\/index.php?rest_route=\/wp\/v2\/posts\/24765","targetHints":{"allow":["GET"]}}],"collection":[{"href":"https:\/\/construcaocivil.siriusmarketingedesign.com.br\/index.php?rest_route=\/wp\/v2\/posts"}],"about":[{"href":"https:\/\/construcaocivil.siriusmarketingedesign.com.br\/index.php?rest_route=\/wp\/v2\/types\/post"}],"author":[{"embeddable":true,"href":"https:\/\/construcaocivil.siriusmarketingedesign.com.br\/index.php?rest_route=\/wp\/v2\/users\/1"}],"replies":[{"embeddable":true,"href":"https:\/\/construcaocivil.siriusmarketingedesign.com.br\/index.php?rest_route=%2Fwp%2Fv2%2Fcomments&post=24765"}],"version-history":[{"count":0,"href":"https:\/\/construcaocivil.siriusmarketingedesign.com.br\/index.php?rest_route=\/wp\/v2\/posts\/24765\/revisions"}],"wp:featuredmedia":[{"embeddable":true,"href":"https:\/\/construcaocivil.siriusmarketingedesign.com.br\/index.php?rest_route=\/wp\/v2\/media\/24766"}],"wp:attachment":[{"href":"https:\/\/construcaocivil.siriusmarketingedesign.com.br\/index.php?rest_route=%2Fwp%2Fv2%2Fmedia&parent=24765"}],"wp:term":[{"taxonomy":"category","embeddable":true,"href":"https:\/\/construcaocivil.siriusmarketingedesign.com.br\/index.php?rest_route=%2Fwp%2Fv2%2Fcategories&post=24765"},{"taxonomy":"post_tag","embeddable":true,"href":"https:\/\/construcaocivil.siriusmarketingedesign.com.br\/index.php?rest_route=%2Fwp%2Fv2%2Ftags&post=24765"}],"curies":[{"name":"wp","href":"https:\/\/api.w.org\/{rel}","templated":true}]}}