{"id":24775,"date":"2024-12-07T18:31:40","date_gmt":"2024-12-07T21:31:40","guid":{"rendered":"https:\/\/www.jornaldaconstrucaocivil.com.br\/?p=24775"},"modified":"2024-12-07T18:31:40","modified_gmt":"2024-12-07T21:31:40","slug":"servicos-de-baixa-qualidade-defensoria-publica-do-rio-entra-com-acao-contra-a-aguas-do-rio-em-meio-a-crise-de-falta-de-agua","status":"publish","type":"post","link":"https:\/\/construcaocivil.siriusmarketingedesign.com.br\/?p=24775","title":{"rendered":"Servi\u00e7os de baixa qualidade: Defensoria P\u00fablica do Rio entra com a\u00e7\u00e3o contra a \u00c1guas do Rio em meio \u00e0 crise de falta de \u00e1gua"},"content":{"rendered":"<p style=\"text-align: justify;\">A Defensoria P\u00fablica do Estado do Rio (DPRJ) entrou com uma A\u00e7\u00e3o C\u00edvel P\u00fablica, nesta sexta-feira (6), contra a concession\u00e1ria \u00c1guas do Rio em resposta \u00e0 crise de desabastecimento que tem afetado diversas regi\u00f5es do estado. A medida foi tomada para garantir o direito da popula\u00e7\u00e3o prejudicada pela falha no fornecimento de \u00e1gua, causado por uma paralisa\u00e7\u00e3o programada no Sistema Guandu.<\/p>\n<p style=\"text-align: justify;\">De acordo com a Institui\u00e7\u00e3o, o problema teve in\u00edcio em 26 de novembro de 2024, quando a Companhia Estadual de \u00c1guas e Esgotos do Rio de Janeiro (CEDAE) realizou uma manuten\u00e7\u00e3o anual no Sistema Guandu, o que afetou a distribui\u00e7\u00e3o de \u00e1gua pot\u00e1vel para grande parte do Rio de Janeiro e da Baixada Fluminense. Embora a CEDAE tenha restabelecido o sistema em 28 de novembro, atingindo 100% de sua capacidade, a \u00c1guas do Rio n\u00e3o cumpriu o prazo de 72 horas para a normaliza\u00e7\u00e3o do abastecimento, deixando bairros e localidades sem \u00e1gua por mais de uma semana.<\/p>\n<p style=\"text-align: justify;\">Em 2 de dezembro, a DPRJ abriu uma consulta p\u00fablica para identificar as \u00e1reas mais afetadas pelo desabastecimento, recebendo 438 reclama\u00e7\u00f5es de consumidores em locais como Botafogo, Flamengo, Tijuca, M\u00e9ier e outros bairros do Rio de Janeiro, al\u00e9m de munic\u00edpios como Nova Igua\u00e7u, Duque de Caxias, S\u00e3o Gon\u00e7alo e Belford Roxo. A situa\u00e7\u00e3o se agravou com o aumento dos pre\u00e7os da \u00e1gua mineral e dos caminh\u00f5es-pipa, que dispararam devido \u00e0 alta demanda, deixando a popula\u00e7\u00e3o em estado de desespero.<\/p>\n<p style=\"text-align: justify;\"><strong>A\u00e7\u00e3o Judicial visa garantir retomada urgente do abastecimento de \u00e1gua<\/strong><\/p>\n<p style=\"text-align: justify;\">Apesar dos sucessivos comunicados da \u00c1guas do Rio, a concession\u00e1ria n\u00e3o cumpriu nenhum dos prazos estabelecidos. Diante da falta de respostas satisfat\u00f3rias, a Defensoria P\u00fablica recorreu \u00e0 Justi\u00e7a para garantir a retomada imediata do fornecimento de \u00e1gua. A a\u00e7\u00e3o judicial solicita a imposi\u00e7\u00e3o de multas di\u00e1rias de R$ 100.000,00, al\u00e9m da disponibiliza\u00e7\u00e3o de caminh\u00f5es-pipa suficientes para atender \u00e0 popula\u00e7\u00e3o, o ressarcimento de danos materiais e a repara\u00e7\u00e3o dos danos morais coletivos.<\/p>\n<p style=\"text-align: justify;\">De acordo com a defensora p\u00fablica Karine Terra, subcoordenadora do Nudecon, o N\u00facleo vem acompanhando o caso desde os primeiros relatos de desabastecimento.<\/p>\n<p style=\"text-align: justify;\">\u2013 No dia 2 de dezembro, iniciamos uma consulta p\u00fablica em parceria com a Ouvidoria, que recebeu mais de 300 reclama\u00e7\u00f5es nas primeiras 24 horas. Apesar do di\u00e1logo com a empresa, a falta de solu\u00e7\u00f5es concretas e definitivas levou a Defensoria a ajuizar a a\u00e7\u00e3o. Agora, estamos abrindo mais uma possibilidade de composi\u00e7\u00e3o, mas de forma judicial, e esperamos uma resposta definitiva da \u00c1guas do Rio para resolver a quest\u00e3o \u2013 afirmou a defensora.<\/p>\n<p style=\"text-align: justify;\">\n<p style=\"text-align: justify;\">Neste sentido, o coordenador do Nudecon, Eduardo Chow, enfatizou a urg\u00eancia da medida, destacando o impacto direto na vida dos cidad\u00e3os afetados pela crise de desabastecimento.<\/p>\n<p style=\"text-align: justify;\">\u2013 Esperamos, nesta segunda-feira, um acordo para resolver a situa\u00e7\u00e3o atual e prevenir novos problemas seja alcan\u00e7ado pelas partes durante a audi\u00eancia judicial \u2013 disse o Chow.<\/p>\n<p style=\"text-align: justify;\">\n<p style=\"text-align: justify;\">Al\u00e9m disso, a Defensoria solicitou que a concession\u00e1ria aplique descontos nas contas de \u00e1gua dos consumidores prejudicados e indenize devidamente os danos materiais e morais causados.<\/p>\n<p style=\"text-align: justify;\">\n","protected":false},"excerpt":{"rendered":"<p>A Defensoria P\u00fablica do Estado do Rio (DPRJ) entrou com uma A\u00e7\u00e3o C\u00edvel P\u00fablica, nesta sexta-feira (6), contra a concession\u00e1ria \u00c1guas do Rio em resposta \u00e0 crise de desabastecimento que tem afetado diversas regi\u00f5es do estado. A medida foi tomada para garantir o direito da popula\u00e7\u00e3o prejudicada pela falha no fornecimento de \u00e1gua, causado por [&hellip;]<\/p>\n","protected":false},"author":1,"featured_media":24776,"comment_status":"open","ping_status":"open","sticky":false,"template":"","format":"standard","meta":{"_uag_custom_page_level_css":"","footnotes":""},"categories":[31],"tags":[21870,2050,26274,4844,25820,18324],"class_list":["post-24775","post","type-post","status-publish","format-standard","has-post-thumbnail","hentry","category-infraestrutura","tag-aguas-do-rio","tag-cedae","tag-dp-rj","tag-falta-de-agua","tag-servicos-de-agua","tag-sistema-guandu"],"blocksy_meta":[],"spectra_blocks_featured_image_url":{"thumbnail":{"url":"https:\/\/construcaocivil.siriusmarketingedesign.com.br\/wp-content\/uploads\/2024\/12\/IMG_20220606_0956082-150x150.jpg","width":150,"height":150},"medium":{"url":"https:\/\/construcaocivil.siriusmarketingedesign.com.br\/wp-content\/uploads\/2024\/12\/IMG_20220606_0956082-300x283.jpg","width":300,"height":283},"medium_large":{"url":"https:\/\/construcaocivil.siriusmarketingedesign.com.br\/wp-content\/uploads\/2024\/12\/IMG_20220606_0956082-768x724.jpg","width":768,"height":724},"large":{"url":"https:\/\/construcaocivil.siriusmarketingedesign.com.br\/wp-content\/uploads\/2024\/12\/IMG_20220606_0956082-1024x965.jpg","width":1024,"height":965},"full":{"url":"https:\/\/construcaocivil.siriusmarketingedesign.com.br\/wp-content\/uploads\/2024\/12\/IMG_20220606_0956082.jpg","width":1710,"height":1611}},"spectra_blocks_author_info":{"display_name":"Jornal da Constru\u00e7\u00e3o Civil","avatar_url":"https:\/\/secure.gravatar.com\/avatar\/973c9774fd44ddaceb026973c4962faa70fc512bc4c9da68e8ebb40fecee6540?s=96&d=mm&r=g","author_link":"https:\/\/construcaocivil.siriusmarketingedesign.com.br\/?author=1","description":"Desde de 2013, levando muitas informa\u00e7\u00f5es, lan\u00e7amentos e produtos de qualidade para toda cadeia produtiva da constru\u00e7\u00e3o. O Futuro da constru\u00e7\u00e3o passa por aqui,"},"uagb_featured_image_src":{"full":["https:\/\/construcaocivil.siriusmarketingedesign.com.br\/wp-content\/uploads\/2024\/12\/IMG_20220606_0956082.jpg",1710,1611,false],"thumbnail":["https:\/\/construcaocivil.siriusmarketingedesign.com.br\/wp-content\/uploads\/2024\/12\/IMG_20220606_0956082-150x150.jpg",150,150,true],"medium":["https:\/\/construcaocivil.siriusmarketingedesign.com.br\/wp-content\/uploads\/2024\/12\/IMG_20220606_0956082-300x283.jpg",300,283,true],"medium_large":["https:\/\/construcaocivil.siriusmarketingedesign.com.br\/wp-content\/uploads\/2024\/12\/IMG_20220606_0956082-768x724.jpg",768,724,true],"large":["https:\/\/construcaocivil.siriusmarketingedesign.com.br\/wp-content\/uploads\/2024\/12\/IMG_20220606_0956082-1024x965.jpg",1024,965,true],"1536x1536":["https:\/\/construcaocivil.siriusmarketingedesign.com.br\/wp-content\/uploads\/2024\/12\/IMG_20220606_0956082-1536x1447.jpg",1536,1447,true],"2048x2048":["https:\/\/construcaocivil.siriusmarketingedesign.com.br\/wp-content\/uploads\/2024\/12\/IMG_20220606_0956082.jpg",1710,1611,false]},"uagb_author_info":{"display_name":"Jornal da Constru\u00e7\u00e3o Civil","author_link":"https:\/\/construcaocivil.siriusmarketingedesign.com.br\/?author=1"},"uagb_comment_info":0,"uagb_excerpt":"A Defensoria P\u00fablica do Estado do Rio (DPRJ) entrou com uma A\u00e7\u00e3o C\u00edvel P\u00fablica, nesta sexta-feira (6), contra a concession\u00e1ria \u00c1guas do Rio em resposta \u00e0 crise de desabastecimento que tem afetado diversas regi\u00f5es do estado. A medida foi tomada para garantir o direito da popula\u00e7\u00e3o prejudicada pela falha no fornecimento de \u00e1gua, causado por&hellip;","_links":{"self":[{"href":"https:\/\/construcaocivil.siriusmarketingedesign.com.br\/index.php?rest_route=\/wp\/v2\/posts\/24775","targetHints":{"allow":["GET"]}}],"collection":[{"href":"https:\/\/construcaocivil.siriusmarketingedesign.com.br\/index.php?rest_route=\/wp\/v2\/posts"}],"about":[{"href":"https:\/\/construcaocivil.siriusmarketingedesign.com.br\/index.php?rest_route=\/wp\/v2\/types\/post"}],"author":[{"embeddable":true,"href":"https:\/\/construcaocivil.siriusmarketingedesign.com.br\/index.php?rest_route=\/wp\/v2\/users\/1"}],"replies":[{"embeddable":true,"href":"https:\/\/construcaocivil.siriusmarketingedesign.com.br\/index.php?rest_route=%2Fwp%2Fv2%2Fcomments&post=24775"}],"version-history":[{"count":0,"href":"https:\/\/construcaocivil.siriusmarketingedesign.com.br\/index.php?rest_route=\/wp\/v2\/posts\/24775\/revisions"}],"wp:featuredmedia":[{"embeddable":true,"href":"https:\/\/construcaocivil.siriusmarketingedesign.com.br\/index.php?rest_route=\/wp\/v2\/media\/24776"}],"wp:attachment":[{"href":"https:\/\/construcaocivil.siriusmarketingedesign.com.br\/index.php?rest_route=%2Fwp%2Fv2%2Fmedia&parent=24775"}],"wp:term":[{"taxonomy":"category","embeddable":true,"href":"https:\/\/construcaocivil.siriusmarketingedesign.com.br\/index.php?rest_route=%2Fwp%2Fv2%2Fcategories&post=24775"},{"taxonomy":"post_tag","embeddable":true,"href":"https:\/\/construcaocivil.siriusmarketingedesign.com.br\/index.php?rest_route=%2Fwp%2Fv2%2Ftags&post=24775"}],"curies":[{"name":"wp","href":"https:\/\/api.w.org\/{rel}","templated":true}]}}