{"id":24795,"date":"2024-12-13T10:08:42","date_gmt":"2024-12-13T13:08:42","guid":{"rendered":"https:\/\/www.jornaldaconstrucaocivil.com.br\/?p=24795"},"modified":"2024-12-13T10:12:08","modified_gmt":"2024-12-13T13:12:08","slug":"sufoco-na-profissao-alta-concorrencia-e-a-baixa-valorizacao-sao-desafios-enfrentados-pelos-arquitetos-no-brasil","status":"publish","type":"post","link":"https:\/\/construcaocivil.siriusmarketingedesign.com.br\/?p=24795","title":{"rendered":"Sufoco na profiss\u00e3o: Alta concorr\u00eancia e a baixa valoriza\u00e7\u00e3o s\u00e3o desafios enfrentados pelos arquitetos no Brasil"},"content":{"rendered":"<p style=\"text-align: justify;\"><strong>A cada ano, o n\u00famero de arquitetos formados excede a quantidade de vagas dispon\u00edveis<\/strong><\/p>\n<p style=\"text-align: justify;\"><span style=\"color: #0000ff;\">Dezembro<\/span> &#8211; 2024, No dia 15 de dezembro, celebramos o Dia do Arquiteto, uma data que ressalta a criatividade e a compet\u00eancia t\u00e9cnica desses profissionais, mas tamb\u00e9m evidencia as dificuldades de ingresso no mercado de trabalho. Em 2022, aproximadamente 20 mil estudantes se formaram em arquitetura no pa\u00eds, enquanto apenas 8 mil vagas foram disponibilizadas, segundo a Associa\u00e7\u00e3o Brasileira de Arquitetura (ABA) e a plataforma Arquitetura em Foco. Essa disparidade se agrava em um cen\u00e1rio econ\u00f4mico inst\u00e1vel, onde muitas empresas est\u00e3o cortando custos e reavaliando suas equipes.<\/p>\n<p style=\"text-align: justify;\">Dados do \u00faltimo censo realizado pelo Conselho de Arquitetura e Urbanismo (CAU-BR) em 2022 mostram ainda que 79% dos arquitetos acreditam que a falta de valoriza\u00e7\u00e3o da profiss\u00e3o dificulta o exerc\u00edcio da atividade. Comparado ao censo de 2012, o n\u00famero de profissionais insatisfeitos com os sal\u00e1rios quase dobrou, e 35% relatam dificuldades para entrar no mercado de trabalho.<\/p>\n<p style=\"text-align: justify;\">De acordo com Filipe Bender, arquiteto e supervisor dos cursos do n\u00facleo de Design e Decora\u00e7\u00e3o do Centro Europeu de Curitiba, a concorr\u00eancia acirrada e a baixa valoriza\u00e7\u00e3o s\u00e3o os principais obst\u00e1culos. \u201cMuitos clientes ainda negociam muito os pre\u00e7os. Al\u00e9m disso, acompanhar a evolu\u00e7\u00e3o tecnol\u00f3gica e lidar com a burocracia dos projetos pode ser desafiador.\u201d<\/p>\n<p style=\"text-align: justify;\">Ele tamb\u00e9m destaca as diferen\u00e7as entre as oportunidades entre as localidades de diferentes portes. \u201cNas grandes cidades h\u00e1 uma maior variedade de projetos, mas tamb\u00e9m mais concorr\u00eancia. J\u00e1 em cidades menores, surgem mais chances para solu\u00e7\u00f5es pr\u00e1ticas e econ\u00f4micas, com menos press\u00e3o competitiva.\u201d<\/p>\n<p style=\"text-align: justify;\">O arquiteto Thiago Ferraz \u00e9 um exemplo de profissional que deixou a arquitetura devido aos desafios da \u00e1rea. Ele decidiu cursar a faculdade inspirado pelo trabalho do pai, tamb\u00e9m arquiteto, e realizar esse curso era um sonho.<\/p>\n<p style=\"text-align: justify;\">\u201cJ\u00e1 em 2015, percebia as dificuldades do mercado em sustentar o crescimento da constru\u00e7\u00e3o civil e via os sal\u00e1rios ca\u00edrem cada vez mais. Tentei concursos p\u00fablicos na \u00e1rea de arquitetura como uma alternativa, mas as vagas eram escassas, mesmo no setor p\u00fablico. Diante desse cen\u00e1rio, optei por migrar para a \u00e1rea fiscal\u201d, explica Thiago.<\/p>\n<p style=\"text-align: justify;\"><strong>Uma nova porta para a arquitetura<\/strong><\/p>\n<p style=\"text-align: justify;\">Diante dos desafios do mercado, o<span style=\"color: #0000ff;\"><strong> <a style=\"color: #0000ff;\" href=\"https:\/\/weefor.arq.br\/\">Weefor ARQ<\/a> <\/strong><\/span>surge como uma oportunidade para arquitetos no mercado imobili\u00e1rio. Organizado pela incorporadora Weefor, o concurso \u00e9 o maior de arquitetura privada do Brasil e busca projetos inovadores e sustent\u00e1veis para seus empreendimentos. A terceira edi\u00e7\u00e3o, com inscri\u00e7\u00f5es abertas at\u00e9 18 de dezembro, selecionar\u00e1 o projeto de um edif\u00edcio residencial de alto padr\u00e3o que ser\u00e1 constru\u00eddo em Curitiba, com Valor Geral de Vendas (VGV) estimado em R$ 95 milh\u00f5es.<\/p>\n<p style=\"text-align: justify;\">Para Alexandre Salles, arquiteto, mestre em Semi\u00f3tica Urbana e jurado do concurso, o Weefor ARQ \u00e9 representa transpar\u00eancia e igualdade de oportunidades. \u201cO formato imparcial e democr\u00e1tico permite que arquitetos e urbanistas de todo o Brasil participem, independentemente da reputa\u00e7\u00e3o ou do tamanho de seus escrit\u00f3rios. Isso valoriza as propostas mais criativas e relevantes, reduzindo o risco de favorecimento e fortalecendo a \u00e9tica no desenvolvimento urbano\u201d, explica.<\/p>\n<p style=\"text-align: justify;\">Por exemplo, o projeto vencedor da segunda edi\u00e7\u00e3o do <strong><span style=\"color: #0000ff;\"><a style=\"color: #0000ff;\" href=\"https:\/\/weefor.arq.br\/\">Weefor ARQ<\/a><\/span><\/strong>, o MOVA.WF, atualmente em constru\u00e7\u00e3o, foi desenvolvido pelo Austral Studio, de Curitiba, sob a dire\u00e7\u00e3o do arquiteto Henrique Wosiack Zulian, em colabora\u00e7\u00e3o com o Est\u00fadio Vertical, de Caique Schatzmann e Juliana de Albuquerque (Joinville). Para Henrique, a vit\u00f3ria no concurso representou uma grande conquista e um salto significativo na carreira.<\/p>\n<p style=\"text-align: justify;\">\u201cNosso escrit\u00f3rio, localizado em Curitiba, atua com arquitetura predial. E o primeiro edif\u00edcio na cidade que projetamos ser\u00e1 constru\u00eddo gra\u00e7as a um concurso nacional de arquitetura, no qual competimos com escrit\u00f3rios de todo o pa\u00eds. Esse processo \u00e9 mais longo e desafiador que o convencional, mas foi por meio dessa oportunidade que conquistamos esse projeto.\u201d, enfatiza.<\/p>\n<p style=\"text-align: justify;\"><strong>Sobre o 3\u2060\u00ba Weefor ARQ<\/strong><\/p>\n<p style=\"text-align: justify;\">O Weefor ARQ \u00e9 um concurso nacional de arquitetura residencial promovido pela incorporadora Weefor com o objetivo de selecionar os melhores projetos para seus empreendimentos. Arquitetos de todo o Brasil est\u00e3o convidados a participar.<\/p>\n<p style=\"text-align: justify;\">Os pr\u00eamios totalizam R$ 611 mil, com R$ 566 mil destinados ao 1\u00ba lugar (R$ 50 mil de premia\u00e7\u00e3o e R$ 516 mil para o desenvolvimento do projeto). O 2\u00ba colocado receber\u00e1 R$ 30 mil, enquanto o 3\u00ba lugar ser\u00e1 premiado com R$ 15 mil. O projeto vencedor ser\u00e1 efetivamente constru\u00eddo, assim como ocorreu nas edi\u00e7\u00f5es anteriores.<\/p>\n<p style=\"text-align: justify;\">Os interessados podem se inscrever pelo site weefor.arq.br at\u00e9 o dia 18 de dezembro, mediante uma taxa de R$ 250, que ser\u00e1 revertida ao Instituto WF para apoiar projetos sociais.<\/p>\n<p style=\"text-align: justify;\">\n","protected":false},"excerpt":{"rendered":"<p>A cada ano, o n\u00famero de arquitetos formados excede a quantidade de vagas dispon\u00edveis Dezembro &#8211; 2024, No dia 15 de dezembro, celebramos o Dia do Arquiteto, uma data que ressalta a criatividade e a compet\u00eancia t\u00e9cnica desses profissionais, mas tamb\u00e9m evidencia as dificuldades de ingresso no mercado de trabalho. Em 2022, aproximadamente 20 mil [&hellip;]<\/p>\n","protected":false},"author":1,"featured_media":24796,"comment_status":"open","ping_status":"open","sticky":false,"template":"","format":"standard","meta":{"_uag_custom_page_level_css":"","footnotes":""},"categories":[28],"tags":[27084,2015,27085,27081,27083,27082],"class_list":["post-24795","post","type-post","status-publish","format-standard","has-post-thumbnail","hentry","category-arquitetura","tag-3o-weefor-arq","tag-cau-br","tag-cursos-e-escolas-de-arquitetura","tag-dia-do-arquiteto","tag-salarios-e-valorizacao","tag-urbanistas-e-arquitetos"],"blocksy_meta":[],"spectra_blocks_featured_image_url":{"thumbnail":{"url":"https:\/\/construcaocivil.siriusmarketingedesign.com.br\/wp-content\/uploads\/2024\/12\/unnamed-8-150x150.jpg","width":150,"height":150},"medium":{"url":"https:\/\/construcaocivil.siriusmarketingedesign.com.br\/wp-content\/uploads\/2024\/12\/unnamed-8-300x169.jpg","width":300,"height":169},"medium_large":{"url":"https:\/\/construcaocivil.siriusmarketingedesign.com.br\/wp-content\/uploads\/2024\/12\/unnamed-8-768x432.jpg","width":768,"height":432},"large":{"url":"https:\/\/construcaocivil.siriusmarketingedesign.com.br\/wp-content\/uploads\/2024\/12\/unnamed-8.jpg","width":960,"height":540},"full":{"url":"https:\/\/construcaocivil.siriusmarketingedesign.com.br\/wp-content\/uploads\/2024\/12\/unnamed-8.jpg","width":960,"height":540}},"spectra_blocks_author_info":{"display_name":"Jornal da Constru\u00e7\u00e3o Civil","avatar_url":"https:\/\/secure.gravatar.com\/avatar\/973c9774fd44ddaceb026973c4962faa70fc512bc4c9da68e8ebb40fecee6540?s=96&d=mm&r=g","author_link":"https:\/\/construcaocivil.siriusmarketingedesign.com.br\/?author=1","description":"Desde de 2013, levando muitas informa\u00e7\u00f5es, lan\u00e7amentos e produtos de qualidade para toda cadeia produtiva da constru\u00e7\u00e3o. O Futuro da constru\u00e7\u00e3o passa por aqui,"},"uagb_featured_image_src":{"full":["https:\/\/construcaocivil.siriusmarketingedesign.com.br\/wp-content\/uploads\/2024\/12\/unnamed-8.jpg",960,540,false],"thumbnail":["https:\/\/construcaocivil.siriusmarketingedesign.com.br\/wp-content\/uploads\/2024\/12\/unnamed-8-150x150.jpg",150,150,true],"medium":["https:\/\/construcaocivil.siriusmarketingedesign.com.br\/wp-content\/uploads\/2024\/12\/unnamed-8-300x169.jpg",300,169,true],"medium_large":["https:\/\/construcaocivil.siriusmarketingedesign.com.br\/wp-content\/uploads\/2024\/12\/unnamed-8-768x432.jpg",768,432,true],"large":["https:\/\/construcaocivil.siriusmarketingedesign.com.br\/wp-content\/uploads\/2024\/12\/unnamed-8.jpg",960,540,false],"1536x1536":["https:\/\/construcaocivil.siriusmarketingedesign.com.br\/wp-content\/uploads\/2024\/12\/unnamed-8.jpg",960,540,false],"2048x2048":["https:\/\/construcaocivil.siriusmarketingedesign.com.br\/wp-content\/uploads\/2024\/12\/unnamed-8.jpg",960,540,false]},"uagb_author_info":{"display_name":"Jornal da Constru\u00e7\u00e3o Civil","author_link":"https:\/\/construcaocivil.siriusmarketingedesign.com.br\/?author=1"},"uagb_comment_info":0,"uagb_excerpt":"A cada ano, o n\u00famero de arquitetos formados excede a quantidade de vagas dispon\u00edveis Dezembro &#8211; 2024, No dia 15 de dezembro, celebramos o Dia do Arquiteto, uma data que ressalta a criatividade e a compet\u00eancia t\u00e9cnica desses profissionais, mas tamb\u00e9m evidencia as dificuldades de ingresso no mercado de trabalho. Em 2022, aproximadamente 20 mil&hellip;","_links":{"self":[{"href":"https:\/\/construcaocivil.siriusmarketingedesign.com.br\/index.php?rest_route=\/wp\/v2\/posts\/24795","targetHints":{"allow":["GET"]}}],"collection":[{"href":"https:\/\/construcaocivil.siriusmarketingedesign.com.br\/index.php?rest_route=\/wp\/v2\/posts"}],"about":[{"href":"https:\/\/construcaocivil.siriusmarketingedesign.com.br\/index.php?rest_route=\/wp\/v2\/types\/post"}],"author":[{"embeddable":true,"href":"https:\/\/construcaocivil.siriusmarketingedesign.com.br\/index.php?rest_route=\/wp\/v2\/users\/1"}],"replies":[{"embeddable":true,"href":"https:\/\/construcaocivil.siriusmarketingedesign.com.br\/index.php?rest_route=%2Fwp%2Fv2%2Fcomments&post=24795"}],"version-history":[{"count":0,"href":"https:\/\/construcaocivil.siriusmarketingedesign.com.br\/index.php?rest_route=\/wp\/v2\/posts\/24795\/revisions"}],"wp:featuredmedia":[{"embeddable":true,"href":"https:\/\/construcaocivil.siriusmarketingedesign.com.br\/index.php?rest_route=\/wp\/v2\/media\/24796"}],"wp:attachment":[{"href":"https:\/\/construcaocivil.siriusmarketingedesign.com.br\/index.php?rest_route=%2Fwp%2Fv2%2Fmedia&parent=24795"}],"wp:term":[{"taxonomy":"category","embeddable":true,"href":"https:\/\/construcaocivil.siriusmarketingedesign.com.br\/index.php?rest_route=%2Fwp%2Fv2%2Fcategories&post=24795"},{"taxonomy":"post_tag","embeddable":true,"href":"https:\/\/construcaocivil.siriusmarketingedesign.com.br\/index.php?rest_route=%2Fwp%2Fv2%2Ftags&post=24795"}],"curies":[{"name":"wp","href":"https:\/\/api.w.org\/{rel}","templated":true}]}}