{"id":24820,"date":"2024-12-17T16:29:40","date_gmt":"2024-12-17T19:29:40","guid":{"rendered":"https:\/\/www.jornaldaconstrucaocivil.com.br\/?p=24820"},"modified":"2024-12-23T19:31:16","modified_gmt":"2024-12-23T22:31:16","slug":"imprudencia-irresponsabilidade-e-amadorismo-da-empresa-e-da-prefeitura-de-marica-leva-trabalhador-a-morte-apos-desabamento-da-arvore-de-natal","status":"publish","type":"post","link":"https:\/\/construcaocivil.siriusmarketingedesign.com.br\/?p=24820","title":{"rendered":"Sem \u00e1rvore de natal: Imprud\u00eancia, Irresponsabilidade e amadorismo da empresa e da prefeitura de Maric\u00e1 leva trabalhador \u00e0 morte ap\u00f3s desabamento da \u00e1rvore de NATAL"},"content":{"rendered":"<p style=\"text-align: justify;\">Rio, <span style=\"color: #993300;\">dezembro<\/span> &#8211; Empresa Estrutend, especializada em montagens e estruturas para eventos se envolveu em mais uma confus\u00e3o grave. Ap\u00f3s um forte vendaval que atingiu ontem(16\/12) diversas regi\u00f5es do Rio de Janeiro, inclusive cidades da regi\u00e3o metropolitana do estado, em Maric\u00e1, em decorr\u00eancia do desabamento da \u00c1rvore de Natal, com altura de 56 metros e montada na Lagoa de Ara\u00e7atiba, n\u00e3o suportou os efeitos clim\u00e1ticos do vendaval, um trabalhador morreu e outros dois ficaram feridos, quando estavam finalizando os servi\u00e7os de montagem da \u00e1rvore de natal do munic\u00edpio mais rico do Rio de Janeiro. De acordo com informa\u00e7\u00f5es apuradas pela imprensa, o MIMO NATALINO custou R$ 20 milh\u00f5es.<\/p>\n<p style=\"text-align: justify;\">A ESTRUTEND, \u00e9 a mesma empresa que em 2023, na cidade de Niter\u00f3i quase matou a cantora Marisa Monte, tamb\u00e9m ap\u00f3s o palco montado na praia de Icara\u00ed desabar.\u00a0 Ser\u00e1 que falta engenheiros e t\u00e9cnicos especializados na empresa?<\/p>\n<p style=\"text-align: justify;\">Em reportagem feita pelo G1, descreve o funcion\u00e1rio morto, Vin\u00edcius dos Santos Abreu, de 21 anos:<\/p>\n<div id=\"chunk-8i2sk\" style=\"text-align: justify;\">\n<div class=\"mc-column content-text active-extra-styles \" data-block-type=\"unstyled\" data-block-weight=\"48\" data-block-id=\"2\">\n<p class=\" content-text__container \" data-track-category=\"Link no Texto\" data-track-links=\"\" data-mrf-recirculation=\"Mat\u00e9ria - Links no Texto\"><span style=\"color: #993300;\"><em><strong>Jovem muito alegre e tecladista:<\/strong>\u00a0foi assim que os familiares de Vin\u00edcius dos Santos Abreu, de 21 anos, definiram o jovem. Vin\u00edcius morreu ap\u00f3s a \u00e1rvore de Natal flutuante de 56 metros na Lagoa de Ara\u00e7atiba, em\u00a0<a class=\"\" style=\"color: #993300;\" href=\"https:\/\/g1.globo.com\/rj\/regiao-dos-lagos\/cidade\/marica\/\" data-mrf-link=\"https:\/\/g1.globo.com\/rj\/regiao-dos-lagos\/cidade\/marica\/\">Maric\u00e1<\/a>,\u00a0<a class=\"\" style=\"color: #993300;\" href=\"https:\/\/g1.globo.com\/rj\/regiao-dos-lagos\/noticia\/2024\/12\/16\/arvore-de-natal-flutuante-cai-sobre-trabalhadores-mata-um-e-deixa-feridos-em-marica-video.ghtml\" data-mrf-link=\"https:\/\/g1.globo.com\/rj\/regiao-dos-lagos\/noticia\/2024\/12\/16\/arvore-de-natal-flutuante-cai-sobre-trabalhadores-mata-um-e-deixa-feridos-em-marica-video.ghtml\">desabar durante uma tempestade na tarde de segunda-feira (16)<\/a>.<\/em><\/span><\/p>\n<\/div>\n<\/div>\n<div class=\"wall protected-content\" style=\"text-align: justify;\">\n<div id=\"chunk-3u896\">\n<div class=\"mc-column content-text active-extra-styles \" data-block-type=\"unstyled\" data-block-weight=\"23\" data-block-id=\"4\">\n<p class=\" content-text__container \" data-track-category=\"Link no Texto\" data-track-links=\"\" data-mrf-recirculation=\"Mat\u00e9ria - Links no Texto\">Nos \u00faltimos 02 meses no Rio de Janeiro, j\u00e1 morreram cerca 07 pessoas v\u00edtimas de acidentes de trabalho. Uma engenheira, atropelada por uma pavimentadora na cidade de Maca\u00e9(obra da Petrobras), tr\u00eas oper\u00e1rios de uma empresa de constru\u00e7\u00e3o &#8211; DT Engenharia, na obra da CEDAE, na cidade de Nova Igua\u00e7u, 02 oper\u00e1rios morreram nas instala\u00e7\u00f5es da TRANSPETRO, em Angra dos Reis e agora, na cidade de Maric\u00e1, mais um funcion\u00e1rio.<\/p>\n<\/div>\n<\/div>\n<div id=\"chunk-1rp52\">\n<div class=\"mc-column content-text active-extra-styles \" data-block-type=\"unstyled\" data-block-weight=\"26\" data-block-id=\"5\"><\/div>\n<\/div>\n<\/div>\n<p style=\"text-align: justify;\">\n","protected":false},"excerpt":{"rendered":"<p>Rio, dezembro &#8211; Empresa Estrutend, especializada em montagens e estruturas para eventos se envolveu em mais uma confus\u00e3o grave. Ap\u00f3s um forte vendaval que atingiu ontem(16\/12) diversas regi\u00f5es do Rio de Janeiro, inclusive cidades da regi\u00e3o metropolitana do estado, em Maric\u00e1, em decorr\u00eancia do desabamento da \u00c1rvore de Natal, com altura de 56 metros e [&hellip;]<\/p>\n","protected":false},"author":1,"featured_media":24821,"comment_status":"open","ping_status":"open","sticky":false,"template":"","format":"standard","meta":{"_uag_custom_page_level_css":"","footnotes":""},"categories":[27],"tags":[3143,4397,27090,27091,14511,27092,8301],"class_list":["post-24820","post","type-post","status-publish","format-standard","has-post-thumbnail","hentry","category-acontece","tag-crea-rj","tag-epis","tag-marica-arvore-de-natal","tag-morte-de-trabalhador","tag-mp-rj","tag-niteroi-queda-de-palco","tag-nr-18"],"blocksy_meta":[],"spectra_blocks_featured_image_url":{"thumbnail":{"url":"https:\/\/construcaocivil.siriusmarketingedesign.com.br\/wp-content\/uploads\/2024\/12\/arvore-de-natal-marica-150x150.jpg","width":150,"height":150},"medium":{"url":"https:\/\/construcaocivil.siriusmarketingedesign.com.br\/wp-content\/uploads\/2024\/12\/arvore-de-natal-marica-300x200.jpg","width":300,"height":200},"medium_large":{"url":"https:\/\/construcaocivil.siriusmarketingedesign.com.br\/wp-content\/uploads\/2024\/12\/arvore-de-natal-marica-768x513.jpg","width":768,"height":513},"large":{"url":"https:\/\/construcaocivil.siriusmarketingedesign.com.br\/wp-content\/uploads\/2024\/12\/arvore-de-natal-marica-1024x684.jpg","width":1024,"height":684},"full":{"url":"https:\/\/construcaocivil.siriusmarketingedesign.com.br\/wp-content\/uploads\/2024\/12\/arvore-de-natal-marica.jpg","width":1200,"height":801}},"spectra_blocks_author_info":{"display_name":"Jornal da Constru\u00e7\u00e3o Civil","avatar_url":"https:\/\/secure.gravatar.com\/avatar\/973c9774fd44ddaceb026973c4962faa70fc512bc4c9da68e8ebb40fecee6540?s=96&d=mm&r=g","author_link":"https:\/\/construcaocivil.siriusmarketingedesign.com.br\/?author=1","description":"Desde de 2013, levando muitas informa\u00e7\u00f5es, lan\u00e7amentos e produtos de qualidade para toda cadeia produtiva da constru\u00e7\u00e3o. O Futuro da constru\u00e7\u00e3o passa por aqui,"},"uagb_featured_image_src":{"full":["https:\/\/construcaocivil.siriusmarketingedesign.com.br\/wp-content\/uploads\/2024\/12\/arvore-de-natal-marica.jpg",1200,801,false],"thumbnail":["https:\/\/construcaocivil.siriusmarketingedesign.com.br\/wp-content\/uploads\/2024\/12\/arvore-de-natal-marica-150x150.jpg",150,150,true],"medium":["https:\/\/construcaocivil.siriusmarketingedesign.com.br\/wp-content\/uploads\/2024\/12\/arvore-de-natal-marica-300x200.jpg",300,200,true],"medium_large":["https:\/\/construcaocivil.siriusmarketingedesign.com.br\/wp-content\/uploads\/2024\/12\/arvore-de-natal-marica-768x513.jpg",768,513,true],"large":["https:\/\/construcaocivil.siriusmarketingedesign.com.br\/wp-content\/uploads\/2024\/12\/arvore-de-natal-marica-1024x684.jpg",1024,684,true],"1536x1536":["https:\/\/construcaocivil.siriusmarketingedesign.com.br\/wp-content\/uploads\/2024\/12\/arvore-de-natal-marica.jpg",1200,801,false],"2048x2048":["https:\/\/construcaocivil.siriusmarketingedesign.com.br\/wp-content\/uploads\/2024\/12\/arvore-de-natal-marica.jpg",1200,801,false]},"uagb_author_info":{"display_name":"Jornal da Constru\u00e7\u00e3o Civil","author_link":"https:\/\/construcaocivil.siriusmarketingedesign.com.br\/?author=1"},"uagb_comment_info":0,"uagb_excerpt":"Rio, dezembro &#8211; Empresa Estrutend, especializada em montagens e estruturas para eventos se envolveu em mais uma confus\u00e3o grave. Ap\u00f3s um forte vendaval que atingiu ontem(16\/12) diversas regi\u00f5es do Rio de Janeiro, inclusive cidades da regi\u00e3o metropolitana do estado, em Maric\u00e1, em decorr\u00eancia do desabamento da \u00c1rvore de Natal, com altura de 56 metros e&hellip;","_links":{"self":[{"href":"https:\/\/construcaocivil.siriusmarketingedesign.com.br\/index.php?rest_route=\/wp\/v2\/posts\/24820","targetHints":{"allow":["GET"]}}],"collection":[{"href":"https:\/\/construcaocivil.siriusmarketingedesign.com.br\/index.php?rest_route=\/wp\/v2\/posts"}],"about":[{"href":"https:\/\/construcaocivil.siriusmarketingedesign.com.br\/index.php?rest_route=\/wp\/v2\/types\/post"}],"author":[{"embeddable":true,"href":"https:\/\/construcaocivil.siriusmarketingedesign.com.br\/index.php?rest_route=\/wp\/v2\/users\/1"}],"replies":[{"embeddable":true,"href":"https:\/\/construcaocivil.siriusmarketingedesign.com.br\/index.php?rest_route=%2Fwp%2Fv2%2Fcomments&post=24820"}],"version-history":[{"count":0,"href":"https:\/\/construcaocivil.siriusmarketingedesign.com.br\/index.php?rest_route=\/wp\/v2\/posts\/24820\/revisions"}],"wp:featuredmedia":[{"embeddable":true,"href":"https:\/\/construcaocivil.siriusmarketingedesign.com.br\/index.php?rest_route=\/wp\/v2\/media\/24821"}],"wp:attachment":[{"href":"https:\/\/construcaocivil.siriusmarketingedesign.com.br\/index.php?rest_route=%2Fwp%2Fv2%2Fmedia&parent=24820"}],"wp:term":[{"taxonomy":"category","embeddable":true,"href":"https:\/\/construcaocivil.siriusmarketingedesign.com.br\/index.php?rest_route=%2Fwp%2Fv2%2Fcategories&post=24820"},{"taxonomy":"post_tag","embeddable":true,"href":"https:\/\/construcaocivil.siriusmarketingedesign.com.br\/index.php?rest_route=%2Fwp%2Fv2%2Ftags&post=24820"}],"curies":[{"name":"wp","href":"https:\/\/api.w.org\/{rel}","templated":true}]}}