{"id":24825,"date":"2024-12-18T00:36:31","date_gmt":"2024-12-18T03:36:31","guid":{"rendered":"https:\/\/www.jornaldaconstrucaocivil.com.br\/?p=24825"},"modified":"2024-12-18T00:36:31","modified_gmt":"2024-12-18T03:36:31","slug":"crea-rj-apura-com-rigor-queda-da-arvore-de-natal-em-marica","status":"publish","type":"post","link":"https:\/\/construcaocivil.siriusmarketingedesign.com.br\/?p=24825","title":{"rendered":"Crea-RJ apura com rigor queda da \u00e1rvore de Natal em Maric\u00e1"},"content":{"rendered":"<p style=\"text-align: justify;\">O Conselho Regional de Engenharia e Agronomia (Crea-RJ) informa que est\u00e1 apurando com todo rigor as responsabilidades pela queda da \u00e1rvore de Natal de 60 metros de altura no munic\u00edpio de Maric\u00e1, na tarde de segunda-feira (16), e que resultou na morte de um oper\u00e1rio.<\/p>\n<p style=\"text-align: justify;\">\n<p style=\"text-align: justify;\">A fiscaliza\u00e7\u00e3o do Crea esteve no local da trag\u00e9dia e j\u00e1 est\u00e1 buscando informa\u00e7\u00f5es com a empresa que construiu a \u00e1rvore. A fiscaliza\u00e7\u00e3o constatou que h\u00e1 respons\u00e1vel t\u00e9cnico pela constru\u00e7\u00e3o civil, mas, por se tratar de uma estrutura mar\u00edtima, ainda n\u00e3o foi localizado o respons\u00e1vel t\u00e9cnico pela estrutura flutuante.<\/p>\n<p style=\"text-align: justify;\">\n<p style=\"text-align: justify;\">O Crea vai tamb\u00e9m pedir informa\u00e7\u00f5es a outras autoridades competentes, como a prefeitura de Maric\u00e1 e a Marinha do Brasil, j\u00e1 que a estrutura flutuante est\u00e1 na Lagoa de Ara\u00e7atiba.<\/p>\n<p style=\"text-align: justify;\">\n<p style=\"text-align: justify;\">&#8220;Vamos apurar at\u00e9 o fim as responsabilidades por esse caso e identificar os profissionais que podem at\u00e9 ser levados \u00e0 Comiss\u00e3o de \u00c9tica do Crea-RJ e ter seus registros cancelados&#8221;, afirmou o presidente do Crea, engenheiro Miguel Fern\u00e1ndez.<\/p>\n<p><iframe loading=\"lazy\" title=\"\u00c1rvore de Natal flutuante cai e deixa um morto em Maric\u00e1 (RJ); veja v\u00eddeos\" width=\"1290\" height=\"726\" src=\"https:\/\/www.youtube.com\/embed\/noT3oxhniAA?feature=oembed\" frameborder=\"0\" allow=\"accelerometer; autoplay; clipboard-write; encrypted-media; gyroscope; picture-in-picture; web-share\" referrerpolicy=\"strict-origin-when-cross-origin\" allowfullscreen><\/iframe><\/p>\n","protected":false},"excerpt":{"rendered":"<p>O Conselho Regional de Engenharia e Agronomia (Crea-RJ) informa que est\u00e1 apurando com todo rigor as responsabilidades pela queda da \u00e1rvore de Natal de 60 metros de altura no munic\u00edpio de Maric\u00e1, na tarde de segunda-feira (16), e que resultou na morte de um oper\u00e1rio. A fiscaliza\u00e7\u00e3o do Crea esteve no local da trag\u00e9dia e [&hellip;]<\/p>\n","protected":false},"author":1,"featured_media":24827,"comment_status":"open","ping_status":"open","sticky":false,"template":"","format":"standard","meta":{"_uag_custom_page_level_css":"","footnotes":""},"categories":[31],"tags":[25883,27093,3143,27094,7295,7870],"class_list":["post-24825","post","type-post","status-publish","format-standard","has-post-thumbnail","hentry","category-infraestrutura","tag-arts","tag-arvore-de-natal-desaba","tag-crea-rj","tag-fiscalizacao-tecnica","tag-marica-rj","tag-morte-de-trabalhadores"],"blocksy_meta":[],"spectra_blocks_featured_image_url":{"thumbnail":{"url":"https:\/\/construcaocivil.siriusmarketingedesign.com.br\/wp-content\/uploads\/2024\/12\/Captura-de-Tela-59-150x150.png","width":150,"height":150},"medium":{"url":"https:\/\/construcaocivil.siriusmarketingedesign.com.br\/wp-content\/uploads\/2024\/12\/Captura-de-Tela-59-300x212.png","width":300,"height":212},"medium_large":{"url":"https:\/\/construcaocivil.siriusmarketingedesign.com.br\/wp-content\/uploads\/2024\/12\/Captura-de-Tela-59.png","width":634,"height":447},"large":{"url":"https:\/\/construcaocivil.siriusmarketingedesign.com.br\/wp-content\/uploads\/2024\/12\/Captura-de-Tela-59.png","width":634,"height":447},"full":{"url":"https:\/\/construcaocivil.siriusmarketingedesign.com.br\/wp-content\/uploads\/2024\/12\/Captura-de-Tela-59.png","width":634,"height":447}},"spectra_blocks_author_info":{"display_name":"Jornal da Constru\u00e7\u00e3o Civil","avatar_url":"https:\/\/secure.gravatar.com\/avatar\/973c9774fd44ddaceb026973c4962faa70fc512bc4c9da68e8ebb40fecee6540?s=96&d=mm&r=g","author_link":"https:\/\/construcaocivil.siriusmarketingedesign.com.br\/?author=1","description":"Desde de 2013, levando muitas informa\u00e7\u00f5es, lan\u00e7amentos e produtos de qualidade para toda cadeia produtiva da constru\u00e7\u00e3o. O Futuro da constru\u00e7\u00e3o passa por aqui,"},"uagb_featured_image_src":{"full":["https:\/\/construcaocivil.siriusmarketingedesign.com.br\/wp-content\/uploads\/2024\/12\/Captura-de-Tela-59.png",634,447,false],"thumbnail":["https:\/\/construcaocivil.siriusmarketingedesign.com.br\/wp-content\/uploads\/2024\/12\/Captura-de-Tela-59-150x150.png",150,150,true],"medium":["https:\/\/construcaocivil.siriusmarketingedesign.com.br\/wp-content\/uploads\/2024\/12\/Captura-de-Tela-59-300x212.png",300,212,true],"medium_large":["https:\/\/construcaocivil.siriusmarketingedesign.com.br\/wp-content\/uploads\/2024\/12\/Captura-de-Tela-59.png",634,447,false],"large":["https:\/\/construcaocivil.siriusmarketingedesign.com.br\/wp-content\/uploads\/2024\/12\/Captura-de-Tela-59.png",634,447,false],"1536x1536":["https:\/\/construcaocivil.siriusmarketingedesign.com.br\/wp-content\/uploads\/2024\/12\/Captura-de-Tela-59.png",634,447,false],"2048x2048":["https:\/\/construcaocivil.siriusmarketingedesign.com.br\/wp-content\/uploads\/2024\/12\/Captura-de-Tela-59.png",634,447,false]},"uagb_author_info":{"display_name":"Jornal da Constru\u00e7\u00e3o Civil","author_link":"https:\/\/construcaocivil.siriusmarketingedesign.com.br\/?author=1"},"uagb_comment_info":0,"uagb_excerpt":"O Conselho Regional de Engenharia e Agronomia (Crea-RJ) informa que est\u00e1 apurando com todo rigor as responsabilidades pela queda da \u00e1rvore de Natal de 60 metros de altura no munic\u00edpio de Maric\u00e1, na tarde de segunda-feira (16), e que resultou na morte de um oper\u00e1rio. A fiscaliza\u00e7\u00e3o do Crea esteve no local da trag\u00e9dia e&hellip;","_links":{"self":[{"href":"https:\/\/construcaocivil.siriusmarketingedesign.com.br\/index.php?rest_route=\/wp\/v2\/posts\/24825","targetHints":{"allow":["GET"]}}],"collection":[{"href":"https:\/\/construcaocivil.siriusmarketingedesign.com.br\/index.php?rest_route=\/wp\/v2\/posts"}],"about":[{"href":"https:\/\/construcaocivil.siriusmarketingedesign.com.br\/index.php?rest_route=\/wp\/v2\/types\/post"}],"author":[{"embeddable":true,"href":"https:\/\/construcaocivil.siriusmarketingedesign.com.br\/index.php?rest_route=\/wp\/v2\/users\/1"}],"replies":[{"embeddable":true,"href":"https:\/\/construcaocivil.siriusmarketingedesign.com.br\/index.php?rest_route=%2Fwp%2Fv2%2Fcomments&post=24825"}],"version-history":[{"count":0,"href":"https:\/\/construcaocivil.siriusmarketingedesign.com.br\/index.php?rest_route=\/wp\/v2\/posts\/24825\/revisions"}],"wp:featuredmedia":[{"embeddable":true,"href":"https:\/\/construcaocivil.siriusmarketingedesign.com.br\/index.php?rest_route=\/wp\/v2\/media\/24827"}],"wp:attachment":[{"href":"https:\/\/construcaocivil.siriusmarketingedesign.com.br\/index.php?rest_route=%2Fwp%2Fv2%2Fmedia&parent=24825"}],"wp:term":[{"taxonomy":"category","embeddable":true,"href":"https:\/\/construcaocivil.siriusmarketingedesign.com.br\/index.php?rest_route=%2Fwp%2Fv2%2Fcategories&post=24825"},{"taxonomy":"post_tag","embeddable":true,"href":"https:\/\/construcaocivil.siriusmarketingedesign.com.br\/index.php?rest_route=%2Fwp%2Fv2%2Ftags&post=24825"}],"curies":[{"name":"wp","href":"https:\/\/api.w.org\/{rel}","templated":true}]}}