{"id":24841,"date":"2024-12-20T16:05:05","date_gmt":"2024-12-20T19:05:05","guid":{"rendered":"https:\/\/www.jornaldaconstrucaocivil.com.br\/?p=24841"},"modified":"2024-12-20T16:05:05","modified_gmt":"2024-12-20T19:05:05","slug":"hidreletricas-x-termeletricas-brasil-e-atingido-em-cheio-pela-guerra-energetica","status":"publish","type":"post","link":"https:\/\/construcaocivil.siriusmarketingedesign.com.br\/?p=24841","title":{"rendered":"Hidrel\u00e9tricas x Termel\u00e9tricas: Brasil \u00e9 atingido em cheio pela Guerra Energetica."},"content":{"rendered":"<p>O placar est\u00e1 1\u00a0<img decoding=\"async\" class=\"an1\" draggable=\"false\" src=\"https:\/\/fonts.gstatic.com\/s\/e\/notoemoji\/15.1\/1f1fa_1f1f8\/32.png\" alt=\"\ud83c\uddfa\ud83c\uddf8\" data-emoji=\"\ud83c\uddfa\ud83c\uddf8\" aria-label=\"\ud83c\uddfa\ud83c\uddf8\" \/>\u00a0x 0\u00a0<img decoding=\"async\" class=\"an1\" draggable=\"false\" src=\"https:\/\/fonts.gstatic.com\/s\/e\/notoemoji\/15.1\/1f1e7_1f1f7\/32.png\" alt=\"\ud83c\udde7\ud83c\uddf7\" data-emoji=\"\ud83c\udde7\ud83c\uddf7\" aria-label=\"\ud83c\udde7\ud83c\uddf7\" \/><\/p>\n<p>Com o aumento de 664% em 30 anos \u00a0na capacidade de gera\u00e7\u00e3o termeletrica \u00a0que \u00e9 10 vezes mais cara que a hidrel\u00e9trica as Taifas para a industria subiram 134% \u00a0ACIMA DA INFLA\u00c7\u00c3O<\/p>\n<p>E claro: a emiss\u00e3o anual de gases de efeito estufa pelo setor eletrico cresceu em media 50%<\/p>\n<p>Mas como o governo federal alardeia que somos 90% renovaveis sem lembrar que antes das 9 da manh\u00e3 e depois das 4 da tarde a solar e a eolica n\u00e3o funcionam nada bem, \u00a0tendo que depender cada vez mais das carissimas termoel\u00e9tricas que s\u00e3o de propriedade de 3 Familias, \u00a0o nosso povo e nossos industriais n\u00e3o sabem do que est\u00e1 acontecendo.<\/p>\n<p>Quer saber mais sobre como as ind\u00fastrias nacionais est\u00e3o sendo derrotadas na Guerra ENERGETICA?<\/p>\n<p><iframe loading=\"lazy\" title=\"Brasil em Guerra pela Energia: O Embate entre Hidrel\u00e9tricas e Termel\u00e9tricas!\" width=\"1290\" height=\"726\" src=\"https:\/\/www.youtube.com\/embed\/n8ud98vOmJU?feature=oembed\" frameborder=\"0\" allow=\"accelerometer; autoplay; clipboard-write; encrypted-media; gyroscope; picture-in-picture; web-share\" referrerpolicy=\"strict-origin-when-cross-origin\" allowfullscreen><\/iframe><\/p>\n","protected":false},"excerpt":{"rendered":"<p>O placar est\u00e1 1\u00a0\u00a0x 0\u00a0 Com o aumento de 664% em 30 anos \u00a0na capacidade de gera\u00e7\u00e3o termeletrica \u00a0que \u00e9 10 vezes mais cara que a hidrel\u00e9trica as Taifas para a industria subiram 134% \u00a0ACIMA DA INFLA\u00c7\u00c3O E claro: a emiss\u00e3o anual de gases de efeito estufa pelo setor eletrico cresceu em media 50% Mas [&hellip;]<\/p>\n","protected":false},"author":1,"featured_media":24842,"comment_status":"open","ping_status":"open","sticky":false,"template":"","format":"standard","meta":{"_uag_custom_page_level_css":"","footnotes":""},"categories":[29,12594],"tags":[26769,26427,27105,27106,26265],"class_list":["post-24841","post","type-post","status-publish","format-standard","has-post-thumbnail","hentry","category-energia","category-tv-da-construcao-civil","tag-descarbonizacao","tag-enercons","tag-energia-preco-da-luz","tag-tarifa-de-luz-inflacao","tag-transicao-energetica"],"blocksy_meta":[],"spectra_blocks_featured_image_url":{"thumbnail":{"url":"https:\/\/construcaocivil.siriusmarketingedesign.com.br\/wp-content\/uploads\/2024\/12\/Termeletrica-x-Termoeletrica-150x150.png","width":150,"height":150},"medium":{"url":"https:\/\/construcaocivil.siriusmarketingedesign.com.br\/wp-content\/uploads\/2024\/12\/Termeletrica-x-Termoeletrica-300x251.png","width":300,"height":251},"medium_large":{"url":"https:\/\/construcaocivil.siriusmarketingedesign.com.br\/wp-content\/uploads\/2024\/12\/Termeletrica-x-Termoeletrica-768x644.png","width":768,"height":644},"large":{"url":"https:\/\/construcaocivil.siriusmarketingedesign.com.br\/wp-content\/uploads\/2024\/12\/Termeletrica-x-Termoeletrica.png","width":940,"height":788},"full":{"url":"https:\/\/construcaocivil.siriusmarketingedesign.com.br\/wp-content\/uploads\/2024\/12\/Termeletrica-x-Termoeletrica.png","width":940,"height":788}},"spectra_blocks_author_info":{"display_name":"Jornal da Constru\u00e7\u00e3o Civil","avatar_url":"https:\/\/secure.gravatar.com\/avatar\/973c9774fd44ddaceb026973c4962faa70fc512bc4c9da68e8ebb40fecee6540?s=96&d=mm&r=g","author_link":"https:\/\/construcaocivil.siriusmarketingedesign.com.br\/?author=1","description":"Desde de 2013, levando muitas informa\u00e7\u00f5es, lan\u00e7amentos e produtos de qualidade para toda cadeia produtiva da constru\u00e7\u00e3o. O Futuro da constru\u00e7\u00e3o passa por aqui,"},"uagb_featured_image_src":{"full":["https:\/\/construcaocivil.siriusmarketingedesign.com.br\/wp-content\/uploads\/2024\/12\/Termeletrica-x-Termoeletrica.png",940,788,false],"thumbnail":["https:\/\/construcaocivil.siriusmarketingedesign.com.br\/wp-content\/uploads\/2024\/12\/Termeletrica-x-Termoeletrica-150x150.png",150,150,true],"medium":["https:\/\/construcaocivil.siriusmarketingedesign.com.br\/wp-content\/uploads\/2024\/12\/Termeletrica-x-Termoeletrica-300x251.png",300,251,true],"medium_large":["https:\/\/construcaocivil.siriusmarketingedesign.com.br\/wp-content\/uploads\/2024\/12\/Termeletrica-x-Termoeletrica-768x644.png",768,644,true],"large":["https:\/\/construcaocivil.siriusmarketingedesign.com.br\/wp-content\/uploads\/2024\/12\/Termeletrica-x-Termoeletrica.png",940,788,false],"1536x1536":["https:\/\/construcaocivil.siriusmarketingedesign.com.br\/wp-content\/uploads\/2024\/12\/Termeletrica-x-Termoeletrica.png",940,788,false],"2048x2048":["https:\/\/construcaocivil.siriusmarketingedesign.com.br\/wp-content\/uploads\/2024\/12\/Termeletrica-x-Termoeletrica.png",940,788,false]},"uagb_author_info":{"display_name":"Jornal da Constru\u00e7\u00e3o Civil","author_link":"https:\/\/construcaocivil.siriusmarketingedesign.com.br\/?author=1"},"uagb_comment_info":0,"uagb_excerpt":"O placar est\u00e1 1\u00a0\u00a0x 0\u00a0 Com o aumento de 664% em 30 anos \u00a0na capacidade de gera\u00e7\u00e3o termeletrica \u00a0que \u00e9 10 vezes mais cara que a hidrel\u00e9trica as Taifas para a industria subiram 134% \u00a0ACIMA DA INFLA\u00c7\u00c3O E claro: a emiss\u00e3o anual de gases de efeito estufa pelo setor eletrico cresceu em media 50% Mas&hellip;","_links":{"self":[{"href":"https:\/\/construcaocivil.siriusmarketingedesign.com.br\/index.php?rest_route=\/wp\/v2\/posts\/24841","targetHints":{"allow":["GET"]}}],"collection":[{"href":"https:\/\/construcaocivil.siriusmarketingedesign.com.br\/index.php?rest_route=\/wp\/v2\/posts"}],"about":[{"href":"https:\/\/construcaocivil.siriusmarketingedesign.com.br\/index.php?rest_route=\/wp\/v2\/types\/post"}],"author":[{"embeddable":true,"href":"https:\/\/construcaocivil.siriusmarketingedesign.com.br\/index.php?rest_route=\/wp\/v2\/users\/1"}],"replies":[{"embeddable":true,"href":"https:\/\/construcaocivil.siriusmarketingedesign.com.br\/index.php?rest_route=%2Fwp%2Fv2%2Fcomments&post=24841"}],"version-history":[{"count":0,"href":"https:\/\/construcaocivil.siriusmarketingedesign.com.br\/index.php?rest_route=\/wp\/v2\/posts\/24841\/revisions"}],"wp:featuredmedia":[{"embeddable":true,"href":"https:\/\/construcaocivil.siriusmarketingedesign.com.br\/index.php?rest_route=\/wp\/v2\/media\/24842"}],"wp:attachment":[{"href":"https:\/\/construcaocivil.siriusmarketingedesign.com.br\/index.php?rest_route=%2Fwp%2Fv2%2Fmedia&parent=24841"}],"wp:term":[{"taxonomy":"category","embeddable":true,"href":"https:\/\/construcaocivil.siriusmarketingedesign.com.br\/index.php?rest_route=%2Fwp%2Fv2%2Fcategories&post=24841"},{"taxonomy":"post_tag","embeddable":true,"href":"https:\/\/construcaocivil.siriusmarketingedesign.com.br\/index.php?rest_route=%2Fwp%2Fv2%2Ftags&post=24841"}],"curies":[{"name":"wp","href":"https:\/\/api.w.org\/{rel}","templated":true}]}}