{"id":24847,"date":"2024-12-23T14:46:09","date_gmt":"2024-12-23T17:46:09","guid":{"rendered":"https:\/\/www.jornaldaconstrucaocivil.com.br\/?p=24847"},"modified":"2024-12-23T14:46:09","modified_gmt":"2024-12-23T17:46:09","slug":"queda-de-ponte-mata-duas-pessoas-deixa-12-desaparecidas-na-br-226-entre-os-estados-do-tocantins-e-o-maranhao-descaso-mostra-os-perigos-da-falta-de-manutencao-e-fiscalizacao-nas-estradas-brasileira","status":"publish","type":"post","link":"https:\/\/construcaocivil.siriusmarketingedesign.com.br\/?p=24847","title":{"rendered":"Queda de ponte mata duas pessoas, deixa 12 desaparecidas na BR- 226, entre os estados do Tocantins e o Maranh\u00e3o; Descaso mostra os perigos da falta de manuten\u00e7\u00e3o e fiscaliza\u00e7\u00e3o nas estradas brasileiras"},"content":{"rendered":"<p style=\"text-align: justify;\">Constru\u00edda na d\u00e9cada de 60, para o desenvolvimento da regi\u00e3o norte-nordeste,\u00a0 a Ponte Juscelino Kubitschek, chamada de Ponte JK, que liga os munic\u00edpios de Estreito (MA) e Aguiarn\u00f3pol\u00eds(TO) n\u00e3o resistiu ao descaso p\u00fablico por falta manuten\u00e7\u00e3o e fiscaliza\u00e7\u00e3o e caiu neste \u00faltimo domingo, 22\/12. De acordo com autoridades locais, duas pessoas morreram e 10 est\u00e3o desaparecidas.<\/p>\n<p style=\"text-align: justify;\">Em coletiva de imprensa, o ministro dos Transportes, Renan Filho, declarou que o \u00f3rg\u00e3o, juntamente com o DNIT, vai instaurar uma sindic\u00e2ncia para apurar o que houve no local e que est\u00e1 trabalhando em conjunto com as estruturas dos Estados do Tocantins e do Maranh\u00e3o para o resgate das v\u00edtimas. Ele afirmou tamb\u00e9m que j\u00e1 foi decretado estado de emerg\u00eancia para a trag\u00e9dia e que uma nova ponte ser\u00e1 constru\u00edda, com investimentos aproximados de R$ 100 a R$ 150 milh\u00f5es, ainda no exerc\u00edcio financeiro de 2024.<\/p>\n<p style=\"text-align: justify;\">O Ministro Renana Filho visitou o local do desabamento da Ponte JK e disse:<\/p>\n<p style=\"text-align: justify;\"><span style=\"color: #993300;\"><em>\u201cN\u00f3s estamos com emerg\u00eancia decretada para contratar a reconstru\u00e7\u00e3o da ponte ainda dentro do exerc\u00edcio de 2024. Isso ser\u00e1 um trabalho de muita resolutividade por parte do Minist\u00e9rio dos Transportes para que se consiga ter esta obra no que concerne n\u00e3o apenas \u00e0 reconstru\u00e7\u00e3o, mas tamb\u00e9m \u00e0 retirada dos escombros, avalia\u00e7\u00e3o dos danos causados, acompanhamento da obra e a execu\u00e7\u00e3o das futuras obras. Minha vinda aqui traz a garantia ao povo maranhense e tocantinense de que vamos reconstruir integralmente esta ponte com todos os itens de seguran\u00e7a\u201d, disse.<\/em><\/span><\/p>\n<p style=\"text-align: justify;\">O Governo do Tocantins, segundo o governador Wanderley Barbosa se comprometeu na reconstru\u00e7\u00e3o e ajudar os familiares das v\u00edtimas:<\/p>\n<p style=\"text-align: justify;\"><em><span style=\"color: #993300;\">\u201cEste \u00e9 o momento de sermos solid\u00e1rios \u00e0s fam\u00edlias que perderam seus entes queridos. Desde o in\u00edcio, entrei em contato com o prefeito de Aguiarn\u00f3polis, Wanderly Leite, com o governador Brand\u00e3o e com o ministro Renan Filho, para todos unirmos esfor\u00e7os nas buscas e resgates. Tamb\u00e9m discutimos sobre fazer uma nova ponte e encontrar um caminho para desviar esse tr\u00e2nsito e chegar a Bel\u00e9m e a outros lugares que as pessoas precisam ir. Vamos buscar ainda uma for\u00e7a tarefa de manuten\u00e7\u00e3o das rodovias l\u00e1 no Tocantins, s\u00e3o estradas que n\u00e3o t\u00eam o mesmo suporte, a mesma infraestrutura de uma rodovia federal\u201d, ressaltou o governador Wanderlei Barbosa em declara\u00e7\u00e3o no local.<\/span><\/em><\/p>\n<p style=\"text-align: justify;\">\u00c9 na sequencia das falas o governador do estado do Maranh\u00e3o, Carlos Brandao:<\/p>\n<p style=\"text-align: justify;\"><span style=\"color: #993300;\"><em>\u201cGaranto que n\u00e3o mediremos esfor\u00e7os para dar o suporte necess\u00e1rio \u00e0s fam\u00edlias atingidas, bem como para trabalhar na reconstru\u00e7\u00e3o da ponte e do retorno do fluxo de ve\u00edculos entre os estados\u201d, escreveu o governador em uma rede social.\u00a0<\/em><\/span><\/p>\n<p style=\"text-align: justify;\">\n<p style=\"text-align: justify;\">\n","protected":false},"excerpt":{"rendered":"<p>Constru\u00edda na d\u00e9cada de 60, para o desenvolvimento da regi\u00e3o norte-nordeste,\u00a0 a Ponte Juscelino Kubitschek, chamada de Ponte JK, que liga os munic\u00edpios de Estreito (MA) e Aguiarn\u00f3pol\u00eds(TO) n\u00e3o resistiu ao descaso p\u00fablico por falta manuten\u00e7\u00e3o e fiscaliza\u00e7\u00e3o e caiu neste \u00faltimo domingo, 22\/12. De acordo com autoridades locais, duas pessoas morreram e 10 est\u00e3o [&hellip;]<\/p>\n","protected":false},"author":1,"featured_media":24848,"comment_status":"open","ping_status":"open","sticky":false,"template":"","format":"standard","meta":{"_uag_custom_page_level_css":"","footnotes":""},"categories":[31],"tags":[27113,3769,7237,8371,27112,27114,11810],"class_list":["post-24847","post","type-post","status-publish","format-standard","has-post-thumbnail","hentry","category-infraestrutura","tag-br-226","tag-dnit","tag-maranhao","tag-obras-do-pac","tag-ponte-jk-desabamento","tag-pontes-e-estruturas","tag-tocantins"],"blocksy_meta":[],"spectra_blocks_featured_image_url":{"thumbnail":{"url":"https:\/\/construcaocivil.siriusmarketingedesign.com.br\/wp-content\/uploads\/2024\/12\/PONTE-JK-150x150.png","width":150,"height":150},"medium":{"url":"https:\/\/construcaocivil.siriusmarketingedesign.com.br\/wp-content\/uploads\/2024\/12\/PONTE-JK-300x167.png","width":300,"height":167},"medium_large":{"url":"https:\/\/construcaocivil.siriusmarketingedesign.com.br\/wp-content\/uploads\/2024\/12\/PONTE-JK-768x427.png","width":768,"height":427},"large":{"url":"https:\/\/construcaocivil.siriusmarketingedesign.com.br\/wp-content\/uploads\/2024\/12\/PONTE-JK-1024x570.png","width":1024,"height":570},"full":{"url":"https:\/\/construcaocivil.siriusmarketingedesign.com.br\/wp-content\/uploads\/2024\/12\/PONTE-JK.png","width":1287,"height":716}},"spectra_blocks_author_info":{"display_name":"Jornal da Constru\u00e7\u00e3o Civil","avatar_url":"https:\/\/secure.gravatar.com\/avatar\/973c9774fd44ddaceb026973c4962faa70fc512bc4c9da68e8ebb40fecee6540?s=96&d=mm&r=g","author_link":"https:\/\/construcaocivil.siriusmarketingedesign.com.br\/?author=1","description":"Desde de 2013, levando muitas informa\u00e7\u00f5es, lan\u00e7amentos e produtos de qualidade para toda cadeia produtiva da constru\u00e7\u00e3o. O Futuro da constru\u00e7\u00e3o passa por aqui,"},"uagb_featured_image_src":{"full":["https:\/\/construcaocivil.siriusmarketingedesign.com.br\/wp-content\/uploads\/2024\/12\/PONTE-JK.png",1287,716,false],"thumbnail":["https:\/\/construcaocivil.siriusmarketingedesign.com.br\/wp-content\/uploads\/2024\/12\/PONTE-JK-150x150.png",150,150,true],"medium":["https:\/\/construcaocivil.siriusmarketingedesign.com.br\/wp-content\/uploads\/2024\/12\/PONTE-JK-300x167.png",300,167,true],"medium_large":["https:\/\/construcaocivil.siriusmarketingedesign.com.br\/wp-content\/uploads\/2024\/12\/PONTE-JK-768x427.png",768,427,true],"large":["https:\/\/construcaocivil.siriusmarketingedesign.com.br\/wp-content\/uploads\/2024\/12\/PONTE-JK-1024x570.png",1024,570,true],"1536x1536":["https:\/\/construcaocivil.siriusmarketingedesign.com.br\/wp-content\/uploads\/2024\/12\/PONTE-JK.png",1287,716,false],"2048x2048":["https:\/\/construcaocivil.siriusmarketingedesign.com.br\/wp-content\/uploads\/2024\/12\/PONTE-JK.png",1287,716,false]},"uagb_author_info":{"display_name":"Jornal da Constru\u00e7\u00e3o Civil","author_link":"https:\/\/construcaocivil.siriusmarketingedesign.com.br\/?author=1"},"uagb_comment_info":0,"uagb_excerpt":"Constru\u00edda na d\u00e9cada de 60, para o desenvolvimento da regi\u00e3o norte-nordeste,\u00a0 a Ponte Juscelino Kubitschek, chamada de Ponte JK, que liga os munic\u00edpios de Estreito (MA) e Aguiarn\u00f3pol\u00eds(TO) n\u00e3o resistiu ao descaso p\u00fablico por falta manuten\u00e7\u00e3o e fiscaliza\u00e7\u00e3o e caiu neste \u00faltimo domingo, 22\/12. De acordo com autoridades locais, duas pessoas morreram e 10 est\u00e3o&hellip;","_links":{"self":[{"href":"https:\/\/construcaocivil.siriusmarketingedesign.com.br\/index.php?rest_route=\/wp\/v2\/posts\/24847","targetHints":{"allow":["GET"]}}],"collection":[{"href":"https:\/\/construcaocivil.siriusmarketingedesign.com.br\/index.php?rest_route=\/wp\/v2\/posts"}],"about":[{"href":"https:\/\/construcaocivil.siriusmarketingedesign.com.br\/index.php?rest_route=\/wp\/v2\/types\/post"}],"author":[{"embeddable":true,"href":"https:\/\/construcaocivil.siriusmarketingedesign.com.br\/index.php?rest_route=\/wp\/v2\/users\/1"}],"replies":[{"embeddable":true,"href":"https:\/\/construcaocivil.siriusmarketingedesign.com.br\/index.php?rest_route=%2Fwp%2Fv2%2Fcomments&post=24847"}],"version-history":[{"count":0,"href":"https:\/\/construcaocivil.siriusmarketingedesign.com.br\/index.php?rest_route=\/wp\/v2\/posts\/24847\/revisions"}],"wp:featuredmedia":[{"embeddable":true,"href":"https:\/\/construcaocivil.siriusmarketingedesign.com.br\/index.php?rest_route=\/wp\/v2\/media\/24848"}],"wp:attachment":[{"href":"https:\/\/construcaocivil.siriusmarketingedesign.com.br\/index.php?rest_route=%2Fwp%2Fv2%2Fmedia&parent=24847"}],"wp:term":[{"taxonomy":"category","embeddable":true,"href":"https:\/\/construcaocivil.siriusmarketingedesign.com.br\/index.php?rest_route=%2Fwp%2Fv2%2Fcategories&post=24847"},{"taxonomy":"post_tag","embeddable":true,"href":"https:\/\/construcaocivil.siriusmarketingedesign.com.br\/index.php?rest_route=%2Fwp%2Fv2%2Ftags&post=24847"}],"curies":[{"name":"wp","href":"https:\/\/api.w.org\/{rel}","templated":true}]}}