{"id":24882,"date":"2025-01-02T16:21:57","date_gmt":"2025-01-02T19:21:57","guid":{"rendered":"https:\/\/www.jornaldaconstrucaocivil.com.br\/?p=24882"},"modified":"2025-01-02T16:21:57","modified_gmt":"2025-01-02T19:21:57","slug":"governo-de-pernambuco-assina-ordem-de-servico-para-dragagem-do-canal-interno-do-porto-de-suape","status":"publish","type":"post","link":"https:\/\/construcaocivil.siriusmarketingedesign.com.br\/?p=24882","title":{"rendered":"Governo de Pernambuco assina ordem de servi\u00e7o para dragagem do canal interno do Porto de Suape"},"content":{"rendered":"<p style=\"font-weight: 400;\">A interven\u00e7\u00e3o \u00e9 uma das mais importantes obras para melhoria da infraestrutura do porto, permitindo a atraca\u00e7\u00e3o de navios de classe mundial com capacidade m\u00e1xima de carga<\/p>\n<p style=\"font-weight: 400;\">\n<p style=\"font-weight: 400;\">O Governo de Pernambuco assinou a ordem de servi\u00e7o para o in\u00edcio do servi\u00e7o de dragagem do canal interno do Porto de Suape. Trata-se de uma das mais importantes obras de infraestrutura do atracadouro pernambucano, o 6\u00ba mais movimentado entre os portos p\u00fablicos do pa\u00eds. A interven\u00e7\u00e3o tem custo de R$ 199.722.311,71, sendo R$ 100 milh\u00f5es do Minist\u00e9rio de Portos e Aeroportos, por meio do Programa de Acelera\u00e7\u00e3o Econ\u00f4mica (PAC3),\u00a0\u00a0e R$ 99.722.311,7 de recursos pr\u00f3prios do estado. A autoriza\u00e7\u00e3o para mobiliza\u00e7\u00e3o das dragas ocorreu na sexta-feira (27).<\/p>\n<p style=\"font-weight: 400;\">O servi\u00e7o \u00e9 fundamental para permitir a atraca\u00e7\u00e3o, com seguran\u00e7a, de porta-cont\u00eaineres de 366 metros de comprimento e de outras embarca\u00e7\u00f5es de classe mundial com capacidade m\u00e1xima de carga. O prazo para conclus\u00e3o da dragagem do canal, que ser\u00e1 aprofundado para 16,2 metros, \u00e9 de seis meses, prevendo a remo\u00e7\u00e3o de 3,8 milh\u00f5es de metros c\u00fabicos de sedimentos. O mesmo contrato contempla a dragagem e a manuten\u00e7\u00e3o da bacia de evolu\u00e7\u00e3o e dos P\u00ederes de Gran\u00e9is L\u00edquidos (PGLs) 3A e 3B, para aprofundamento at\u00e9 18,5 metros.<\/p>\n<p style=\"font-weight: 400;\">&#8220;Essa obra \u00e9 fundamental para aumentar a competitividade do Porto de Suape. Ampliando o calado operacional com a dragagem, o porto poder\u00e1 receber com mais seguran\u00e7a grandes navios, gerando mais neg\u00f3cios e mais empregos. Vale ressaltar que al\u00e9m da dragagem do canal interno, j\u00e1 fizemos a dragagem do canal externo e estamos finalizando as obras de recupera\u00e7\u00e3o do molhe do Porto. Esse \u00e9 o compromisso da gest\u00e3o Raquel Lyra. Estamos trabalhando e investindo muito em infraestrutura portu\u00e1ria para tornar os nossos portos mais competitivo&#8221;, ressaltou o secret\u00e1rio de Desenvolvimento Econ\u00f4mico, Guilherme Cavalcanti.<\/p>\n<p style=\"font-weight: 400;\">Ap\u00f3s a conclus\u00e3o dos servi\u00e7os, Suape ter\u00e1 o maior calado operacional para navios de cont\u00eaineres entre os portos p\u00fablicos brasileiros e o segundo maior calado operacional do pa\u00eds para gran\u00e9is l\u00edquidos. Os sedimentos removidos ser\u00e3o encaminhados para \u00e1rea de bota-fora, opera\u00e7\u00e3o j\u00e1 licenciada pela Ag\u00eancia Estadual de Meio Ambiente (CPRH). Todas as autoriza\u00e7\u00f5es j\u00e1 foram concedidas.<\/p>\n<p style=\"font-weight: 400;\">O conjunto das interven\u00e7\u00f5es atende a padr\u00f5es internacionais de seguran\u00e7a e \u00e0 legisla\u00e7\u00e3o ambiental, elevando Suape a uma posi\u00e7\u00e3o de destaque no cen\u00e1rio global. Suape \u00e9 um porto de \u00e1guas abrigadas, tem localiza\u00e7\u00e3o estrat\u00e9gica e infraestrutura adequada para estimular a atra\u00e7\u00e3o de novas rotas mar\u00edtimas e atraca\u00e7\u00e3o das maiores categorias de navios em opera\u00e7\u00e3o com capacidade m\u00e1xima de carga. O cons\u00f3rcio Van Oord\/Jan De Nul foi o vencedor da licita\u00e7\u00e3o.<\/p>\n","protected":false},"excerpt":{"rendered":"<p>A interven\u00e7\u00e3o \u00e9 uma das mais importantes obras para melhoria da infraestrutura do porto, permitindo a atraca\u00e7\u00e3o de navios de classe mundial com capacidade m\u00e1xima de carga O Governo de Pernambuco assinou a ordem de servi\u00e7o para o in\u00edcio do servi\u00e7o de dragagem do canal interno do Porto de Suape. Trata-se de uma das mais [&hellip;]<\/p>\n","protected":false},"author":1,"featured_media":24883,"comment_status":"open","ping_status":"open","sticky":false,"template":"","format":"standard","meta":{"_uag_custom_page_level_css":"","footnotes":""},"categories":[31],"tags":[27137,27136,8144,26458,27135],"class_list":["post-24882","post","type-post","status-publish","format-standard","has-post-thumbnail","hentry","category-infraestrutura","tag-consorcio-van-oord-jan-de-nul","tag-infraestrutura-do-portuaria","tag-nordeste","tag-obras-de-dragagem","tag-porto-saupe"],"blocksy_meta":[],"spectra_blocks_featured_image_url":{"thumbnail":{"url":"https:\/\/construcaocivil.siriusmarketingedesign.com.br\/wp-content\/uploads\/2025\/01\/22.07.202_portointerno_suape-150x150.jpg","width":150,"height":150},"medium":{"url":"https:\/\/construcaocivil.siriusmarketingedesign.com.br\/wp-content\/uploads\/2025\/01\/22.07.202_portointerno_suape-300x200.jpg","width":300,"height":200},"medium_large":{"url":"https:\/\/construcaocivil.siriusmarketingedesign.com.br\/wp-content\/uploads\/2025\/01\/22.07.202_portointerno_suape-768x512.jpg","width":768,"height":512},"large":{"url":"https:\/\/construcaocivil.siriusmarketingedesign.com.br\/wp-content\/uploads\/2025\/01\/22.07.202_portointerno_suape-1024x683.jpg","width":1024,"height":683},"full":{"url":"https:\/\/construcaocivil.siriusmarketingedesign.com.br\/wp-content\/uploads\/2025\/01\/22.07.202_portointerno_suape.jpg","width":2048,"height":1365}},"spectra_blocks_author_info":{"display_name":"Jornal da Constru\u00e7\u00e3o Civil","avatar_url":"https:\/\/secure.gravatar.com\/avatar\/973c9774fd44ddaceb026973c4962faa70fc512bc4c9da68e8ebb40fecee6540?s=96&d=mm&r=g","author_link":"https:\/\/construcaocivil.siriusmarketingedesign.com.br\/?author=1","description":"Desde de 2013, levando muitas informa\u00e7\u00f5es, lan\u00e7amentos e produtos de qualidade para toda cadeia produtiva da constru\u00e7\u00e3o. O Futuro da constru\u00e7\u00e3o passa por aqui,"},"uagb_featured_image_src":{"full":["https:\/\/construcaocivil.siriusmarketingedesign.com.br\/wp-content\/uploads\/2025\/01\/22.07.202_portointerno_suape.jpg",2048,1365,false],"thumbnail":["https:\/\/construcaocivil.siriusmarketingedesign.com.br\/wp-content\/uploads\/2025\/01\/22.07.202_portointerno_suape-150x150.jpg",150,150,true],"medium":["https:\/\/construcaocivil.siriusmarketingedesign.com.br\/wp-content\/uploads\/2025\/01\/22.07.202_portointerno_suape-300x200.jpg",300,200,true],"medium_large":["https:\/\/construcaocivil.siriusmarketingedesign.com.br\/wp-content\/uploads\/2025\/01\/22.07.202_portointerno_suape-768x512.jpg",768,512,true],"large":["https:\/\/construcaocivil.siriusmarketingedesign.com.br\/wp-content\/uploads\/2025\/01\/22.07.202_portointerno_suape-1024x683.jpg",1024,683,true],"1536x1536":["https:\/\/construcaocivil.siriusmarketingedesign.com.br\/wp-content\/uploads\/2025\/01\/22.07.202_portointerno_suape-1536x1024.jpg",1536,1024,true],"2048x2048":["https:\/\/construcaocivil.siriusmarketingedesign.com.br\/wp-content\/uploads\/2025\/01\/22.07.202_portointerno_suape.jpg",2048,1365,false]},"uagb_author_info":{"display_name":"Jornal da Constru\u00e7\u00e3o Civil","author_link":"https:\/\/construcaocivil.siriusmarketingedesign.com.br\/?author=1"},"uagb_comment_info":0,"uagb_excerpt":"A interven\u00e7\u00e3o \u00e9 uma das mais importantes obras para melhoria da infraestrutura do porto, permitindo a atraca\u00e7\u00e3o de navios de classe mundial com capacidade m\u00e1xima de carga O Governo de Pernambuco assinou a ordem de servi\u00e7o para o in\u00edcio do servi\u00e7o de dragagem do canal interno do Porto de Suape. Trata-se de uma das mais&hellip;","_links":{"self":[{"href":"https:\/\/construcaocivil.siriusmarketingedesign.com.br\/index.php?rest_route=\/wp\/v2\/posts\/24882","targetHints":{"allow":["GET"]}}],"collection":[{"href":"https:\/\/construcaocivil.siriusmarketingedesign.com.br\/index.php?rest_route=\/wp\/v2\/posts"}],"about":[{"href":"https:\/\/construcaocivil.siriusmarketingedesign.com.br\/index.php?rest_route=\/wp\/v2\/types\/post"}],"author":[{"embeddable":true,"href":"https:\/\/construcaocivil.siriusmarketingedesign.com.br\/index.php?rest_route=\/wp\/v2\/users\/1"}],"replies":[{"embeddable":true,"href":"https:\/\/construcaocivil.siriusmarketingedesign.com.br\/index.php?rest_route=%2Fwp%2Fv2%2Fcomments&post=24882"}],"version-history":[{"count":0,"href":"https:\/\/construcaocivil.siriusmarketingedesign.com.br\/index.php?rest_route=\/wp\/v2\/posts\/24882\/revisions"}],"wp:featuredmedia":[{"embeddable":true,"href":"https:\/\/construcaocivil.siriusmarketingedesign.com.br\/index.php?rest_route=\/wp\/v2\/media\/24883"}],"wp:attachment":[{"href":"https:\/\/construcaocivil.siriusmarketingedesign.com.br\/index.php?rest_route=%2Fwp%2Fv2%2Fmedia&parent=24882"}],"wp:term":[{"taxonomy":"category","embeddable":true,"href":"https:\/\/construcaocivil.siriusmarketingedesign.com.br\/index.php?rest_route=%2Fwp%2Fv2%2Fcategories&post=24882"},{"taxonomy":"post_tag","embeddable":true,"href":"https:\/\/construcaocivil.siriusmarketingedesign.com.br\/index.php?rest_route=%2Fwp%2Fv2%2Ftags&post=24882"}],"curies":[{"name":"wp","href":"https:\/\/api.w.org\/{rel}","templated":true}]}}