{"id":249,"date":"2015-10-22T18:25:28","date_gmt":"2015-10-22T18:25:28","guid":{"rendered":"http:\/\/www.jornaldaconstrucaocivil.com.br\/?p=249"},"modified":"2015-10-22T18:25:28","modified_gmt":"2015-10-22T18:25:28","slug":"cintec-2015-construcao-civil-arquitetura-e-urbanismo-discute-construcao-sustentavel-eficiencia-energetica-bim-e-implicacoes-da-norma-de-desempenho-2","status":"publish","type":"post","link":"https:\/\/construcaocivil.siriusmarketingedesign.com.br\/?p=249","title":{"rendered":"Cintec 2015 Constru\u00e7\u00e3o Civil, Arquitetura e Urbanismo discute constru\u00e7\u00e3o sustent\u00e1vel, efici\u00eancia energ\u00e9tica, BIM e implica\u00e7\u00f5es da norma de desempenho"},"content":{"rendered":"<p align=\"JUSTIFY\">Na edi\u00e7\u00e3o de 2015 a Intercon \u2013 Feira e Congresso da Constru\u00e7\u00e3o Civil, de 21 a 24 de outubro em Joinville, SC -, al\u00e9m de apresentar 80 marcas expositoras tamb\u00e9m contar\u00e1, paralelamente, com o Congresso de <span style=\"color: #993300;\">Inova\u00e7\u00e3o<\/span> Tecnol\u00f3gica &#8211; Cintec 2015 Constru\u00e7\u00e3o Civil, Arquitetura e Urbanismo, uma realiza\u00e7\u00e3o da UniSociesc.<\/p>\n<p align=\"JUSTIFY\"><a href=\"http:\/\/www.jornaldaconstrucaocivil.com.br\/wp-content\/uploads\/2015\/10\/IMG_4393.jpg\"><img loading=\"lazy\" decoding=\"async\" class=\" wp-image-251 alignleft\" src=\"http:\/\/www.jornaldaconstrucaocivil.com.br\/wp-content\/uploads\/2015\/10\/IMG_4393-200x300.jpg\" alt=\"IMG_4393\" width=\"197\" height=\"296\" \/><\/a><\/p>\n<p align=\"JUSTIFY\">As palestras t\u00e9cnicas ocorrem dia 22 de outubro e iniciam \u00e0s 17h com Ivanor Fantin J\u00fanior, assessor t\u00e9cnico de engenharia junto ao SINDUSCON Paran\u00e1, falando sobre &#8220;<b>Implica\u00e7\u00f5es da norma de desempenho na constru\u00e7\u00e3o civil<\/b>&#8220;. A palestra abordar\u00e1 t\u00f3picos sobre requisitos gerais, desempenho t\u00e9rmico e ac\u00fastico, t\u00f3picos sobre especifica\u00e7\u00f5es de desempenho para habita\u00e7\u00f5es de interesse social e sobre manual do proponente para habita\u00e7\u00f5es de interesse social.<\/p>\n<p align=\"JUSTIFY\">Em seguida, \u00e0s 17h45, Paulo Henrique Laporte Ambrozewicz, diretor da L&amp;A consultoria engenharia de obras e projetos, abordar\u00e1 a &#8220;<b>Gest\u00e3o da qualidade na constru\u00e7\u00e3o civil<\/b>&#8220;. Modelo da qualidade das empresas do setor e o futuro do sistema de gest\u00e3o da qualidade e produtividade ser\u00e3o os assuntos em pauta.<\/p>\n<p align=\"JUSTIFY\">\u00c0s 18h30, &#8220;<b>BIM para projeto e obra<\/b>&#8221; ser\u00e1 o assunto discutido por Tiago Francisco Campestrini, diretor da Campestrini Tecnologia. O executivo iniciar\u00e1 com o BIM como ferramenta para melhorar a performance dos projetos, seguindo com uma abordagem sobre o controle de obras para obter vantagens do BIM e finalizando com o processo de melhoria cont\u00ednua.<\/p>\n<p align=\"JUSTIFY\">A \u00faltima palestra do Cintec inicia \u00e0s 19h15: &#8220;<b>Efici\u00eancia energ\u00e9tica, constru\u00e7\u00e3o sustent\u00e1vel e certifica\u00e7\u00e3o LEED<\/b>&#8220;. Guido Petinelli, s\u00f3cio-diretor da Petinelli, empresa de engenharia e consultoria em constru\u00e7\u00e3o sustent\u00e1vel e certifica\u00e7\u00e3o LEED com escrit\u00f3rios em Curitiba-PR e Porto Alegre-RS, discorrer\u00e1 sobre: efici\u00eancia energ\u00e9tica, constru\u00e7\u00e3o sustent\u00e1vel e certifica\u00e7\u00e3o LEED, simula\u00e7\u00e3o termo energ\u00e9tica, conforto t\u00e9rmico e viabilidade econ\u00f4mica.<\/p>\n<p align=\"JUSTIFY\"><span style=\"color: #000000;\">As palestras ter\u00e3o dura\u00e7\u00e3o de 40 minutos e ocorrer\u00e3o no audit\u00f3rio da Expoville. Inscri\u00e7\u00f5es e informa\u00e7\u00f5es pelo e-mail <a style=\"color: #000000;\" href=\"mailto:cintec@sociesc.org.br\"><u><span lang=\"\">cintec@sociesc.org.br<\/span><\/u><\/a><span lang=\"\"> ou pelo telefone (47) 3461-0160.<\/span><\/span><\/p>\n<p align=\"JUSTIFY\"><span style=\"color: #ff0000;\">Servi\u00e7o<\/span><\/p>\n<p align=\"JUSTIFY\"><span style=\"color: #000000;\">Intercon 2015 \u2013 Feira e Congresso da Constru\u00e7\u00e3o Civil<\/span><\/p>\n<p align=\"JUSTIFY\"><span style=\"color: #000000;\"><u><\/u><a style=\"color: #000000;\" href=\"http:\/\/www.feiraintercon.com.br\/\"><u><span lang=\"\">www.feiraintercon.com.br<\/span><\/u><\/a><\/span><\/p>\n<p align=\"JUSTIFY\"><span style=\"color: #000000;\">Data: 21 a 24 de outubro de 2015<\/span><\/p>\n<p align=\"JUSTIFY\"><span style=\"color: #000000;\">Hor\u00e1rio: 15h \u00e0s 22h (s\u00e1bado: 13h \u00e0s 19h)<\/span><\/p>\n<p align=\"JUSTIFY\"><span style=\"color: #000000;\">Local: Expoville \u2013 Joinville\/SC<\/span><\/p>\n<p align=\"JUSTIFY\"><span style=\"color: #000000;\">Organiza\u00e7\u00e3o: Messe Brasil<\/span><\/p>\n<p align=\"JUSTIFY\"><span style=\"color: #000000;\">Cintec Constru\u00e7\u00e3o Civil, Arquitetura e Urbanismo<\/span><\/p>\n<p align=\"JUSTIFY\"><span style=\"color: #000000;\">Inscri\u00e7\u00f5es e informa\u00e7\u00f5es pelo e-mail <a style=\"color: #000000;\" href=\"mailto:cintec@sociesc.org.br\"><u><span lang=\"\">cintec@sociesc.org.br<\/span><\/u><\/a><span lang=\"\"> ou pelo telefone (47) 3461-0160.<\/span><\/span><\/p>\n<p align=\"JUSTIFY\"><span style=\"color: #000000;\"><u><\/u><a style=\"color: #000000;\" href=\"http:\/\/www.sociesc.org.br\/cintec\"><u><span lang=\"\">www.sociesc.org.br\/cintec<\/span><\/u><\/a><\/span><\/p>\n<p align=\"JUSTIFY\"><span style=\"color: #0000ff;\">Assessoria de Comunica\u00e7\u00e3o<\/span><\/p>\n<p align=\"JUSTIFY\"><span style=\"color: #0000ff;\">Messe Brasil \u2013 (<a style=\"color: #0000ff;\" href=\"http:\/\/www.messebrasil.com.br\/\"><u><span lang=\"\">www.messebrasil.com.br<\/span><\/u><\/a><span lang=\"\">) \u2013 47 3451-3000<\/span><\/span><\/p>\n<p align=\"JUSTIFY\"><span style=\"color: #0000ff;\">Renata Freitas de Camargo \u2013 <a style=\"color: #0000ff;\" href=\"mailto:renata@messebrasil.com.br\"><u><span lang=\"\">renata@messebrasil.com.br<\/span><\/u><\/a><\/span><\/p>\n<p align=\"JUSTIFY\">\n<p>&nbsp;<\/p>\n","protected":false},"excerpt":{"rendered":"<p>Na edi\u00e7\u00e3o de 2015 a Intercon \u2013 Feira e Congresso da Constru\u00e7\u00e3o Civil, de 21 a 24 de outubro em Joinville, SC -, al\u00e9m de apresentar 80 marcas expositoras tamb\u00e9m contar\u00e1, paralelamente, com o Congresso de Inova\u00e7\u00e3o Tecnol\u00f3gica &#8211; Cintec 2015 Constru\u00e7\u00e3o Civil, Arquitetura e Urbanismo, uma realiza\u00e7\u00e3o da UniSociesc. As palestras t\u00e9cnicas ocorrem dia [&hellip;]<\/p>\n","protected":false},"author":1,"featured_media":251,"comment_status":"open","ping_status":"open","sticky":false,"template":"","format":"standard","meta":{"_uag_custom_page_level_css":"","footnotes":""},"categories":[27],"tags":[2303,6271,6536,7600],"class_list":["post-249","post","type-post","status-publish","format-standard","has-post-thumbnail","hentry","category-acontece","tag-cintec-2015","tag-intercom","tag-joinville","tag-messe-brasil"],"blocksy_meta":[],"spectra_blocks_featured_image_url":[],"spectra_blocks_author_info":{"display_name":"Jornal da Constru\u00e7\u00e3o Civil","avatar_url":"https:\/\/secure.gravatar.com\/avatar\/973c9774fd44ddaceb026973c4962faa70fc512bc4c9da68e8ebb40fecee6540?s=96&d=mm&r=g","author_link":"https:\/\/construcaocivil.siriusmarketingedesign.com.br\/?author=1","description":"Desde de 2013, levando muitas informa\u00e7\u00f5es, lan\u00e7amentos e produtos de qualidade para toda cadeia produtiva da constru\u00e7\u00e3o. O Futuro da constru\u00e7\u00e3o passa por aqui,"},"uagb_featured_image_src":{"full":false,"thumbnail":false,"medium":false,"medium_large":false,"large":false,"1536x1536":false,"2048x2048":false},"uagb_author_info":{"display_name":"Jornal da Constru\u00e7\u00e3o Civil","author_link":"https:\/\/construcaocivil.siriusmarketingedesign.com.br\/?author=1"},"uagb_comment_info":0,"uagb_excerpt":"Na edi\u00e7\u00e3o de 2015 a Intercon \u2013 Feira e Congresso da Constru\u00e7\u00e3o Civil, de 21 a 24 de outubro em Joinville, SC -, al\u00e9m de apresentar 80 marcas expositoras tamb\u00e9m contar\u00e1, paralelamente, com o Congresso de Inova\u00e7\u00e3o Tecnol\u00f3gica &#8211; Cintec 2015 Constru\u00e7\u00e3o Civil, Arquitetura e Urbanismo, uma realiza\u00e7\u00e3o da UniSociesc. As palestras t\u00e9cnicas ocorrem dia&hellip;","_links":{"self":[{"href":"https:\/\/construcaocivil.siriusmarketingedesign.com.br\/index.php?rest_route=\/wp\/v2\/posts\/249","targetHints":{"allow":["GET"]}}],"collection":[{"href":"https:\/\/construcaocivil.siriusmarketingedesign.com.br\/index.php?rest_route=\/wp\/v2\/posts"}],"about":[{"href":"https:\/\/construcaocivil.siriusmarketingedesign.com.br\/index.php?rest_route=\/wp\/v2\/types\/post"}],"author":[{"embeddable":true,"href":"https:\/\/construcaocivil.siriusmarketingedesign.com.br\/index.php?rest_route=\/wp\/v2\/users\/1"}],"replies":[{"embeddable":true,"href":"https:\/\/construcaocivil.siriusmarketingedesign.com.br\/index.php?rest_route=%2Fwp%2Fv2%2Fcomments&post=249"}],"version-history":[{"count":0,"href":"https:\/\/construcaocivil.siriusmarketingedesign.com.br\/index.php?rest_route=\/wp\/v2\/posts\/249\/revisions"}],"wp:featuredmedia":[{"embeddable":true,"href":"https:\/\/construcaocivil.siriusmarketingedesign.com.br\/index.php?rest_route=\/wp\/v2\/posts\/251"}],"wp:attachment":[{"href":"https:\/\/construcaocivil.siriusmarketingedesign.com.br\/index.php?rest_route=%2Fwp%2Fv2%2Fmedia&parent=249"}],"wp:term":[{"taxonomy":"category","embeddable":true,"href":"https:\/\/construcaocivil.siriusmarketingedesign.com.br\/index.php?rest_route=%2Fwp%2Fv2%2Fcategories&post=249"},{"taxonomy":"post_tag","embeddable":true,"href":"https:\/\/construcaocivil.siriusmarketingedesign.com.br\/index.php?rest_route=%2Fwp%2Fv2%2Ftags&post=249"}],"curies":[{"name":"wp","href":"https:\/\/api.w.org\/{rel}","templated":true}]}}