{"id":2490,"date":"2016-07-07T17:01:25","date_gmt":"2016-07-07T17:01:25","guid":{"rendered":"http:\/\/www.jornaldaconstrucaocivil.com.br\/?p=2490"},"modified":"2016-07-07T17:01:25","modified_gmt":"2016-07-07T17:01:25","slug":"vendas-no-varejo-de-material-de-construcao-tem-queda-de-85-no-primeiro-semestre","status":"publish","type":"post","link":"https:\/\/construcaocivil.siriusmarketingedesign.com.br\/?p=2490","title":{"rendered":"Vendas no varejo de material de constru\u00e7\u00e3o t\u00eam queda de 8,5% no primeiro semestre"},"content":{"rendered":"<p><strong><span style=\"color: #000080;\">Desempenho foi 5% superior ao registrado em maio, mas n\u00e3o foi o suficiente para reverter queda no ano. Anamaco espera crescimento de 3,5% em 2016<\/span><\/strong><\/p>\n<p><span style=\"color: #000000;\">As vendas no varejo de material de constru\u00e7\u00e3o cresceram 5% no m\u00eas de junho, na compara\u00e7\u00e3o com maio deste ano. O desempenho, que foi similar ao registrado no mesmo per\u00edodo de 2015, n\u00e3o foi suficiente para reverter a queda acumulada de 8,5% no primeiro semestre. No acumulado dos \u00faltimos 12 meses, o setor apresenta queda de 10%.<\/span><\/p>\n<p><span style=\"color: #000000;\">Os dados s\u00e3o do estudo mensal realizado pelo Instituto de Pesquisas da Anamaco, com o apoio da Abrafati, Instituto Crisotila Brasil, Anfacer e Siamfesp. O levantamento ouviu 530 lojistas, das cinco regi\u00f5es do pa\u00eds, entre os dias 28 e 30 de junho. A margem de erro \u00e9 de 4,3%.<\/span><\/p>\n<p><span style=\"color: #000000;\">\u201cN\u00f3s j\u00e1 sab\u00edamos que o primeiro semestre do ano seria dif\u00edcil para o nosso setor, especialmente por conta do cen\u00e1rio econ\u00f4mico do pa\u00eds, que est\u00e1 afetando n\u00e3o s\u00f3 a libera\u00e7\u00e3o de cr\u00e9ditos nos principais financiamentos voltados ao nosso segmento, como tamb\u00e9m a confian\u00e7a do consumidor, que passou a adiar pequenas reformas e obras\u201d, explica Cl\u00e1udio Conz, presidente da Anamaco.<\/span><\/p>\n<p><span style=\"color: #000000;\">Segundo ele, apesar dos n\u00fameros n\u00e3o terem sido favor\u00e1veis ao setor no primeiro semestre, a expectativa da entidade ainda \u00e9 a de o varejo de material de constru\u00e7\u00e3o deve crescer 3,5% em 2016. \u201cMesmo com os dados apresentados at\u00e9 aqui, n\u00e3o podemos deixar de ser otimistas. Tradicionalmente, o segundo semestre do ano corresponde a 60% do volume de vendas. Fora isso, n\u00e3o podemos ignorar o fato de que h\u00e1 uma demanda natural pelos nossos produtos. O d\u00e9ficit habitacional brasileiro, por exemplo, ainda \u00e9 de 6,2 milh\u00f5es de moradias, segundo levantamento do Deconcic (Departamento da Ind\u00fastria da Constru\u00e7ao da Fiesp), mesmo com programas como o \u201cMinha Casa Minha Vida\u201d em andamento, que reduziram esse \u00edndice em 2,8% nos \u00faltimos quatro anos. Por outro lado, grandes construtoras est\u00e3o reordenando seus investimentos para investirem em habita\u00e7\u00e3o popular, voltada a fam\u00edlias com renda entre 3 e 10 sal\u00e1rios m\u00ednimos\u201d, completa Conz.<\/span><\/p>\n<p><span style=\"color: #000000;\">O presidente da Anamaco ainda lembra que o setor est\u00e1 trabalhando em diversas frentes para conseguir melhorar a libera\u00e7\u00e3o de cr\u00e9ditos para financiamentos. \u201cNa semana passada, nos reunimos com a Caixa Econ\u00f4mica Federal, juntamente com outras entidades, e discutimos a retomada do Construcard e do FIMAC\/FGTS, e isso deve dar novo f\u00f4lego ao setor\u201d, acrescenta.<\/span><\/p>\n<p><span style=\"color: #000000;\">No levantamento por regi\u00f5es, a pesquisa da Anamaco indicou que as vendas do setor no m\u00eas de junho cresceram 7% no Norte, 6% no Sudeste e Nordeste e 4% no Sul e Centro-Oeste com rela\u00e7\u00e3o ao maio.<\/span><\/p>\n<p><span style=\"color: #000000;\">Dentre as categorias pesquisadas, revestimentos cer\u00e2micos e tintas foram as que apresentaram os melhores \u00edndices, com 11% e 7% de crescimento no per\u00edodo, respectivamente. J\u00e1 lou\u00e7as sanit\u00e1rias e telhas de fibrocimento cresceram 5%, seguidas de metais sanit\u00e1rios e fechaduras e ferragens, com 3% cada.<\/span><\/p>\n<p><span style=\"color: #000000;\">Cerca de 54% dos lojistas entrevistados esperam que as vendas continuem crescendo em julho. J\u00e1 o grau de otimismo em rela\u00e7\u00e3o ao Governo retraiu de 52% para 46%. O levantamento tamb\u00e9m indicou que 13% dos lojistas pretendem contratar novos funcion\u00e1rios e 33% pretendem fazer novos investimentos nos pr\u00f3ximos 12 meses.<\/span><\/p>\n<p><span style=\"color: #333300;\">Fonte: Assessoria de Imprensa Anamaco\u00a0<\/span><\/p>\n","protected":false},"excerpt":{"rendered":"<p>Desempenho foi 5% superior ao registrado em maio, mas n\u00e3o foi o suficiente para reverter queda no ano. Anamaco espera crescimento de 3,5% em 2016 As vendas no varejo de material de constru\u00e7\u00e3o cresceram 5% no m\u00eas de junho, na compara\u00e7\u00e3o com maio deste ano. O desempenho, que foi similar ao registrado no mesmo per\u00edodo [&hellip;]<\/p>\n","protected":false},"author":1,"featured_media":0,"comment_status":"open","ping_status":"open","sticky":false,"template":"","format":"standard","meta":{"_uag_custom_page_level_css":"","footnotes":""},"categories":[33],"tags":[1679,2079,2906,4894,7012,7362,7610,8144,8170,11433,11438,12263],"class_list":["post-2490","post","type-post","status-publish","format-standard","hentry","category-mercado","tag-caixa-economica-federal","tag-centro-oeste","tag-construcard","tag-fechaduras","tag-lojas-do-varejo","tag-material-de-construcao","tag-metais-sanitarios","tag-nordeste","tag-norte","tag-sudeste","tag-sul","tag-vendas-abaixo"],"blocksy_meta":[],"spectra_blocks_featured_image_url":null,"spectra_blocks_author_info":{"display_name":"Jornal da Constru\u00e7\u00e3o Civil","avatar_url":"https:\/\/secure.gravatar.com\/avatar\/973c9774fd44ddaceb026973c4962faa70fc512bc4c9da68e8ebb40fecee6540?s=96&d=mm&r=g","author_link":"https:\/\/construcaocivil.siriusmarketingedesign.com.br\/?author=1","description":"Desde de 2013, levando muitas informa\u00e7\u00f5es, lan\u00e7amentos e produtos de qualidade para toda cadeia produtiva da constru\u00e7\u00e3o. O Futuro da constru\u00e7\u00e3o passa por aqui,"},"uagb_featured_image_src":{"full":false,"thumbnail":false,"medium":false,"medium_large":false,"large":false,"1536x1536":false,"2048x2048":false},"uagb_author_info":{"display_name":"Jornal da Constru\u00e7\u00e3o Civil","author_link":"https:\/\/construcaocivil.siriusmarketingedesign.com.br\/?author=1"},"uagb_comment_info":0,"uagb_excerpt":"Desempenho foi 5% superior ao registrado em maio, mas n\u00e3o foi o suficiente para reverter queda no ano. Anamaco espera crescimento de 3,5% em 2016 As vendas no varejo de material de constru\u00e7\u00e3o cresceram 5% no m\u00eas de junho, na compara\u00e7\u00e3o com maio deste ano. O desempenho, que foi similar ao registrado no mesmo per\u00edodo&hellip;","_links":{"self":[{"href":"https:\/\/construcaocivil.siriusmarketingedesign.com.br\/index.php?rest_route=\/wp\/v2\/posts\/2490","targetHints":{"allow":["GET"]}}],"collection":[{"href":"https:\/\/construcaocivil.siriusmarketingedesign.com.br\/index.php?rest_route=\/wp\/v2\/posts"}],"about":[{"href":"https:\/\/construcaocivil.siriusmarketingedesign.com.br\/index.php?rest_route=\/wp\/v2\/types\/post"}],"author":[{"embeddable":true,"href":"https:\/\/construcaocivil.siriusmarketingedesign.com.br\/index.php?rest_route=\/wp\/v2\/users\/1"}],"replies":[{"embeddable":true,"href":"https:\/\/construcaocivil.siriusmarketingedesign.com.br\/index.php?rest_route=%2Fwp%2Fv2%2Fcomments&post=2490"}],"version-history":[{"count":0,"href":"https:\/\/construcaocivil.siriusmarketingedesign.com.br\/index.php?rest_route=\/wp\/v2\/posts\/2490\/revisions"}],"wp:attachment":[{"href":"https:\/\/construcaocivil.siriusmarketingedesign.com.br\/index.php?rest_route=%2Fwp%2Fv2%2Fmedia&parent=2490"}],"wp:term":[{"taxonomy":"category","embeddable":true,"href":"https:\/\/construcaocivil.siriusmarketingedesign.com.br\/index.php?rest_route=%2Fwp%2Fv2%2Fcategories&post=2490"},{"taxonomy":"post_tag","embeddable":true,"href":"https:\/\/construcaocivil.siriusmarketingedesign.com.br\/index.php?rest_route=%2Fwp%2Fv2%2Ftags&post=2490"}],"curies":[{"name":"wp","href":"https:\/\/api.w.org\/{rel}","templated":true}]}}