{"id":24911,"date":"2025-01-09T18:54:52","date_gmt":"2025-01-09T21:54:52","guid":{"rendered":"https:\/\/www.jornaldaconstrucaocivil.com.br\/?p=24911"},"modified":"2025-01-09T18:54:52","modified_gmt":"2025-01-09T21:54:52","slug":"agroambiental-ganha-forca-no-brasil","status":"publish","type":"post","link":"https:\/\/construcaocivil.siriusmarketingedesign.com.br\/?p=24911","title":{"rendered":"Agroambiental ganha for\u00e7a no Brasil"},"content":{"rendered":"<div>\n<p style=\"text-align: justify;\"><i>Plano Nacional de Recupera\u00e7\u00e3o de \u00c1reas Degradadas, PRAD, e sistemas integrados de produ\u00e7\u00e3o, como a Integra\u00e7\u00e3o Lavoura-Pecu\u00e1ria-Floresta, ILPF, ser\u00e3o destaque do RIO+AGRO &#8211; F\u00f3rum Internacional do Desenvolvimento Agroambiental Sustent\u00e1vel.<\/i><\/p>\n<div>\n<p style=\"text-align: justify;\">As mudan\u00e7as clim\u00e1ticas representam um dos maiores desafios do s\u00e9culo XXI, impactando todos os setores da economia, incluindo o agroneg\u00f3cio. Assim, o agroambiental ganha cada vez mais for\u00e7a pelo alto potencial de mitiga\u00e7\u00e3o de seus efeitos adversos.<\/p>\n<p style=\"text-align: justify;\">Segundo Carlos Favoreto, presidente do RIO+AGRO, \u201co fato de o agroambiental conciliar as ci\u00eancias agr\u00e1rias com as ci\u00eancias ambientais garante pr\u00e1ticas sustent\u00e1veis. E isso contribui efetivamente para solucionar a quest\u00e3o.\u201d<\/p>\n<p style=\"text-align: justify;\">Favoreto, engenheiro agr\u00f4nomo e doutor em ci\u00eancia, tecnologia e inova\u00e7\u00e3o em agropecu\u00e1ria, \u00e9 um dos maiores especialistas no tema no mundo. Ele explica que, \u201cseja pela recupera\u00e7\u00e3o de \u00e1reas degradadas, seja pela integra\u00e7\u00e3o da lavoura com a pecu\u00e1ria\u00a0e\u00a0a floresta, o agroambiental ser\u00e1 fundamental para que possamos enfrentar \u2013 e superar \u2013 a crise ligada ao clima\u201d<\/p>\n<p style=\"text-align: justify;\">Em 2024, os sistemas integrados de produ\u00e7\u00e3o, como a ILPF, atingiram a marca de 17 milh\u00f5es de hectares no Brasil. O aumento agrega benef\u00edcios como maior sequestro de carbono e redu\u00e7\u00e3o das emiss\u00f5es de gases de efeito estufa e do desmatamento e, tamb\u00e9m, de outros como o aumento da cobertura florestal, da resili\u00eancia clim\u00e1tica e da produtividade, conserva\u00e7\u00e3o da biodiversidade e melhoria das condi\u00e7\u00f5es do solo e da \u00e1gua.<\/p>\n<p style=\"text-align: justify;\">O RIO+AGRO vai debater e explorar oportunidades e desafios, no Brasil e no mundo, especialmente no cintur\u00e3o tropical. A regi\u00e3o compreendida entre os tr\u00f3picos de C\u00e2ncer e de Capric\u00f3rnio ter\u00e1 grande relev\u00e2ncia na produ\u00e7\u00e3o de alimentos para garantir a seguran\u00e7a alimentar do planeta nas pr\u00f3ximas d\u00e9cadas.<\/p>\n<p style=\"text-align: justify;\">O p\u00fablico poder\u00e1 participar de palestras informativas, pain\u00e9is de discuss\u00e3o, e sess\u00f5es interativas que abordar\u00e3o as \u00faltimas tend\u00eancias, pol\u00edticas e tecnologias. Os participantes ter\u00e3o a oportunidade de intercambiar com as principais lideran\u00e7as nacionais e internacionais do setor.<\/p>\n<p style=\"text-align: justify;\">A segunda edi\u00e7\u00e3o do RIO+AGRO acontece entre os dias 1\u00ba e 3 de outubro de 2025, no Riocentro, na Barra da Tijuca, no RIo de Janeiro.<\/p>\n<\/div>\n<\/div>\n","protected":false},"excerpt":{"rendered":"<p>Plano Nacional de Recupera\u00e7\u00e3o de \u00c1reas Degradadas, PRAD, e sistemas integrados de produ\u00e7\u00e3o, como a Integra\u00e7\u00e3o Lavoura-Pecu\u00e1ria-Floresta, ILPF, ser\u00e3o destaque do RIO+AGRO &#8211; F\u00f3rum Internacional do Desenvolvimento Agroambiental Sustent\u00e1vel. As mudan\u00e7as clim\u00e1ticas representam um dos maiores desafios do s\u00e9culo XXI, impactando todos os setores da economia, incluindo o agroneg\u00f3cio. Assim, o agroambiental ganha cada vez [&hellip;]<\/p>\n","protected":false},"author":1,"featured_media":24912,"comment_status":"open","ping_status":"open","sticky":false,"template":"","format":"standard","meta":{"_uag_custom_page_level_css":"","footnotes":""},"categories":[37],"tags":[27152,27149,27151,27150],"class_list":["post-24911","post","type-post","status-publish","format-standard","has-post-thumbnail","hentry","category-sustentabilidade","tag-agro-rj","tag-prad","tag-recuperacao-de-areas-degradadas","tag-rioagro"],"blocksy_meta":[],"spectra_blocks_featured_image_url":{"thumbnail":{"url":"https:\/\/construcaocivil.siriusmarketingedesign.com.br\/wp-content\/uploads\/2025\/01\/ilpf-150x150.jpg","width":150,"height":150},"medium":{"url":"https:\/\/construcaocivil.siriusmarketingedesign.com.br\/wp-content\/uploads\/2025\/01\/ilpf-300x193.jpg","width":300,"height":193},"medium_large":{"url":"https:\/\/construcaocivil.siriusmarketingedesign.com.br\/wp-content\/uploads\/2025\/01\/ilpf-768x495.jpg","width":768,"height":495},"large":{"url":"https:\/\/construcaocivil.siriusmarketingedesign.com.br\/wp-content\/uploads\/2025\/01\/ilpf-1024x659.jpg","width":1024,"height":659},"full":{"url":"https:\/\/construcaocivil.siriusmarketingedesign.com.br\/wp-content\/uploads\/2025\/01\/ilpf.jpg","width":1494,"height":962}},"spectra_blocks_author_info":{"display_name":"Jornal da Constru\u00e7\u00e3o Civil","avatar_url":"https:\/\/secure.gravatar.com\/avatar\/973c9774fd44ddaceb026973c4962faa70fc512bc4c9da68e8ebb40fecee6540?s=96&d=mm&r=g","author_link":"https:\/\/construcaocivil.siriusmarketingedesign.com.br\/?author=1","description":"Desde de 2013, levando muitas informa\u00e7\u00f5es, lan\u00e7amentos e produtos de qualidade para toda cadeia produtiva da constru\u00e7\u00e3o. O Futuro da constru\u00e7\u00e3o passa por aqui,"},"uagb_featured_image_src":{"full":["https:\/\/construcaocivil.siriusmarketingedesign.com.br\/wp-content\/uploads\/2025\/01\/ilpf.jpg",1494,962,false],"thumbnail":["https:\/\/construcaocivil.siriusmarketingedesign.com.br\/wp-content\/uploads\/2025\/01\/ilpf-150x150.jpg",150,150,true],"medium":["https:\/\/construcaocivil.siriusmarketingedesign.com.br\/wp-content\/uploads\/2025\/01\/ilpf-300x193.jpg",300,193,true],"medium_large":["https:\/\/construcaocivil.siriusmarketingedesign.com.br\/wp-content\/uploads\/2025\/01\/ilpf-768x495.jpg",768,495,true],"large":["https:\/\/construcaocivil.siriusmarketingedesign.com.br\/wp-content\/uploads\/2025\/01\/ilpf-1024x659.jpg",1024,659,true],"1536x1536":["https:\/\/construcaocivil.siriusmarketingedesign.com.br\/wp-content\/uploads\/2025\/01\/ilpf.jpg",1494,962,false],"2048x2048":["https:\/\/construcaocivil.siriusmarketingedesign.com.br\/wp-content\/uploads\/2025\/01\/ilpf.jpg",1494,962,false]},"uagb_author_info":{"display_name":"Jornal da Constru\u00e7\u00e3o Civil","author_link":"https:\/\/construcaocivil.siriusmarketingedesign.com.br\/?author=1"},"uagb_comment_info":0,"uagb_excerpt":"Plano Nacional de Recupera\u00e7\u00e3o de \u00c1reas Degradadas, PRAD, e sistemas integrados de produ\u00e7\u00e3o, como a Integra\u00e7\u00e3o Lavoura-Pecu\u00e1ria-Floresta, ILPF, ser\u00e3o destaque do RIO+AGRO &#8211; F\u00f3rum Internacional do Desenvolvimento Agroambiental Sustent\u00e1vel. As mudan\u00e7as clim\u00e1ticas representam um dos maiores desafios do s\u00e9culo XXI, impactando todos os setores da economia, incluindo o agroneg\u00f3cio. Assim, o agroambiental ganha cada vez&hellip;","_links":{"self":[{"href":"https:\/\/construcaocivil.siriusmarketingedesign.com.br\/index.php?rest_route=\/wp\/v2\/posts\/24911","targetHints":{"allow":["GET"]}}],"collection":[{"href":"https:\/\/construcaocivil.siriusmarketingedesign.com.br\/index.php?rest_route=\/wp\/v2\/posts"}],"about":[{"href":"https:\/\/construcaocivil.siriusmarketingedesign.com.br\/index.php?rest_route=\/wp\/v2\/types\/post"}],"author":[{"embeddable":true,"href":"https:\/\/construcaocivil.siriusmarketingedesign.com.br\/index.php?rest_route=\/wp\/v2\/users\/1"}],"replies":[{"embeddable":true,"href":"https:\/\/construcaocivil.siriusmarketingedesign.com.br\/index.php?rest_route=%2Fwp%2Fv2%2Fcomments&post=24911"}],"version-history":[{"count":0,"href":"https:\/\/construcaocivil.siriusmarketingedesign.com.br\/index.php?rest_route=\/wp\/v2\/posts\/24911\/revisions"}],"wp:featuredmedia":[{"embeddable":true,"href":"https:\/\/construcaocivil.siriusmarketingedesign.com.br\/index.php?rest_route=\/wp\/v2\/media\/24912"}],"wp:attachment":[{"href":"https:\/\/construcaocivil.siriusmarketingedesign.com.br\/index.php?rest_route=%2Fwp%2Fv2%2Fmedia&parent=24911"}],"wp:term":[{"taxonomy":"category","embeddable":true,"href":"https:\/\/construcaocivil.siriusmarketingedesign.com.br\/index.php?rest_route=%2Fwp%2Fv2%2Fcategories&post=24911"},{"taxonomy":"post_tag","embeddable":true,"href":"https:\/\/construcaocivil.siriusmarketingedesign.com.br\/index.php?rest_route=%2Fwp%2Fv2%2Ftags&post=24911"}],"curies":[{"name":"wp","href":"https:\/\/api.w.org\/{rel}","templated":true}]}}