{"id":24914,"date":"2025-01-09T19:06:07","date_gmt":"2025-01-09T22:06:07","guid":{"rendered":"https:\/\/www.jornaldaconstrucaocivil.com.br\/?p=24914"},"modified":"2025-01-09T19:06:07","modified_gmt":"2025-01-09T22:06:07","slug":"engie-da-inicio-a-operacao-comercial-do-conjunto-fotovoltaico-assu-sol-no-rio-grande-do-norte","status":"publish","type":"post","link":"https:\/\/construcaocivil.siriusmarketingedesign.com.br\/?p=24914","title":{"rendered":"ENGIE d\u00e1 in\u00edcio \u00e0 opera\u00e7\u00e3o comercial do Conjunto Fotovoltaico Ass\u00fa Sol, no Rio Grande do Norte"},"content":{"rendered":"<p style=\"text-align: justify;\"><strong><i>Primeira usina est\u00e1 operando comercialmente, com 40,5 MW, representando 5,4% da capacidade instalada total<\/i><\/strong><\/p>\n<div>\n<p style=\"text-align: justify;\">O Conjunto Fotovoltaico Ass\u00fa Sol, investimento da ENGIE em Assu, no Rio Grande do Norte, est\u00e1 operando comercialmente. A primeira usina iniciou a opera\u00e7\u00e3o comercial nesta quarta-feira, dia 8 de janeiro, ap\u00f3s autoriza\u00e7\u00e3o da Ag\u00eancia Nacional de Energia El\u00e9trica (Aneel).<\/p>\n<p style=\"text-align: justify;\">Esta primeira ativa\u00e7\u00e3o comercial representa 5,4% da capacidade instalada total. O Conjunto Fotovoltaico Ass\u00fa Sol, que iniciou a fase de implanta\u00e7\u00e3o no terceiro trimestre de 2023, ser\u00e1 composto por 16 parques fotovoltaicos, com capacidade instalada de aproximadamente 752 MWac (895 MWp) e capacidade comercial estimada em 228,7 MW m\u00e9dios. A energia gerada em Assu Sol est\u00e1 sendo totalmente direcionada para o Mercado Livre.<\/p>\n<p style=\"text-align: justify;\">\u201cCom um investimento total de aproximadamente R$ 3,3 bilh\u00f5es, a entrada em opera\u00e7\u00e3o comercial da primeira usina do Conjunto Fotovoltaico Ass\u00fa Sol, dezoito meses ap\u00f3s o in\u00edcio da implanta\u00e7\u00e3o, est\u00e1 alinhada com nosso cronograma e refor\u00e7a nosso compromisso com a excel\u00eancia\u201d, comentou Eduardo Takamori, diretor Financeiro e de Rela\u00e7\u00f5es com Investidores da ENGIE Brasil Energia.<\/p>\n<p style=\"text-align: justify;\">Para o diretor-presidente da ENGIE Brasil Energia, Eduardo Sattamini, o in\u00edcio da opera\u00e7\u00e3o comercial de Ass\u00fa Sol representa uma conquista para o crescimento org\u00e2nico da Companhia, que atualmente opera um parque gerador de 11 GW. \u201cEste projeto, que evidencia nosso compromisso com a transi\u00e7\u00e3o energ\u00e9tica, est\u00e1 previsto para atingir opera\u00e7\u00e3o comercial total at\u00e9 o final de 2025, consolidando nossa posi\u00e7\u00e3o como l\u00edderes na gera\u00e7\u00e3o de energia 100% renov\u00e1vel no Brasil\u201d, destaca Sattamini.<\/p>\n<p style=\"text-align: justify;\">Ass\u00fa Sol refor\u00e7ar\u00e1 a posi\u00e7\u00e3o do Rio Grande do Norte como um importante polo de energia renov\u00e1vel no Brasil, proporcionando um significativo impulso \u00e0 gera\u00e7\u00e3o de energia limpa no estado e no pa\u00eds. \u201cAtrav\u00e9s do uso de tecnologias modernas de \u00faltima gera\u00e7\u00e3o em pain\u00e9is solares, o parque assegura uma alta efici\u00eancia na convers\u00e3o da radia\u00e7\u00e3o solar em eletricidade, maximizando o aproveitamento dos recursos naturais e contribuindo para a redu\u00e7\u00e3o das emiss\u00f5es de gases de efeito estufa\u201d, explica o diretor de Implanta\u00e7\u00e3o da ENGIE Brasil Energia, Paulo Muller.<\/p>\n<\/div>\n","protected":false},"excerpt":{"rendered":"<p>Primeira usina est\u00e1 operando comercialmente, com 40,5 MW, representando 5,4% da capacidade instalada total O Conjunto Fotovoltaico Ass\u00fa Sol, investimento da ENGIE em Assu, no Rio Grande do Norte, est\u00e1 operando comercialmente. A primeira usina iniciou a opera\u00e7\u00e3o comercial nesta quarta-feira, dia 8 de janeiro, ap\u00f3s autoriza\u00e7\u00e3o da Ag\u00eancia Nacional de Energia El\u00e9trica (Aneel). Esta [&hellip;]<\/p>\n","protected":false},"author":1,"featured_media":24915,"comment_status":"open","ping_status":"open","sticky":false,"template":"","format":"standard","meta":{"_uag_custom_page_level_css":"","footnotes":""},"categories":[29],"tags":[27153,14163,10383],"class_list":["post-24914","post","type-post","status-publish","format-standard","has-post-thumbnail","hentry","category-energia","tag-conjunto-fotovoltaico-assu","tag-engie","tag-rio-grande-do-norte"],"blocksy_meta":[],"spectra_blocks_featured_image_url":{"thumbnail":{"url":"https:\/\/construcaocivil.siriusmarketingedesign.com.br\/wp-content\/uploads\/2025\/01\/DJI-0159-150x150.jpg","width":150,"height":150},"medium":{"url":"https:\/\/construcaocivil.siriusmarketingedesign.com.br\/wp-content\/uploads\/2025\/01\/DJI-0159-300x169.jpg","width":300,"height":169},"medium_large":{"url":"https:\/\/construcaocivil.siriusmarketingedesign.com.br\/wp-content\/uploads\/2025\/01\/DJI-0159-768x432.jpg","width":768,"height":432},"large":{"url":"https:\/\/construcaocivil.siriusmarketingedesign.com.br\/wp-content\/uploads\/2025\/01\/DJI-0159-1024x576.jpg","width":1024,"height":576},"full":{"url":"https:\/\/construcaocivil.siriusmarketingedesign.com.br\/wp-content\/uploads\/2025\/01\/DJI-0159-scaled.jpg","width":2560,"height":1440}},"spectra_blocks_author_info":{"display_name":"Jornal da Constru\u00e7\u00e3o Civil","avatar_url":"https:\/\/secure.gravatar.com\/avatar\/973c9774fd44ddaceb026973c4962faa70fc512bc4c9da68e8ebb40fecee6540?s=96&d=mm&r=g","author_link":"https:\/\/construcaocivil.siriusmarketingedesign.com.br\/?author=1","description":"Desde de 2013, levando muitas informa\u00e7\u00f5es, lan\u00e7amentos e produtos de qualidade para toda cadeia produtiva da constru\u00e7\u00e3o. O Futuro da constru\u00e7\u00e3o passa por aqui,"},"uagb_featured_image_src":{"full":["https:\/\/construcaocivil.siriusmarketingedesign.com.br\/wp-content\/uploads\/2025\/01\/DJI-0159-scaled.jpg",2560,1440,false],"thumbnail":["https:\/\/construcaocivil.siriusmarketingedesign.com.br\/wp-content\/uploads\/2025\/01\/DJI-0159-150x150.jpg",150,150,true],"medium":["https:\/\/construcaocivil.siriusmarketingedesign.com.br\/wp-content\/uploads\/2025\/01\/DJI-0159-300x169.jpg",300,169,true],"medium_large":["https:\/\/construcaocivil.siriusmarketingedesign.com.br\/wp-content\/uploads\/2025\/01\/DJI-0159-768x432.jpg",768,432,true],"large":["https:\/\/construcaocivil.siriusmarketingedesign.com.br\/wp-content\/uploads\/2025\/01\/DJI-0159-1024x576.jpg",1024,576,true],"1536x1536":["https:\/\/construcaocivil.siriusmarketingedesign.com.br\/wp-content\/uploads\/2025\/01\/DJI-0159-1536x864.jpg",1536,864,true],"2048x2048":["https:\/\/construcaocivil.siriusmarketingedesign.com.br\/wp-content\/uploads\/2025\/01\/DJI-0159-2048x1152.jpg",2048,1152,true]},"uagb_author_info":{"display_name":"Jornal da Constru\u00e7\u00e3o Civil","author_link":"https:\/\/construcaocivil.siriusmarketingedesign.com.br\/?author=1"},"uagb_comment_info":0,"uagb_excerpt":"Primeira usina est\u00e1 operando comercialmente, com 40,5 MW, representando 5,4% da capacidade instalada total O Conjunto Fotovoltaico Ass\u00fa Sol, investimento da ENGIE em Assu, no Rio Grande do Norte, est\u00e1 operando comercialmente. A primeira usina iniciou a opera\u00e7\u00e3o comercial nesta quarta-feira, dia 8 de janeiro, ap\u00f3s autoriza\u00e7\u00e3o da Ag\u00eancia Nacional de Energia El\u00e9trica (Aneel). Esta&hellip;","_links":{"self":[{"href":"https:\/\/construcaocivil.siriusmarketingedesign.com.br\/index.php?rest_route=\/wp\/v2\/posts\/24914","targetHints":{"allow":["GET"]}}],"collection":[{"href":"https:\/\/construcaocivil.siriusmarketingedesign.com.br\/index.php?rest_route=\/wp\/v2\/posts"}],"about":[{"href":"https:\/\/construcaocivil.siriusmarketingedesign.com.br\/index.php?rest_route=\/wp\/v2\/types\/post"}],"author":[{"embeddable":true,"href":"https:\/\/construcaocivil.siriusmarketingedesign.com.br\/index.php?rest_route=\/wp\/v2\/users\/1"}],"replies":[{"embeddable":true,"href":"https:\/\/construcaocivil.siriusmarketingedesign.com.br\/index.php?rest_route=%2Fwp%2Fv2%2Fcomments&post=24914"}],"version-history":[{"count":0,"href":"https:\/\/construcaocivil.siriusmarketingedesign.com.br\/index.php?rest_route=\/wp\/v2\/posts\/24914\/revisions"}],"wp:featuredmedia":[{"embeddable":true,"href":"https:\/\/construcaocivil.siriusmarketingedesign.com.br\/index.php?rest_route=\/wp\/v2\/media\/24915"}],"wp:attachment":[{"href":"https:\/\/construcaocivil.siriusmarketingedesign.com.br\/index.php?rest_route=%2Fwp%2Fv2%2Fmedia&parent=24914"}],"wp:term":[{"taxonomy":"category","embeddable":true,"href":"https:\/\/construcaocivil.siriusmarketingedesign.com.br\/index.php?rest_route=%2Fwp%2Fv2%2Fcategories&post=24914"},{"taxonomy":"post_tag","embeddable":true,"href":"https:\/\/construcaocivil.siriusmarketingedesign.com.br\/index.php?rest_route=%2Fwp%2Fv2%2Ftags&post=24914"}],"curies":[{"name":"wp","href":"https:\/\/api.w.org\/{rel}","templated":true}]}}