{"id":2493,"date":"2016-07-07T18:00:11","date_gmt":"2016-07-07T18:00:11","guid":{"rendered":"http:\/\/www.jornaldaconstrucaocivil.com.br\/?p=2493"},"modified":"2016-07-07T18:00:11","modified_gmt":"2016-07-07T18:00:11","slug":"tarkett-lanca-produtos-100-reciclaveis","status":"publish","type":"post","link":"https:\/\/construcaocivil.siriusmarketingedesign.com.br\/?p=2493","title":{"rendered":"Tarkett lan\u00e7a produtos 100% recicl\u00e1veis"},"content":{"rendered":"<p><span style=\"color: #993300;\">Casa e Decora\u00e7\u00e3o\u00a0<\/span><\/p>\n<p><span style=\"color: #000000;\"><strong>L\u00edder mundial em produ\u00e7\u00e3o de vin\u00edlicos, o grupo Tarkett apresenta ao mercado novas linhas de pisos e revestimentos.<\/strong><\/span><\/p>\n<figure id=\"attachment_2495\" aria-describedby=\"caption-attachment-2495\" style=\"width: 231px\" class=\"wp-caption alignleft\"><a href=\"http:\/\/www.jornaldaconstrucaocivil.com.br\/wp-content\/uploads\/2016\/07\/Essence-Click-C\u00c3\u00b3d.-9329722-Linha\u00c3\u00a7a.jpg\"><img loading=\"lazy\" decoding=\"async\" class=\"wp-image-2495 size-medium\" src=\"http:\/\/www.jornaldaconstrucaocivil.com.br\/wp-content\/uploads\/2016\/07\/Essence-Click-C\u00c3\u00b3d.-9329722-Linha\u00c3\u00a7a-231x300.jpg\" alt=\"Essence Click - C\u00c3\u00b3d. 9329722 (Linha\u00c3\u00a7a)\" width=\"231\" height=\"300\" \/><\/a><figcaption id=\"caption-attachment-2495\" class=\"wp-caption-text\"><strong><span style=\"color: #800000;\"> Essence Click (Linha\u00e7a).<\/span><\/strong><\/figcaption><\/figure>\n<p><span style=\"color: #000000;\">As linhas Essence e Ambienta rec\u00e9m lan\u00e7adas pela empresa, s\u00e3o produtos 100% recicl\u00e1veis e tamb\u00e9m s\u00e3o produzidos com materiais naturais e reciclados.<\/span><\/p>\n<p><span style=\"color: #000000;\">&#8211; Essence \u00e9 um produto exclusivamente residencial \u2013 produzido com 15% de conte\u00fado reciclado e \u00e9 100% recicl\u00e1vel.<\/span><\/p>\n<p><span style=\"color: #000000;\">&#8211; Ambienta \u00e9 um produto residencial e comercial \u2013 produzido com 19% de conte\u00fado reciclado e tamb\u00e9m \u00e9 100% recicl\u00e1vel.<\/span><\/p>\n<p><span style=\"color: #000000;\">Mais informa\u00e7\u00f5es:<\/span><span style=\"color: #0000ff;\">\u00a0http:\/\/tarkett.com.br\/<\/span><\/p>\n<p><span style=\"color: #333333;\">Fonte: Assessoria de Imprensa Tarkett<\/span><\/p>\n","protected":false},"excerpt":{"rendered":"<p>Casa e Decora\u00e7\u00e3o\u00a0 L\u00edder mundial em produ\u00e7\u00e3o de vin\u00edlicos, o grupo Tarkett apresenta ao mercado novas linhas de pisos e revestimentos. As linhas Essence e Ambienta rec\u00e9m lan\u00e7adas pela empresa, s\u00e3o produtos 100% recicl\u00e1veis e tamb\u00e9m s\u00e3o produzidos com materiais naturais e reciclados. &#8211; Essence \u00e9 um produto exclusivamente residencial \u2013 produzido com 15% de [&hellip;]<\/p>\n","protected":false},"author":1,"featured_media":0,"comment_status":"open","ping_status":"open","sticky":false,"template":"","format":"standard","meta":{"_uag_custom_page_level_css":"","footnotes":""},"categories":[28],"tags":[1535,6927,8947,9232,10326,10668,11481,11523],"class_list":["post-2493","post","type-post","status-publish","format-standard","hentry","category-arquitetura","tag-brasil","tag-linhas-reciclaveis","tag-pisos","tag-preco-por-m2","tag-revestimentos","tag-sao-paulo","tag-sustentaveis","tag-tarkett"],"blocksy_meta":[],"spectra_blocks_featured_image_url":null,"spectra_blocks_author_info":{"display_name":"Jornal da Constru\u00e7\u00e3o Civil","avatar_url":"https:\/\/secure.gravatar.com\/avatar\/973c9774fd44ddaceb026973c4962faa70fc512bc4c9da68e8ebb40fecee6540?s=96&d=mm&r=g","author_link":"https:\/\/construcaocivil.siriusmarketingedesign.com.br\/?author=1","description":"Desde de 2013, levando muitas informa\u00e7\u00f5es, lan\u00e7amentos e produtos de qualidade para toda cadeia produtiva da constru\u00e7\u00e3o. O Futuro da constru\u00e7\u00e3o passa por aqui,"},"uagb_featured_image_src":{"full":false,"thumbnail":false,"medium":false,"medium_large":false,"large":false,"1536x1536":false,"2048x2048":false},"uagb_author_info":{"display_name":"Jornal da Constru\u00e7\u00e3o Civil","author_link":"https:\/\/construcaocivil.siriusmarketingedesign.com.br\/?author=1"},"uagb_comment_info":0,"uagb_excerpt":"Casa e Decora\u00e7\u00e3o\u00a0 L\u00edder mundial em produ\u00e7\u00e3o de vin\u00edlicos, o grupo Tarkett apresenta ao mercado novas linhas de pisos e revestimentos. As linhas Essence e Ambienta rec\u00e9m lan\u00e7adas pela empresa, s\u00e3o produtos 100% recicl\u00e1veis e tamb\u00e9m s\u00e3o produzidos com materiais naturais e reciclados. &#8211; Essence \u00e9 um produto exclusivamente residencial \u2013 produzido com 15% de&hellip;","_links":{"self":[{"href":"https:\/\/construcaocivil.siriusmarketingedesign.com.br\/index.php?rest_route=\/wp\/v2\/posts\/2493","targetHints":{"allow":["GET"]}}],"collection":[{"href":"https:\/\/construcaocivil.siriusmarketingedesign.com.br\/index.php?rest_route=\/wp\/v2\/posts"}],"about":[{"href":"https:\/\/construcaocivil.siriusmarketingedesign.com.br\/index.php?rest_route=\/wp\/v2\/types\/post"}],"author":[{"embeddable":true,"href":"https:\/\/construcaocivil.siriusmarketingedesign.com.br\/index.php?rest_route=\/wp\/v2\/users\/1"}],"replies":[{"embeddable":true,"href":"https:\/\/construcaocivil.siriusmarketingedesign.com.br\/index.php?rest_route=%2Fwp%2Fv2%2Fcomments&post=2493"}],"version-history":[{"count":0,"href":"https:\/\/construcaocivil.siriusmarketingedesign.com.br\/index.php?rest_route=\/wp\/v2\/posts\/2493\/revisions"}],"wp:attachment":[{"href":"https:\/\/construcaocivil.siriusmarketingedesign.com.br\/index.php?rest_route=%2Fwp%2Fv2%2Fmedia&parent=2493"}],"wp:term":[{"taxonomy":"category","embeddable":true,"href":"https:\/\/construcaocivil.siriusmarketingedesign.com.br\/index.php?rest_route=%2Fwp%2Fv2%2Fcategories&post=2493"},{"taxonomy":"post_tag","embeddable":true,"href":"https:\/\/construcaocivil.siriusmarketingedesign.com.br\/index.php?rest_route=%2Fwp%2Fv2%2Ftags&post=2493"}],"curies":[{"name":"wp","href":"https:\/\/api.w.org\/{rel}","templated":true}]}}