{"id":24972,"date":"2025-01-22T12:19:52","date_gmt":"2025-01-22T15:19:52","guid":{"rendered":"https:\/\/www.jornaldaconstrucaocivil.com.br\/?p=24972"},"modified":"2025-01-22T12:19:52","modified_gmt":"2025-01-22T15:19:52","slug":"tarifa-zero-no-carnaval-do-rj-manifesto-pressiona-autoridades","status":"publish","type":"post","link":"https:\/\/construcaocivil.siriusmarketingedesign.com.br\/?p=24972","title":{"rendered":"Tarifa Zero no Carnaval do RJ: Manifesto pressiona autoridades"},"content":{"rendered":"<p><em><strong>Manifesto Folia Sem Catracas pede transporte gratuito e 24 horas no Carnaval do Rio de Janeiro<\/strong><\/em><\/p>\n<p>&nbsp;<\/p>\n<p>Campanha busca garantir acesso igualit\u00e1rio \u00e0 maior festa popular do mundo, sem barreiras financeiras ou log\u00edsticas para os foli\u00f5es<\/p>\n<p>&nbsp;<\/p>\n<p><strong>Peti\u00e7\u00e3o na Change.org atingiu mil assinaturas em uma semana; veja como assinar<\/strong><\/p>\n<p>&nbsp;<\/p>\n<p>Rio de Janeiro, 22 de janeiro de 2025 \u2013 Na \u00faltima ter\u00e7a, 14 de janeiro, o movimento Tarifa Zero RJ lan\u00e7ou a campanha Folia Sem Catracas com o objetivo de mobilizar a sociedade e pressionar o poder p\u00fablico a implementar transporte p\u00fablico gratuito e com funcionamento 24 horas durante o Carnaval em todo o estado do Rio de Janeiro, entre os dias 01 e 05 de mar\u00e7o. A campanha busca apoio popular por meio de uma peti\u00e7\u00e3o na Change.org que atingiu mil assinaturas na primeira semana: change.org\/FoliaSemCatracasRJ.<\/p>\n<p>&nbsp;<\/p>\n<p>Para Mallu C\u00f4rtes, militante pela mobilidade urbana e idealizadora do projeto, \u201cO manifesto destaca o papel fundamental do transporte p\u00fablico como ferramenta de democratiza\u00e7\u00e3o do acesso \u00e0 maior festa popular do mundo, garantindo que todas as pessoas possam participar dos blocos, desfiles e celebra\u00e7\u00f5es, sem que o transporte p\u00fablico seja um limitador de acesso, seja pelos altos custos da passagem ou pela redu\u00e7\u00e3o de hor\u00e1rios durante a folia. Com a tarifa zero no carnaval, todos podem transitar pela cidade, como deveria ser o ano todo\u201d.<\/p>\n<p>&nbsp;<\/p>\n<p>Por que transporte p\u00fablico gratuito e 24 horas no Carnaval?<\/p>\n<p>&nbsp;<\/p>\n<p>Acessibilidade para todos, redu\u00e7\u00e3o do tr\u00e2nsito e impacto ambiental, mais seguran\u00e7a e mobilidade urbana, fomento \u00e0 economia Local e gera\u00e7\u00e3o de renda para vendedores ambulantes e pequenos comerciantes s\u00e3o alguns dos motivos elencados pelo movimento.<\/p>\n<p>O manifesto Folia sem Catracas convida toda popula\u00e7\u00e3o fluminense a assinar a peti\u00e7\u00e3o online, compartilhar a campanha nas redes sociais e participar de a\u00e7\u00f5es para pressionar o poder p\u00fablico a adotar essa pol\u00edtica inclusiva, essencial para democratiza\u00e7\u00e3o do acesso ao carnaval carioca. Para mais informa\u00e7\u00f5es, siga a p\u00e1gina @tarifazeroRJ<\/p>\n","protected":false},"excerpt":{"rendered":"<p>Manifesto Folia Sem Catracas pede transporte gratuito e 24 horas no Carnaval do Rio de Janeiro &nbsp; Campanha busca garantir acesso igualit\u00e1rio \u00e0 maior festa popular do mundo, sem barreiras financeiras ou log\u00edsticas para os foli\u00f5es &nbsp; Peti\u00e7\u00e3o na Change.org atingiu mil assinaturas em uma semana; veja como assinar &nbsp; Rio de Janeiro, 22 de [&hellip;]<\/p>\n","protected":false},"author":1,"featured_media":24973,"comment_status":"open","ping_status":"open","sticky":false,"template":"","format":"standard","meta":{"_uag_custom_page_level_css":"","footnotes":""},"categories":[27],"tags":[27188,2244,10375,27186,27187],"class_list":["post-24972","post","type-post","status-publish","format-standard","has-post-thumbnail","hentry","category-acontece","tag-canaval2025","tag-cidadania","tag-rio-de-janeiro","tag-tarifa-zero-transportes","tag-tarifa-zero-trbalhadores-e-desempregados"],"blocksy_meta":[],"spectra_blocks_featured_image_url":{"thumbnail":{"url":"https:\/\/construcaocivil.siriusmarketingedesign.com.br\/wp-content\/uploads\/2025\/01\/unnamed-15-150x150.jpg","width":150,"height":150},"medium":{"url":"https:\/\/construcaocivil.siriusmarketingedesign.com.br\/wp-content\/uploads\/2025\/01\/unnamed-15-300x200.jpg","width":300,"height":200},"medium_large":{"url":"https:\/\/construcaocivil.siriusmarketingedesign.com.br\/wp-content\/uploads\/2025\/01\/unnamed-15-768x512.jpg","width":768,"height":512},"large":{"url":"https:\/\/construcaocivil.siriusmarketingedesign.com.br\/wp-content\/uploads\/2025\/01\/unnamed-15-1024x683.jpg","width":1024,"height":683},"full":{"url":"https:\/\/construcaocivil.siriusmarketingedesign.com.br\/wp-content\/uploads\/2025\/01\/unnamed-15-scaled.jpg","width":2560,"height":1707}},"spectra_blocks_author_info":{"display_name":"Jornal da Constru\u00e7\u00e3o Civil","avatar_url":"https:\/\/secure.gravatar.com\/avatar\/973c9774fd44ddaceb026973c4962faa70fc512bc4c9da68e8ebb40fecee6540?s=96&d=mm&r=g","author_link":"https:\/\/construcaocivil.siriusmarketingedesign.com.br\/?author=1","description":"Desde de 2013, levando muitas informa\u00e7\u00f5es, lan\u00e7amentos e produtos de qualidade para toda cadeia produtiva da constru\u00e7\u00e3o. O Futuro da constru\u00e7\u00e3o passa por aqui,"},"uagb_featured_image_src":{"full":["https:\/\/construcaocivil.siriusmarketingedesign.com.br\/wp-content\/uploads\/2025\/01\/unnamed-15-scaled.jpg",2560,1707,false],"thumbnail":["https:\/\/construcaocivil.siriusmarketingedesign.com.br\/wp-content\/uploads\/2025\/01\/unnamed-15-150x150.jpg",150,150,true],"medium":["https:\/\/construcaocivil.siriusmarketingedesign.com.br\/wp-content\/uploads\/2025\/01\/unnamed-15-300x200.jpg",300,200,true],"medium_large":["https:\/\/construcaocivil.siriusmarketingedesign.com.br\/wp-content\/uploads\/2025\/01\/unnamed-15-768x512.jpg",768,512,true],"large":["https:\/\/construcaocivil.siriusmarketingedesign.com.br\/wp-content\/uploads\/2025\/01\/unnamed-15-1024x683.jpg",1024,683,true],"1536x1536":["https:\/\/construcaocivil.siriusmarketingedesign.com.br\/wp-content\/uploads\/2025\/01\/unnamed-15-1536x1024.jpg",1536,1024,true],"2048x2048":["https:\/\/construcaocivil.siriusmarketingedesign.com.br\/wp-content\/uploads\/2025\/01\/unnamed-15-2048x1365.jpg",2048,1365,true]},"uagb_author_info":{"display_name":"Jornal da Constru\u00e7\u00e3o Civil","author_link":"https:\/\/construcaocivil.siriusmarketingedesign.com.br\/?author=1"},"uagb_comment_info":0,"uagb_excerpt":"Manifesto Folia Sem Catracas pede transporte gratuito e 24 horas no Carnaval do Rio de Janeiro &nbsp; Campanha busca garantir acesso igualit\u00e1rio \u00e0 maior festa popular do mundo, sem barreiras financeiras ou log\u00edsticas para os foli\u00f5es &nbsp; Peti\u00e7\u00e3o na Change.org atingiu mil assinaturas em uma semana; veja como assinar &nbsp; Rio de Janeiro, 22 de&hellip;","_links":{"self":[{"href":"https:\/\/construcaocivil.siriusmarketingedesign.com.br\/index.php?rest_route=\/wp\/v2\/posts\/24972","targetHints":{"allow":["GET"]}}],"collection":[{"href":"https:\/\/construcaocivil.siriusmarketingedesign.com.br\/index.php?rest_route=\/wp\/v2\/posts"}],"about":[{"href":"https:\/\/construcaocivil.siriusmarketingedesign.com.br\/index.php?rest_route=\/wp\/v2\/types\/post"}],"author":[{"embeddable":true,"href":"https:\/\/construcaocivil.siriusmarketingedesign.com.br\/index.php?rest_route=\/wp\/v2\/users\/1"}],"replies":[{"embeddable":true,"href":"https:\/\/construcaocivil.siriusmarketingedesign.com.br\/index.php?rest_route=%2Fwp%2Fv2%2Fcomments&post=24972"}],"version-history":[{"count":0,"href":"https:\/\/construcaocivil.siriusmarketingedesign.com.br\/index.php?rest_route=\/wp\/v2\/posts\/24972\/revisions"}],"wp:featuredmedia":[{"embeddable":true,"href":"https:\/\/construcaocivil.siriusmarketingedesign.com.br\/index.php?rest_route=\/wp\/v2\/media\/24973"}],"wp:attachment":[{"href":"https:\/\/construcaocivil.siriusmarketingedesign.com.br\/index.php?rest_route=%2Fwp%2Fv2%2Fmedia&parent=24972"}],"wp:term":[{"taxonomy":"category","embeddable":true,"href":"https:\/\/construcaocivil.siriusmarketingedesign.com.br\/index.php?rest_route=%2Fwp%2Fv2%2Fcategories&post=24972"},{"taxonomy":"post_tag","embeddable":true,"href":"https:\/\/construcaocivil.siriusmarketingedesign.com.br\/index.php?rest_route=%2Fwp%2Fv2%2Ftags&post=24972"}],"curies":[{"name":"wp","href":"https:\/\/api.w.org\/{rel}","templated":true}]}}