{"id":24982,"date":"2025-01-25T12:25:14","date_gmt":"2025-01-25T15:25:14","guid":{"rendered":"https:\/\/www.jornaldaconstrucaocivil.com.br\/?p=24982"},"modified":"2025-01-25T12:25:14","modified_gmt":"2025-01-25T15:25:14","slug":"setor-eletrico-demanda-de-energia-sobe-mas-a-midia-so-fala-na-fonte-solar-as-outras-fontes-nao-funcionam-mais-no-brasil-ou-tem-caroco-nesse-angu","status":"publish","type":"post","link":"https:\/\/construcaocivil.siriusmarketingedesign.com.br\/?p=24982","title":{"rendered":"Setor El\u00e9trico: Demanda de energia sobe, mas a m\u00eddia s\u00f3 fala na fonte solar. As outras fontes n\u00e3o funcionam mais no Brasil? Ou tem caro\u00e7o nesse angu?"},"content":{"rendered":"<p style=\"text-align: justify;\"><em>Por Ivo Pugnaloni<\/em><\/p>\n<p style=\"text-align: justify;\"><em><strong>Quem estava esperando queda na quantidade de energia consumida no Brasil vai ter que esperar mais um pouco.<\/strong><\/em><\/p>\n<p style=\"text-align: justify;\">Agora \u00e9 o calor que empurrou mais um pouco para cima a nossa necessidade de energia. Al\u00e9m \u00e9 claro de nova subida no PIB acima de 3,0%, esperado para 2024, mesmo ainda n\u00e3o fechado o balan\u00e7o.<\/p>\n<p style=\"text-align: justify;\">Foram 102.810 MW \u00e0s 14h31 desta quarta-feira, 22 de janeiro. O valor \u00e9 o maior j\u00e1 registrado no SIN, superando o recorde anterior de 102.478 MW, em 15 de mar\u00e7o de 2024.<\/p>\n<p style=\"text-align: justify;\">A carga m\u00e9dia di\u00e1ria tamb\u00e9m seguiu batendo recorde, atingindo 92.985 MW m\u00e9dios nesta<\/p>\n<p style=\"text-align: justify;\"><strong>N\u00e3o se fala mais nisso!<\/strong><\/p>\n<p style=\"text-align: justify;\">Mas \u00e9 uma pena que a not\u00edcia da ag\u00eancias de not\u00edcias s\u00f3 traga valores do crescimento de uma \u00fanica fonte, a energia solar, como se apenas ela existisse!<\/p>\n<p style=\"text-align: justify;\">Ficaram os leitores ser saber como se comportaram as demais fontes, que s\u00e3o tratadas agora pelos jornais e revistas como se elas n\u00e3o existissem mais!<\/p>\n<p style=\"text-align: justify;\">Parece haver na imprensa brasileira uma grande m\u00e1 vontade em divulgar not\u00edcias sobre o crescimento das hidrel\u00e9tricas por exemplo.<\/p>\n<p style=\"text-align: justify;\">E das e\u00f3licas, das quais ainda se fala um pouco, mas muito discretamente.<\/p>\n<p style=\"text-align: justify;\">Talvez porque, devido ao grande porte dos seus aerogeradores, constru\u00eddos com no m\u00ednimo 4.000 kW, as e\u00f3licas n\u00e3o possam ser compradas nem instaladas nos telhados dos consumidores. \u00a0Ou porque as hidrel\u00e9tricas, mesmo de pequeno porte, n\u00e3o podem ser vendidas com a mesma velocidade.<\/p>\n<p style=\"text-align: justify;\">Afinal, \u201co sol nasceu para todos, mas \u00e1gua caindo de pedras s\u00f3 para os aben\u00e7oados\u201d, como diz um cliente nosso.<\/p>\n<p style=\"text-align: justify;\">Vai da\u00ed, os fabricantes de e\u00f3licas e hidrel\u00e9tricas e seus projetistas talvez n\u00e3o anunciem na imprensa. E parece que se eles n\u00e3o anunciam, n\u00e3o s\u00e3o todas as m\u00eddias que querem produzir not\u00edcias sobre hidr\u00e1ulicas e e\u00f3licas\u2026Ser\u00e1 essa a causa do \u201ccancelamento\u201d das not\u00edcias sobre as fontes de energia renov\u00e1veis mas permanentes?<\/p>\n<p style=\"text-align: justify;\">\u00a0<strong>A s\u00edndrome da falta de informa\u00e7\u00e3o<\/strong><\/p>\n<p style=\"text-align: justify;\">Esconder parte do mercado de energia, \u00e9 muito ruim pois deixa os leitores desinformados sobre o setor el\u00e9trico e suas oportunidades, tendencias e perspectivas. Inclusive de trabalho.<\/p>\n<p style=\"text-align: justify;\">Isso \u00e9 muito injusto e at\u00e9 fica meio estranho, porque depois das cinco da tarde, quem sempre aguenta quase toda a demanda s\u00e3o as hidrel\u00e9tricas, que usam e devolvem a \u00e1gua doce armazenada nos reservat\u00f3rios.<\/p>\n<p style=\"text-align: justify;\">Ou as termoel\u00e9tricas, mas estas para gerar precisam consumir derivados de petr\u00f3leo importado, especialmente nesses tempos quando faltam mais hidrel\u00e9tricas serem constru\u00eddas no Brasil. Sendo que em nosso pa\u00eds, praticamente em cada 10 fazendas ou s\u00edtios existe pelo menos um rio ou um riacho com queda d\u2019\u00e1gua poss\u00edvel de ser aproveitada!<\/p>\n<p style=\"text-align: justify;\"><strong>Por qual raz\u00e3o isso acontece?<\/strong><\/p>\n<p style=\"text-align: justify;\">Deve ser uma raz\u00e3o meio capenga de explicar, pois \u00e9 uma raz\u00e3o escondida, com dados escondidos e ningu\u00e9m fala por qu\u00ea isso, acontece.<\/p>\n<p style=\"text-align: justify;\">Ningu\u00e9m fala nisso, nem no Governo, nem na Oposi\u00e7\u00e3o, nem muito menos na m\u00eddia!<\/p>\n<p style=\"text-align: justify;\">Voc\u00ea n\u00e3o acha estranho tudo isso?<\/p>\n<p style=\"text-align: justify;\">Na minha opini\u00e3o h\u00e1 uma raz\u00e3o muito clara: dinheiro!<\/p>\n<p style=\"text-align: justify;\">Gostaria de saber como essa \u201cm\u00e1gica\u201d das tarifas de energia cada vez mais caras acontece, enquanto s\u00f3 se fala das vantagens da energia solar, que depois das 17 horas e antes das 9 da manh\u00e3 precisa das termel\u00e9tricas e das hidrel\u00e9tricas?<\/p>\n<p style=\"text-align: justify;\">Veja o podcast comigo e com o Alessandro Quadros, clicando aqui no\u00a0<a href=\"https:\/\/click.cse360.com.br\/Click\/AddCampaignEmailClick\/058c32c4-f622-4e68-fa9d-08dd3b39eef7\/https%253a%252f%252fwww.youtube.com%252fwatch%253fv%253dsLjzJj8DDbk%2526amp%253bt%253d144s\/b20bfdd4-a02b-41a4-eb6d-08d7c5ff26d1\/webobras@gmail.com\/True\" target=\"_blank\" rel=\"noopener\" data-saferedirecturl=\"https:\/\/www.google.com\/url?q=https:\/\/click.cse360.com.br\/Click\/AddCampaignEmailClick\/058c32c4-f622-4e68-fa9d-08dd3b39eef7\/https%25253a%25252f%25252fwww.youtube.com%25252fwatch%25253fv%25253dsLjzJj8DDbk%252526amp%25253bt%25253d144s\/b20bfdd4-a02b-41a4-eb6d-08d7c5ff26d1\/webobras@gmail.com\/True&amp;source=gmail&amp;ust=1737904616786000&amp;usg=AOvVaw0JHE0ClAt7nHYdu0n8yne9\">Canal Hidroevida<\/a>\u00a0e inscreva-se para saber mais sobre a profiss\u00e3o do futuro: engenheiro, t\u00e9cnico ou comercializador de fontes renov\u00e1veis de energia, tanto solar como a e\u00f3lica, a hidrel\u00e9trica, a da biomassa que seguram o tranco depois que o sol vai embora para a China!<\/p>\n<p style=\"text-align: justify;\">Na segunda feira dia 27 de janeiro vamos trazer as informa\u00e7\u00f5es que n\u00e3o foram divulgadas.<\/p>\n<p style=\"text-align: justify;\"><em>*Ivo Pugnaloni \u00e9 engenheiro eletricista formado pela UFPR. Foi diretor de planejamento da COPEL \u2013 Companhia Paranaense de Energia e diretor presidente da COPEL DISTRIBUI\u00c7\u00c3O, diretor do Instituto Estrat\u00e9gico do Setor El\u00e9trico (ILUMINA), fundador e primeiro presidente da ABRAPCH, associa\u00e7\u00e3o brasileira de pequenas hidrel\u00e9tricas, secret\u00e1rio adjunto de transportes de Curitiba, membro do Conselho Estadual de Ci\u00eancia e Tecnologia do Paran\u00e1 e professor do Centro Federal de Educa\u00e7\u00e3o Tecnol\u00f3gica do Paran\u00e1 e membro do Grupo de Diretrizes do Setor El\u00e9trico do primeiro governo do presidente Luiz In\u00e1cio Lula da Silva. Hoje Ivo \u00e9 o presidente da ENERCONS Projetos e Consultoria em Energias Renov\u00e1vei fundada em 2000 em Curitiba..<\/em>\u00a0<a href=\"https:\/\/click.cse360.com.br\/Click\/AddCampaignEmailClick\/058c32c4-f622-4e68-fa9d-08dd3b39eef7\/https%253a%252f%252fenercons.com.br%252f\/b20bfdd4-a02b-41a4-eb6d-08d7c5ff26d1\/webobras@gmail.com\/True\" target=\"_blank\" rel=\"noopener\" data-saferedirecturl=\"https:\/\/www.google.com\/url?q=https:\/\/click.cse360.com.br\/Click\/AddCampaignEmailClick\/058c32c4-f622-4e68-fa9d-08dd3b39eef7\/https%25253a%25252f%25252fenercons.com.br%25252f\/b20bfdd4-a02b-41a4-eb6d-08d7c5ff26d1\/webobras@gmail.com\/True&amp;source=gmail&amp;ust=1737904616787000&amp;usg=AOvVaw1oCzpnHym3wI34blCndm5M\">Site da ENERCONS<\/a><\/p>\n","protected":false},"excerpt":{"rendered":"<p>Por Ivo Pugnaloni Quem estava esperando queda na quantidade de energia consumida no Brasil vai ter que esperar mais um pouco. Agora \u00e9 o calor que empurrou mais um pouco para cima a nossa necessidade de energia. Al\u00e9m \u00e9 claro de nova subida no PIB acima de 3,0%, esperado para 2024, mesmo ainda n\u00e3o fechado [&hellip;]<\/p>\n","protected":false},"author":1,"featured_media":24983,"comment_status":"open","ping_status":"open","sticky":false,"template":"","format":"standard","meta":{"_uag_custom_page_level_css":"","footnotes":""},"categories":[29],"tags":[27192,26427,4315,27193,11014],"class_list":["post-24982","post","type-post","status-publish","format-standard","has-post-thumbnail","hentry","category-energia","tag-crise-energia-eletrica","tag-enercons","tag-energia-solar","tag-mw-hidreletricas","tag-setor-eletrico"],"blocksy_meta":[],"spectra_blocks_featured_image_url":{"thumbnail":{"url":"https:\/\/construcaocivil.siriusmarketingedesign.com.br\/wp-content\/uploads\/2025\/01\/image1Usina-Hidroelectrica-de-Itaipu-150x150.jpg","width":150,"height":150},"medium":{"url":"https:\/\/construcaocivil.siriusmarketingedesign.com.br\/wp-content\/uploads\/2025\/01\/image1Usina-Hidroelectrica-de-Itaipu-300x190.jpg","width":300,"height":190},"medium_large":{"url":"https:\/\/construcaocivil.siriusmarketingedesign.com.br\/wp-content\/uploads\/2025\/01\/image1Usina-Hidroelectrica-de-Itaipu-768x487.jpg","width":768,"height":487},"large":{"url":"https:\/\/construcaocivil.siriusmarketingedesign.com.br\/wp-content\/uploads\/2025\/01\/image1Usina-Hidroelectrica-de-Itaipu-1024x649.jpg","width":1024,"height":649},"full":{"url":"https:\/\/construcaocivil.siriusmarketingedesign.com.br\/wp-content\/uploads\/2025\/01\/image1Usina-Hidroelectrica-de-Itaipu.jpg","width":1200,"height":761}},"spectra_blocks_author_info":{"display_name":"Jornal da Constru\u00e7\u00e3o Civil","avatar_url":"https:\/\/secure.gravatar.com\/avatar\/973c9774fd44ddaceb026973c4962faa70fc512bc4c9da68e8ebb40fecee6540?s=96&d=mm&r=g","author_link":"https:\/\/construcaocivil.siriusmarketingedesign.com.br\/?author=1","description":"Desde de 2013, levando muitas informa\u00e7\u00f5es, lan\u00e7amentos e produtos de qualidade para toda cadeia produtiva da constru\u00e7\u00e3o. O Futuro da constru\u00e7\u00e3o passa por aqui,"},"uagb_featured_image_src":{"full":["https:\/\/construcaocivil.siriusmarketingedesign.com.br\/wp-content\/uploads\/2025\/01\/image1Usina-Hidroelectrica-de-Itaipu.jpg",1200,761,false],"thumbnail":["https:\/\/construcaocivil.siriusmarketingedesign.com.br\/wp-content\/uploads\/2025\/01\/image1Usina-Hidroelectrica-de-Itaipu-150x150.jpg",150,150,true],"medium":["https:\/\/construcaocivil.siriusmarketingedesign.com.br\/wp-content\/uploads\/2025\/01\/image1Usina-Hidroelectrica-de-Itaipu-300x190.jpg",300,190,true],"medium_large":["https:\/\/construcaocivil.siriusmarketingedesign.com.br\/wp-content\/uploads\/2025\/01\/image1Usina-Hidroelectrica-de-Itaipu-768x487.jpg",768,487,true],"large":["https:\/\/construcaocivil.siriusmarketingedesign.com.br\/wp-content\/uploads\/2025\/01\/image1Usina-Hidroelectrica-de-Itaipu-1024x649.jpg",1024,649,true],"1536x1536":["https:\/\/construcaocivil.siriusmarketingedesign.com.br\/wp-content\/uploads\/2025\/01\/image1Usina-Hidroelectrica-de-Itaipu.jpg",1200,761,false],"2048x2048":["https:\/\/construcaocivil.siriusmarketingedesign.com.br\/wp-content\/uploads\/2025\/01\/image1Usina-Hidroelectrica-de-Itaipu.jpg",1200,761,false]},"uagb_author_info":{"display_name":"Jornal da Constru\u00e7\u00e3o Civil","author_link":"https:\/\/construcaocivil.siriusmarketingedesign.com.br\/?author=1"},"uagb_comment_info":0,"uagb_excerpt":"Por Ivo Pugnaloni Quem estava esperando queda na quantidade de energia consumida no Brasil vai ter que esperar mais um pouco. Agora \u00e9 o calor que empurrou mais um pouco para cima a nossa necessidade de energia. Al\u00e9m \u00e9 claro de nova subida no PIB acima de 3,0%, esperado para 2024, mesmo ainda n\u00e3o fechado&hellip;","_links":{"self":[{"href":"https:\/\/construcaocivil.siriusmarketingedesign.com.br\/index.php?rest_route=\/wp\/v2\/posts\/24982","targetHints":{"allow":["GET"]}}],"collection":[{"href":"https:\/\/construcaocivil.siriusmarketingedesign.com.br\/index.php?rest_route=\/wp\/v2\/posts"}],"about":[{"href":"https:\/\/construcaocivil.siriusmarketingedesign.com.br\/index.php?rest_route=\/wp\/v2\/types\/post"}],"author":[{"embeddable":true,"href":"https:\/\/construcaocivil.siriusmarketingedesign.com.br\/index.php?rest_route=\/wp\/v2\/users\/1"}],"replies":[{"embeddable":true,"href":"https:\/\/construcaocivil.siriusmarketingedesign.com.br\/index.php?rest_route=%2Fwp%2Fv2%2Fcomments&post=24982"}],"version-history":[{"count":0,"href":"https:\/\/construcaocivil.siriusmarketingedesign.com.br\/index.php?rest_route=\/wp\/v2\/posts\/24982\/revisions"}],"wp:featuredmedia":[{"embeddable":true,"href":"https:\/\/construcaocivil.siriusmarketingedesign.com.br\/index.php?rest_route=\/wp\/v2\/media\/24983"}],"wp:attachment":[{"href":"https:\/\/construcaocivil.siriusmarketingedesign.com.br\/index.php?rest_route=%2Fwp%2Fv2%2Fmedia&parent=24982"}],"wp:term":[{"taxonomy":"category","embeddable":true,"href":"https:\/\/construcaocivil.siriusmarketingedesign.com.br\/index.php?rest_route=%2Fwp%2Fv2%2Fcategories&post=24982"},{"taxonomy":"post_tag","embeddable":true,"href":"https:\/\/construcaocivil.siriusmarketingedesign.com.br\/index.php?rest_route=%2Fwp%2Fv2%2Ftags&post=24982"}],"curies":[{"name":"wp","href":"https:\/\/api.w.org\/{rel}","templated":true}]}}