{"id":25011,"date":"2025-01-30T15:32:20","date_gmt":"2025-01-30T18:32:20","guid":{"rendered":"https:\/\/www.jornaldaconstrucaocivil.com.br\/?p=25011"},"modified":"2025-01-30T15:32:20","modified_gmt":"2025-01-30T18:32:20","slug":"banco-central-quer-provocar-recessao-alta-da-selic-deve-impactar-mercado-imobiliario-credito-e-consumo-das-familias","status":"publish","type":"post","link":"https:\/\/construcaocivil.siriusmarketingedesign.com.br\/?p=25011","title":{"rendered":"Banco Central quer provocar recess\u00e3o: Alta da Selic deve impactar mercado imobili\u00e1rio, cr\u00e9dito e consumo das fam\u00edlias"},"content":{"rendered":"<p>A decis\u00e3o do Comit\u00ea de Pol\u00edtica Monet\u00e1ria (Copom) do Banco Central de elevar a taxa Selic de 12,25% para 13,25% ao ano, anunciada nesta quarta-feira (29), dever\u00e1 ter reflexos diretos em diversos setores da economia, com destaque para o mercado imobili\u00e1rio e o consumo das fam\u00edlias.<br \/>\n&#8220;Os efeitos da alta da Selic s\u00e3o amplos, mas o mercado imobili\u00e1rio sente um impacto imediato, j\u00e1 que a maioria dos financiamentos est\u00e1 atrelada \u00e0 taxa b\u00e1sica de juros. Com o cr\u00e9dito mais caro, a demanda por im\u00f3veis tende a cair, afetando as vendas e desacelerando a constru\u00e7\u00e3o civil&#8221;, explica o economista Marcos Hanna, s\u00f3cio da Armada Asset e analista de empresas.<br \/>\nA eleva\u00e7\u00e3o dos juros n\u00e3o afeta apenas o setor residencial, mas se estende ao consumo como um todo, reduzindo investimentos e desacelerando a economia. &#8220;O aumento da Selic encarece o cr\u00e9dito tanto para empresas quanto para consumidores, tornando o acesso a financiamentos mais dif\u00edcil e pesando no or\u00e7amento das fam\u00edlias endividadas. Esse custo mais alto n\u00e3o se restringe ao mercado imobili\u00e1rio, mas impacta diversos setores, o que pode levar a uma desacelera\u00e7\u00e3o da economia como um todo e a um aumento do desemprego em \u00e1reas sens\u00edveis ao cr\u00e9dito&#8221;, destaca Hanna.<br \/>\nAl\u00e9m disso, o encarecimento do cr\u00e9dito tende a reduzir o consumo e, consequentemente, frear a atividade econ\u00f4mica \u2013 um dos principais mecanismos utilizados pelo Banco Central para conter a infla\u00e7\u00e3o. &#8220;A pol\u00edtica monet\u00e1ria busca equilibrar o crescimento econ\u00f4mico com o controle dos pre\u00e7os. Embora a alta dos juros reduza o ritmo da economia, ela tamb\u00e9m ajuda a atrair investimentos estrangeiros para t\u00edtulos p\u00fablicos, fortalecendo o real e minimizando a volatilidade cambial. Isso contribui para evitar uma desvaloriza\u00e7\u00e3o excessiva da moeda, que poderia pressionar ainda mais os pre\u00e7os&#8221;, conclui o especialista.<\/p>\n","protected":false},"excerpt":{"rendered":"<p>A decis\u00e3o do Comit\u00ea de Pol\u00edtica Monet\u00e1ria (Copom) do Banco Central de elevar a taxa Selic de 12,25% para 13,25% ao ano, anunciada nesta quarta-feira (29), dever\u00e1 ter reflexos diretos em diversos setores da economia, com destaque para o mercado imobili\u00e1rio e o consumo das fam\u00edlias. &#8220;Os efeitos da alta da Selic s\u00e3o amplos, mas [&hellip;]<\/p>\n","protected":false},"author":1,"featured_media":25012,"comment_status":"open","ping_status":"open","sticky":false,"template":"","format":"standard","meta":{"_uag_custom_page_level_css":"","footnotes":""},"categories":[33],"tags":[27212,27215,27214,27216,27213,15311],"class_list":["post-25011","post","type-post","status-publish","format-standard","has-post-thumbnail","hentry","category-mercado","tag-banco-central-recessao","tag-bancos-privados","tag-crise-no-brasil","tag-desempregados-bicos","tag-galipo-x-economia","tag-no-brasil"],"blocksy_meta":[],"spectra_blocks_featured_image_url":{"thumbnail":{"url":"https:\/\/construcaocivil.siriusmarketingedesign.com.br\/wp-content\/uploads\/2025\/01\/IMG_20230120_1558002-150x150.jpg","width":150,"height":150},"medium":{"url":"https:\/\/construcaocivil.siriusmarketingedesign.com.br\/wp-content\/uploads\/2025\/01\/IMG_20230120_1558002-300x277.jpg","width":300,"height":277},"medium_large":{"url":"https:\/\/construcaocivil.siriusmarketingedesign.com.br\/wp-content\/uploads\/2025\/01\/IMG_20230120_1558002-768x709.jpg","width":768,"height":709},"large":{"url":"https:\/\/construcaocivil.siriusmarketingedesign.com.br\/wp-content\/uploads\/2025\/01\/IMG_20230120_1558002-1024x946.jpg","width":1024,"height":946},"full":{"url":"https:\/\/construcaocivil.siriusmarketingedesign.com.br\/wp-content\/uploads\/2025\/01\/IMG_20230120_1558002.jpg","width":2164,"height":1999}},"spectra_blocks_author_info":{"display_name":"Jornal da Constru\u00e7\u00e3o Civil","avatar_url":"https:\/\/secure.gravatar.com\/avatar\/973c9774fd44ddaceb026973c4962faa70fc512bc4c9da68e8ebb40fecee6540?s=96&d=mm&r=g","author_link":"https:\/\/construcaocivil.siriusmarketingedesign.com.br\/?author=1","description":"Desde de 2013, levando muitas informa\u00e7\u00f5es, lan\u00e7amentos e produtos de qualidade para toda cadeia produtiva da constru\u00e7\u00e3o. O Futuro da constru\u00e7\u00e3o passa por aqui,"},"uagb_featured_image_src":{"full":["https:\/\/construcaocivil.siriusmarketingedesign.com.br\/wp-content\/uploads\/2025\/01\/IMG_20230120_1558002.jpg",2164,1999,false],"thumbnail":["https:\/\/construcaocivil.siriusmarketingedesign.com.br\/wp-content\/uploads\/2025\/01\/IMG_20230120_1558002-150x150.jpg",150,150,true],"medium":["https:\/\/construcaocivil.siriusmarketingedesign.com.br\/wp-content\/uploads\/2025\/01\/IMG_20230120_1558002-300x277.jpg",300,277,true],"medium_large":["https:\/\/construcaocivil.siriusmarketingedesign.com.br\/wp-content\/uploads\/2025\/01\/IMG_20230120_1558002-768x709.jpg",768,709,true],"large":["https:\/\/construcaocivil.siriusmarketingedesign.com.br\/wp-content\/uploads\/2025\/01\/IMG_20230120_1558002-1024x946.jpg",1024,946,true],"1536x1536":["https:\/\/construcaocivil.siriusmarketingedesign.com.br\/wp-content\/uploads\/2025\/01\/IMG_20230120_1558002-1536x1419.jpg",1536,1419,true],"2048x2048":["https:\/\/construcaocivil.siriusmarketingedesign.com.br\/wp-content\/uploads\/2025\/01\/IMG_20230120_1558002-2048x1892.jpg",2048,1892,true]},"uagb_author_info":{"display_name":"Jornal da Constru\u00e7\u00e3o Civil","author_link":"https:\/\/construcaocivil.siriusmarketingedesign.com.br\/?author=1"},"uagb_comment_info":0,"uagb_excerpt":"A decis\u00e3o do Comit\u00ea de Pol\u00edtica Monet\u00e1ria (Copom) do Banco Central de elevar a taxa Selic de 12,25% para 13,25% ao ano, anunciada nesta quarta-feira (29), dever\u00e1 ter reflexos diretos em diversos setores da economia, com destaque para o mercado imobili\u00e1rio e o consumo das fam\u00edlias. &#8220;Os efeitos da alta da Selic s\u00e3o amplos, mas&hellip;","_links":{"self":[{"href":"https:\/\/construcaocivil.siriusmarketingedesign.com.br\/index.php?rest_route=\/wp\/v2\/posts\/25011","targetHints":{"allow":["GET"]}}],"collection":[{"href":"https:\/\/construcaocivil.siriusmarketingedesign.com.br\/index.php?rest_route=\/wp\/v2\/posts"}],"about":[{"href":"https:\/\/construcaocivil.siriusmarketingedesign.com.br\/index.php?rest_route=\/wp\/v2\/types\/post"}],"author":[{"embeddable":true,"href":"https:\/\/construcaocivil.siriusmarketingedesign.com.br\/index.php?rest_route=\/wp\/v2\/users\/1"}],"replies":[{"embeddable":true,"href":"https:\/\/construcaocivil.siriusmarketingedesign.com.br\/index.php?rest_route=%2Fwp%2Fv2%2Fcomments&post=25011"}],"version-history":[{"count":0,"href":"https:\/\/construcaocivil.siriusmarketingedesign.com.br\/index.php?rest_route=\/wp\/v2\/posts\/25011\/revisions"}],"wp:featuredmedia":[{"embeddable":true,"href":"https:\/\/construcaocivil.siriusmarketingedesign.com.br\/index.php?rest_route=\/wp\/v2\/media\/25012"}],"wp:attachment":[{"href":"https:\/\/construcaocivil.siriusmarketingedesign.com.br\/index.php?rest_route=%2Fwp%2Fv2%2Fmedia&parent=25011"}],"wp:term":[{"taxonomy":"category","embeddable":true,"href":"https:\/\/construcaocivil.siriusmarketingedesign.com.br\/index.php?rest_route=%2Fwp%2Fv2%2Fcategories&post=25011"},{"taxonomy":"post_tag","embeddable":true,"href":"https:\/\/construcaocivil.siriusmarketingedesign.com.br\/index.php?rest_route=%2Fwp%2Fv2%2Ftags&post=25011"}],"curies":[{"name":"wp","href":"https:\/\/api.w.org\/{rel}","templated":true}]}}