{"id":25031,"date":"2025-02-03T16:17:31","date_gmt":"2025-02-03T19:17:31","guid":{"rendered":"https:\/\/www.jornaldaconstrucaocivil.com.br\/?p=25031"},"modified":"2025-02-03T16:17:31","modified_gmt":"2025-02-03T19:17:31","slug":"quer-reformar-ou-adiantar-o-acabamento-daquela-obra-entao-fique-atento-ao-que-deve-ser-tendencia-em-2025","status":"publish","type":"post","link":"https:\/\/construcaocivil.siriusmarketingedesign.com.br\/?p=25031","title":{"rendered":"Quer reformar ou adiantar o acabamento daquela obra? Ent\u00e3o fique atento ao que deve ser tend\u00eancia em 2025"},"content":{"rendered":"<p style=\"text-align: justify;\"><i>Arquiteta antecipada novidades que come\u00e7am a surgir gradativamente nos itens de acabamento e que devem seguir com for\u00e7a no pr\u00f3ximo ano, uma delas \u00e9 a volta com for\u00e7a das cores vibrantes nos porcelanatos e uso de pe\u00e7as com tamanhos diferentes<\/i><\/p>\n<div>\n<p style=\"text-align: justify;\">Est\u00e1 de f\u00e9rias e sobrou algum dinheiro dos b\u00f4nus pagos no fim de ano, e com isso quer fazer aquela reforma t\u00e3o desejada ou dar aquela avan\u00e7ada na fase de acabamento da sua obra? Pois \u00e9, esse \u00e9 um dos tradicionais planos de come\u00e7o de ano que muita gente faz, mas antes de gastar, que tal saber o que deve ser tend\u00eancia em acabamentos para 2025?<\/p>\n<figure id=\"attachment_25033\" aria-describedby=\"caption-attachment-25033\" style=\"width: 251px\" class=\"wp-caption alignleft\"><img loading=\"lazy\" decoding=\"async\" class=\"size-medium wp-image-25033\" src=\"https:\/\/www.jornaldaconstrucaocivil.com.br\/wp-content\/uploads\/2025\/02\/Grupo-Soares-tendencia-em-acabamentos-02-251x300.jpg\" alt=\"\" width=\"251\" height=\"300\" srcset=\"https:\/\/construcaocivil.siriusmarketingedesign.com.br\/wp-content\/uploads\/2025\/02\/Grupo-Soares-tendencia-em-acabamentos-02-251x300.jpg 251w, https:\/\/construcaocivil.siriusmarketingedesign.com.br\/wp-content\/uploads\/2025\/02\/Grupo-Soares-tendencia-em-acabamentos-02-857x1024.jpg 857w, https:\/\/construcaocivil.siriusmarketingedesign.com.br\/wp-content\/uploads\/2025\/02\/Grupo-Soares-tendencia-em-acabamentos-02-768x918.jpg 768w, https:\/\/construcaocivil.siriusmarketingedesign.com.br\/wp-content\/uploads\/2025\/02\/Grupo-Soares-tendencia-em-acabamentos-02-200x239.jpg 200w, https:\/\/construcaocivil.siriusmarketingedesign.com.br\/wp-content\/uploads\/2025\/02\/Grupo-Soares-tendencia-em-acabamentos-02.jpg 891w\" sizes=\"auto, (max-width: 251px) 100vw, 251px\" \/><figcaption id=\"caption-attachment-25033\" class=\"wp-caption-text\">Apesar do retorno das cores, o uso dos tons neutros segue forte, especialmente em lavabos e banheiros<\/figcaption><\/figure>\n<p style=\"text-align: justify;\">Quem d\u00e1 as dicas \u00e9 a arquiteta Fernanda Ferreira, que tamb\u00e9m \u00e9 head das lojas Essence, rede goiana especializada em materiais de acabamento de alto padr\u00e3o. Ela explica que as ind\u00fastrias ainda est\u00e3o elaborando seus portf\u00f3lios, que devem ser apresentados em janeiro, mas ela j\u00e1 adianta algumas tend\u00eancias que vem surgindo gradativamente.<\/p>\n<p>Fernanda afirma que tem percebido a volta de algumas cores, como o bege que volta como uma forte tend\u00eancia. \u201cH\u00e1 alguns tons que tinham sumido um pouco, tanto dos tecidos quanto dos porcelanatos, e agora come\u00e7am a voltar. Percebo, por exemplo, o retorno forte do bege, uma cor que vi muito na \u00faltima feira de Design em Mil\u00e3o, seja no sof\u00e1, nas poltronas, no piso e na parede\u201d, ressalta Fernanda Ferreira.<\/p>\n<p><strong>Formatos maiores<\/strong><br \/>\nOutra tend\u00eancia que head da Essence destaca \u00e9 o uso de formatos maiores de azulejos e dos porcelanatos principalmente. \u201cHoje, muita gente est\u00e1 apostando no formato 1,60&#215;1,60. Antes, o maior piso que se tinha no mercado era 1,20&#215;1,20, agora \u00e9 o 1,60&#215;1,60. Em alguns projetos, h\u00e1 tamb\u00e9m o uso de uma mesma linha, por\u00e9m com formatos diferentes para piso e o revestimento\u201d, afirma Fernanda, que tamb\u00e9m diz que junto com as cores, as texturas tamb\u00e9m chegam mais fortes nos pisos e revestimentos, sejam aquelas que imitam outros materiais, com madeira; ou outras que usam bastantes figuras geom\u00e9tricas.<\/p>\n<p>\u201cHoje temos linhas, como a Docol Chrome, que trabalha com nove tons de cores em suas torneiras: o cobre, polido ou escovado; o ouro, polido ou escovado; o grafite, sendo polido ou escovado; o n\u00edquel, polido ou escovado; e o preto fosco. S\u00f3 que essas cores de metais foram uma tend\u00eancia que fez muito sucesso nos anos 1980, e volta agora com for\u00e7a, n\u00e3o s\u00f3 pelo charme que t\u00eam, mas a alta durabilidade, j\u00e1 que s\u00e3o pe\u00e7as que duram entre 15 e 20 anos\u201d, afirma a arquiteta.<\/p>\n<p>J\u00e1 no tocante aos itens de lou\u00e7a, a avalia\u00e7\u00e3o da arquiteta Fernanda Ferreira \u00e9 de que a tend\u00eancia para 2025 \u00e9 de continuidade dos tons neutros. \u201cPara as lou\u00e7as, especialmente as do banheiro e lavabos, a tend\u00eancia \u00e9 de vig\u00eancia do neutro com muito uso do branco, do marfim, voc\u00ea pode ter o cinza num tom mais suave, tamb\u00e9m com texturas naturais e foscas. \u00c9 claro que tamb\u00e9m n\u00e3o descartamos alguma outra novidade que deve vir em janeiro, que \u00e9 quando as ind\u00fastrias renovam seus portf\u00f3lios\u201d, lembra a arquiteta.<\/p>\n<\/div>\n","protected":false},"excerpt":{"rendered":"<p>Arquiteta antecipada novidades que come\u00e7am a surgir gradativamente nos itens de acabamento e que devem seguir com for\u00e7a no pr\u00f3ximo ano, uma delas \u00e9 a volta com for\u00e7a das cores vibrantes nos porcelanatos e uso de pe\u00e7as com tamanhos diferentes Est\u00e1 de f\u00e9rias e sobrou algum dinheiro dos b\u00f4nus pagos no fim de ano, e [&hellip;]<\/p>\n","protected":false},"author":1,"featured_media":25032,"comment_status":"open","ping_status":"open","sticky":false,"template":"","format":"standard","meta":{"_uag_custom_page_level_css":"","footnotes":""},"categories":[28],"tags":[5511,27224,27225,10330],"class_list":["post-25031","post","type-post","status-publish","format-standard","has-post-thumbnail","hentry","category-arquitetura","tag-goiania","tag-lojas-essence","tag-pisos-coloridos","tag-revestimentos-e-acabamentos"],"blocksy_meta":[],"spectra_blocks_featured_image_url":{"thumbnail":{"url":"https:\/\/construcaocivil.siriusmarketingedesign.com.br\/wp-content\/uploads\/2025\/02\/Grupo-Soares-tendencia-em-acabamentos-01-150x150.jpg","width":150,"height":150},"medium":{"url":"https:\/\/construcaocivil.siriusmarketingedesign.com.br\/wp-content\/uploads\/2025\/02\/Grupo-Soares-tendencia-em-acabamentos-01-300x233.jpg","width":300,"height":233},"medium_large":{"url":"https:\/\/construcaocivil.siriusmarketingedesign.com.br\/wp-content\/uploads\/2025\/02\/Grupo-Soares-tendencia-em-acabamentos-01-768x597.jpg","width":768,"height":597},"large":{"url":"https:\/\/construcaocivil.siriusmarketingedesign.com.br\/wp-content\/uploads\/2025\/02\/Grupo-Soares-tendencia-em-acabamentos-01.jpg","width":1014,"height":788},"full":{"url":"https:\/\/construcaocivil.siriusmarketingedesign.com.br\/wp-content\/uploads\/2025\/02\/Grupo-Soares-tendencia-em-acabamentos-01.jpg","width":1014,"height":788}},"spectra_blocks_author_info":{"display_name":"Jornal da Constru\u00e7\u00e3o Civil","avatar_url":"https:\/\/secure.gravatar.com\/avatar\/973c9774fd44ddaceb026973c4962faa70fc512bc4c9da68e8ebb40fecee6540?s=96&d=mm&r=g","author_link":"https:\/\/construcaocivil.siriusmarketingedesign.com.br\/?author=1","description":"Desde de 2013, levando muitas informa\u00e7\u00f5es, lan\u00e7amentos e produtos de qualidade para toda cadeia produtiva da constru\u00e7\u00e3o. O Futuro da constru\u00e7\u00e3o passa por aqui,"},"uagb_featured_image_src":{"full":["https:\/\/construcaocivil.siriusmarketingedesign.com.br\/wp-content\/uploads\/2025\/02\/Grupo-Soares-tendencia-em-acabamentos-01.jpg",1014,788,false],"thumbnail":["https:\/\/construcaocivil.siriusmarketingedesign.com.br\/wp-content\/uploads\/2025\/02\/Grupo-Soares-tendencia-em-acabamentos-01-150x150.jpg",150,150,true],"medium":["https:\/\/construcaocivil.siriusmarketingedesign.com.br\/wp-content\/uploads\/2025\/02\/Grupo-Soares-tendencia-em-acabamentos-01-300x233.jpg",300,233,true],"medium_large":["https:\/\/construcaocivil.siriusmarketingedesign.com.br\/wp-content\/uploads\/2025\/02\/Grupo-Soares-tendencia-em-acabamentos-01-768x597.jpg",768,597,true],"large":["https:\/\/construcaocivil.siriusmarketingedesign.com.br\/wp-content\/uploads\/2025\/02\/Grupo-Soares-tendencia-em-acabamentos-01.jpg",1014,788,false],"1536x1536":["https:\/\/construcaocivil.siriusmarketingedesign.com.br\/wp-content\/uploads\/2025\/02\/Grupo-Soares-tendencia-em-acabamentos-01.jpg",1014,788,false],"2048x2048":["https:\/\/construcaocivil.siriusmarketingedesign.com.br\/wp-content\/uploads\/2025\/02\/Grupo-Soares-tendencia-em-acabamentos-01.jpg",1014,788,false]},"uagb_author_info":{"display_name":"Jornal da Constru\u00e7\u00e3o Civil","author_link":"https:\/\/construcaocivil.siriusmarketingedesign.com.br\/?author=1"},"uagb_comment_info":0,"uagb_excerpt":"Arquiteta antecipada novidades que come\u00e7am a surgir gradativamente nos itens de acabamento e que devem seguir com for\u00e7a no pr\u00f3ximo ano, uma delas \u00e9 a volta com for\u00e7a das cores vibrantes nos porcelanatos e uso de pe\u00e7as com tamanhos diferentes Est\u00e1 de f\u00e9rias e sobrou algum dinheiro dos b\u00f4nus pagos no fim de ano, e&hellip;","_links":{"self":[{"href":"https:\/\/construcaocivil.siriusmarketingedesign.com.br\/index.php?rest_route=\/wp\/v2\/posts\/25031","targetHints":{"allow":["GET"]}}],"collection":[{"href":"https:\/\/construcaocivil.siriusmarketingedesign.com.br\/index.php?rest_route=\/wp\/v2\/posts"}],"about":[{"href":"https:\/\/construcaocivil.siriusmarketingedesign.com.br\/index.php?rest_route=\/wp\/v2\/types\/post"}],"author":[{"embeddable":true,"href":"https:\/\/construcaocivil.siriusmarketingedesign.com.br\/index.php?rest_route=\/wp\/v2\/users\/1"}],"replies":[{"embeddable":true,"href":"https:\/\/construcaocivil.siriusmarketingedesign.com.br\/index.php?rest_route=%2Fwp%2Fv2%2Fcomments&post=25031"}],"version-history":[{"count":0,"href":"https:\/\/construcaocivil.siriusmarketingedesign.com.br\/index.php?rest_route=\/wp\/v2\/posts\/25031\/revisions"}],"wp:featuredmedia":[{"embeddable":true,"href":"https:\/\/construcaocivil.siriusmarketingedesign.com.br\/index.php?rest_route=\/wp\/v2\/media\/25032"}],"wp:attachment":[{"href":"https:\/\/construcaocivil.siriusmarketingedesign.com.br\/index.php?rest_route=%2Fwp%2Fv2%2Fmedia&parent=25031"}],"wp:term":[{"taxonomy":"category","embeddable":true,"href":"https:\/\/construcaocivil.siriusmarketingedesign.com.br\/index.php?rest_route=%2Fwp%2Fv2%2Fcategories&post=25031"},{"taxonomy":"post_tag","embeddable":true,"href":"https:\/\/construcaocivil.siriusmarketingedesign.com.br\/index.php?rest_route=%2Fwp%2Fv2%2Ftags&post=25031"}],"curies":[{"name":"wp","href":"https:\/\/api.w.org\/{rel}","templated":true}]}}