{"id":25051,"date":"2025-02-05T14:48:26","date_gmt":"2025-02-05T17:48:26","guid":{"rendered":"https:\/\/www.jornaldaconstrucaocivil.com.br\/?p=25051"},"modified":"2025-02-05T14:48:26","modified_gmt":"2025-02-05T17:48:26","slug":"seiva-de-cajueiro-e-eleita-a-cor-do-ano-de-2025-pela-qualyvinil-tintas","status":"publish","type":"post","link":"https:\/\/construcaocivil.siriusmarketingedesign.com.br\/?p=25051","title":{"rendered":"Seiva de Cajueiro \u00e9 eleita a Cor do Ano de 2025 pela Qualyvinil Tintas"},"content":{"rendered":"<p style=\"text-align: justify;\"><strong>Marca apresenta tamb\u00e9m duas paletas inspiradas na riqueza cultural e natural do Brasil<\/strong><\/p>\n<p style=\"text-align: justify;\">A Qualyvinil, refer\u00eancia nacional em tintas, apresenta sua cor do ano para 2025: Seiva de Cajueiro. Inspirada no cajueiro, \u00e1rvore emblem\u00e1tica do Brasil, a tonalidade celebra a riqueza das nossas origens e refor\u00e7a a conex\u00e3o com a natureza. O tom de amarelo terroso, ao mesmo tempo vibrante e equilibrado, oferece uma base vers\u00e1til para composi\u00e7\u00f5es que transitam entre o cl\u00e1ssico e o contempor\u00e2neo, trazendo acolhimento e leveza aos ambientes.<\/p>\n<p>Tamb\u00e9m foram desenvolvidas duas paletas composta pela cor do ano\u00a0e cores complementares: a \u201cBrasilidade\u201d aposta em cores que representam as regi\u00f5es do pa\u00eds, cada cor remete a elementos simb\u00f3licos das cinco regi\u00f5es brasileiras, conectando o design a narrativas que valorizam as riquezas locais:<\/p>\n<ul style=\"text-align: justify;\">\n<li><em>Paleta\u00a0 Brasilidade: Fal\u00e9sias do Nordeste, Vento do Norte, Azul Carnaval, Recanto Sertanejo, Poncho Ga\u00facho;<\/em><\/li>\n<\/ul>\n<p style=\"text-align: justify;\">\nJ\u00e1 os frutos nativos no Brasil inspiraram os nomes das cores da paleta \u201cOrigens\u201d, que harmoniza com a Seiva de Cajueiro para criar combina\u00e7\u00f5es criativas e sofisticadas:<\/p>\n<ul style=\"text-align: justify;\">\n<li><em>Paleta Origens: Abacaxi, Flor de Cacau, Maracuj\u00e1 Doce, Pitanga, Sufl\u00ea de Goiabada.<\/em><\/li>\n<\/ul>\n<p style=\"text-align: justify;\"><em>\u00a0<\/em><\/p>\n<p style=\"text-align: justify;\">Segundo a equipe de cria\u00e7\u00e3o da marca, a defini\u00e7\u00e3o da cor do ano vai al\u00e9m das tend\u00eancias est\u00e9ticas: reflete uma resposta \u00e0s demandas contempor\u00e2neas por espa\u00e7os mais flex\u00edveis, acolhedores e que traduzam o bem-estar. Nesse processo, a sustentabilidade foi um dos pilares da pesquisa, com o objetivo de promover a valoriza\u00e7\u00e3o de mat\u00e9rias-primas nacionais e incentivar pr\u00e1ticas que preservem a biodiversidade do Brasil.<\/p>\n<p>\u201cPara 2025, buscamos traduzir o sentimento de uni\u00e3o e pertencimento ao Brasil. O cajueiro, com sua for\u00e7a simb\u00f3lica e ra\u00edzes brasileiras, representa perfeitamente essa ideia. A cor Seiva de Cajueiro n\u00e3o apenas transforma espa\u00e7os, mas tamb\u00e9m os conecta \u00e0 ess\u00eancia do nosso pa\u00eds\u201d, explica Eul\u00e1lia Ramos, gerente geral da Qualyvinil.<\/p>\n<p>A cole\u00e7\u00e3o 2025 reafirma a proposta da Qualyvinil de ir al\u00e9m do funcional. As cores desempenham um papel fundamental na cria\u00e7\u00e3o de experi\u00eancias sensoriais e emocionais, transformando os espa\u00e7os em verdadeiros ref\u00fagios para os dias de hoje.<\/p>\n<p>Com um olhar atento para o futuro, a Qualyvinil tamb\u00e9m destaca a import\u00e2ncia de inserir a brasilidade no cen\u00e1rio global do design. \u201cSeiva de Cajueiro \u00e9 mais do que uma cor, \u00e9 uma homenagem de uma empresa brasileira ao pa\u00eds, \u00e0s suas ra\u00edzes e ao poder transformador da nossa cultura. Queremos que ela inspire projetos que unam identidade e inova\u00e7\u00e3o\u201d, completa Eul\u00e1lia.<\/p>\n","protected":false},"excerpt":{"rendered":"<p>Marca apresenta tamb\u00e9m duas paletas inspiradas na riqueza cultural e natural do Brasil A Qualyvinil, refer\u00eancia nacional em tintas, apresenta sua cor do ano para 2025: Seiva de Cajueiro. Inspirada no cajueiro, \u00e1rvore emblem\u00e1tica do Brasil, a tonalidade celebra a riqueza das nossas origens e refor\u00e7a a conex\u00e3o com a natureza. O tom de amarelo [&hellip;]<\/p>\n","protected":false},"author":1,"featured_media":25052,"comment_status":"open","ping_status":"open","sticky":false,"template":"","format":"standard","meta":{"_uag_custom_page_level_css":"","footnotes":""},"categories":[28],"tags":[1933,27235,26398,11780],"class_list":["post-25051","post","type-post","status-publish","format-standard","has-post-thumbnail","hentry","category-arquitetura","tag-casa-e-decoracao","tag-cores-do-ano-2025","tag-qualyvinil","tag-tintas-imobiliarias"],"blocksy_meta":[],"spectra_blocks_featured_image_url":{"thumbnail":{"url":"https:\/\/construcaocivil.siriusmarketingedesign.com.br\/wp-content\/uploads\/2025\/02\/Ambiente-cor-do-ano-2025-Qualyvinil-2-150x150.png","width":150,"height":150},"medium":{"url":"https:\/\/construcaocivil.siriusmarketingedesign.com.br\/wp-content\/uploads\/2025\/02\/Ambiente-cor-do-ano-2025-Qualyvinil-2-300x169.png","width":300,"height":169},"medium_large":{"url":"https:\/\/construcaocivil.siriusmarketingedesign.com.br\/wp-content\/uploads\/2025\/02\/Ambiente-cor-do-ano-2025-Qualyvinil-2-768x432.png","width":768,"height":432},"large":{"url":"https:\/\/construcaocivil.siriusmarketingedesign.com.br\/wp-content\/uploads\/2025\/02\/Ambiente-cor-do-ano-2025-Qualyvinil-2.png","width":1024,"height":576},"full":{"url":"https:\/\/construcaocivil.siriusmarketingedesign.com.br\/wp-content\/uploads\/2025\/02\/Ambiente-cor-do-ano-2025-Qualyvinil-2.png","width":1024,"height":576}},"spectra_blocks_author_info":{"display_name":"Jornal da Constru\u00e7\u00e3o Civil","avatar_url":"https:\/\/secure.gravatar.com\/avatar\/973c9774fd44ddaceb026973c4962faa70fc512bc4c9da68e8ebb40fecee6540?s=96&d=mm&r=g","author_link":"https:\/\/construcaocivil.siriusmarketingedesign.com.br\/?author=1","description":"Desde de 2013, levando muitas informa\u00e7\u00f5es, lan\u00e7amentos e produtos de qualidade para toda cadeia produtiva da constru\u00e7\u00e3o. O Futuro da constru\u00e7\u00e3o passa por aqui,"},"uagb_featured_image_src":{"full":["https:\/\/construcaocivil.siriusmarketingedesign.com.br\/wp-content\/uploads\/2025\/02\/Ambiente-cor-do-ano-2025-Qualyvinil-2.png",1024,576,false],"thumbnail":["https:\/\/construcaocivil.siriusmarketingedesign.com.br\/wp-content\/uploads\/2025\/02\/Ambiente-cor-do-ano-2025-Qualyvinil-2-150x150.png",150,150,true],"medium":["https:\/\/construcaocivil.siriusmarketingedesign.com.br\/wp-content\/uploads\/2025\/02\/Ambiente-cor-do-ano-2025-Qualyvinil-2-300x169.png",300,169,true],"medium_large":["https:\/\/construcaocivil.siriusmarketingedesign.com.br\/wp-content\/uploads\/2025\/02\/Ambiente-cor-do-ano-2025-Qualyvinil-2-768x432.png",768,432,true],"large":["https:\/\/construcaocivil.siriusmarketingedesign.com.br\/wp-content\/uploads\/2025\/02\/Ambiente-cor-do-ano-2025-Qualyvinil-2.png",1024,576,false],"1536x1536":["https:\/\/construcaocivil.siriusmarketingedesign.com.br\/wp-content\/uploads\/2025\/02\/Ambiente-cor-do-ano-2025-Qualyvinil-2.png",1024,576,false],"2048x2048":["https:\/\/construcaocivil.siriusmarketingedesign.com.br\/wp-content\/uploads\/2025\/02\/Ambiente-cor-do-ano-2025-Qualyvinil-2.png",1024,576,false]},"uagb_author_info":{"display_name":"Jornal da Constru\u00e7\u00e3o Civil","author_link":"https:\/\/construcaocivil.siriusmarketingedesign.com.br\/?author=1"},"uagb_comment_info":0,"uagb_excerpt":"Marca apresenta tamb\u00e9m duas paletas inspiradas na riqueza cultural e natural do Brasil A Qualyvinil, refer\u00eancia nacional em tintas, apresenta sua cor do ano para 2025: Seiva de Cajueiro. Inspirada no cajueiro, \u00e1rvore emblem\u00e1tica do Brasil, a tonalidade celebra a riqueza das nossas origens e refor\u00e7a a conex\u00e3o com a natureza. O tom de amarelo&hellip;","_links":{"self":[{"href":"https:\/\/construcaocivil.siriusmarketingedesign.com.br\/index.php?rest_route=\/wp\/v2\/posts\/25051","targetHints":{"allow":["GET"]}}],"collection":[{"href":"https:\/\/construcaocivil.siriusmarketingedesign.com.br\/index.php?rest_route=\/wp\/v2\/posts"}],"about":[{"href":"https:\/\/construcaocivil.siriusmarketingedesign.com.br\/index.php?rest_route=\/wp\/v2\/types\/post"}],"author":[{"embeddable":true,"href":"https:\/\/construcaocivil.siriusmarketingedesign.com.br\/index.php?rest_route=\/wp\/v2\/users\/1"}],"replies":[{"embeddable":true,"href":"https:\/\/construcaocivil.siriusmarketingedesign.com.br\/index.php?rest_route=%2Fwp%2Fv2%2Fcomments&post=25051"}],"version-history":[{"count":0,"href":"https:\/\/construcaocivil.siriusmarketingedesign.com.br\/index.php?rest_route=\/wp\/v2\/posts\/25051\/revisions"}],"wp:featuredmedia":[{"embeddable":true,"href":"https:\/\/construcaocivil.siriusmarketingedesign.com.br\/index.php?rest_route=\/wp\/v2\/media\/25052"}],"wp:attachment":[{"href":"https:\/\/construcaocivil.siriusmarketingedesign.com.br\/index.php?rest_route=%2Fwp%2Fv2%2Fmedia&parent=25051"}],"wp:term":[{"taxonomy":"category","embeddable":true,"href":"https:\/\/construcaocivil.siriusmarketingedesign.com.br\/index.php?rest_route=%2Fwp%2Fv2%2Fcategories&post=25051"},{"taxonomy":"post_tag","embeddable":true,"href":"https:\/\/construcaocivil.siriusmarketingedesign.com.br\/index.php?rest_route=%2Fwp%2Fv2%2Ftags&post=25051"}],"curies":[{"name":"wp","href":"https:\/\/api.w.org\/{rel}","templated":true}]}}