{"id":25062,"date":"2025-02-09T09:17:48","date_gmt":"2025-02-09T12:17:48","guid":{"rendered":"https:\/\/www.jornaldaconstrucaocivil.com.br\/?p=25062"},"modified":"2025-02-09T09:17:48","modified_gmt":"2025-02-09T12:17:48","slug":"incendio-na-cosan-moove-foi-tragedia-ambiental-anunciada-para-os-moradores-da-ilha-do-governador","status":"publish","type":"post","link":"https:\/\/construcaocivil.siriusmarketingedesign.com.br\/?p=25062","title":{"rendered":"Inc\u00eandio na Cosan Moove foi trag\u00e9dia ambiental anunciada para os moradores da Ilha do Governador"},"content":{"rendered":"<p><strong>Nota \u00e0 imprensa sobre a Trag\u00e9dia anunciada do desastre industrial e tecnol\u00f3gico da perigosa e poluidora COSAN\u00a0<\/strong><\/p>\n<p>&nbsp;<\/p>\n<p>Declara\u00e7\u00e3o do Movimento Ba\u00eda Viva, organiza\u00e7\u00e3o socioambiental fundada em 1984.<\/p>\n<p>&nbsp;<\/p>\n<p>Mais uma trag\u00e9dia anunciada na Ba\u00eda de Guanabara!<\/p>\n<p>&nbsp;<\/p>\n<p>*O Movimento Ba\u00eda Viva protocolou den\u00fancia (Representa\u00e7\u00e3o) em 28\/02\/2019 (portanto h\u00e1 6 anos atr\u00e1s!) atrav\u00e9s de um dossi\u00ea t\u00e9cnico com 55 p\u00e1ginas alertando o Minist\u00e9rio P\u00fablico Estadual que haveria este desastre industrial e tecnol\u00f3gico na f\u00e1brica da perigosa e poluidora COSAN, localizada ilegalmente no bairro residencial da Ribeira, na Ilha do Governador. Nenhuma provid\u00eancia efetiva foi adotada at\u00e9 agora!!<\/p>\n<p>Enviei seu email que encaminharemos a documenta\u00e7\u00e3o sobre o Inqu\u00e9rito Civil do Minist\u00e9rio P\u00fablico Estadual em que o INEA e prefeitura do Rio de Janeiro afirmam que a empresa est\u00e1 funcionando legalmente, apesar de representar um gigantesco risco \u00e0 vida de milhares de insulanos e ao patrim\u00f4nio ambiental e biodiversidade da Ba\u00eda de Guanabara!<\/p>\n<p>&nbsp;<\/p>\n","protected":false},"excerpt":{"rendered":"<p>Nota \u00e0 imprensa sobre a Trag\u00e9dia anunciada do desastre industrial e tecnol\u00f3gico da perigosa e poluidora COSAN\u00a0 &nbsp; Declara\u00e7\u00e3o do Movimento Ba\u00eda Viva, organiza\u00e7\u00e3o socioambiental fundada em 1984. &nbsp; Mais uma trag\u00e9dia anunciada na Ba\u00eda de Guanabara! &nbsp; *O Movimento Ba\u00eda Viva protocolou den\u00fancia (Representa\u00e7\u00e3o) em 28\/02\/2019 (portanto h\u00e1 6 anos atr\u00e1s!) atrav\u00e9s de um [&hellip;]<\/p>\n","protected":false},"author":1,"featured_media":25063,"comment_status":"open","ping_status":"open","sticky":false,"template":"","format":"standard","meta":{"_uag_custom_page_level_css":"","footnotes":""},"categories":[31],"tags":[27239,3193,5887,7922,27240,10375],"class_list":["post-25062","post","type-post","status-publish","format-standard","has-post-thumbnail","hentry","category-infraestrutura","tag-cosan-incendio","tag-crime-ambiental","tag-ilha-do-governador","tag-movimento-baia-viva","tag-oleo-e-lubrificantes","tag-rio-de-janeiro"],"blocksy_meta":[],"spectra_blocks_featured_image_url":{"thumbnail":{"url":"https:\/\/construcaocivil.siriusmarketingedesign.com.br\/wp-content\/uploads\/2025\/02\/unnamed-4-150x150.png","width":150,"height":150},"medium":{"url":"https:\/\/construcaocivil.siriusmarketingedesign.com.br\/wp-content\/uploads\/2025\/02\/unnamed-4-300x225.png","width":300,"height":225},"medium_large":{"url":"https:\/\/construcaocivil.siriusmarketingedesign.com.br\/wp-content\/uploads\/2025\/02\/unnamed-4-768x576.png","width":768,"height":576},"large":{"url":"https:\/\/construcaocivil.siriusmarketingedesign.com.br\/wp-content\/uploads\/2025\/02\/unnamed-4.png","width":816,"height":612},"full":{"url":"https:\/\/construcaocivil.siriusmarketingedesign.com.br\/wp-content\/uploads\/2025\/02\/unnamed-4.png","width":816,"height":612}},"spectra_blocks_author_info":{"display_name":"Jornal da Constru\u00e7\u00e3o Civil","avatar_url":"https:\/\/secure.gravatar.com\/avatar\/973c9774fd44ddaceb026973c4962faa70fc512bc4c9da68e8ebb40fecee6540?s=96&d=mm&r=g","author_link":"https:\/\/construcaocivil.siriusmarketingedesign.com.br\/?author=1","description":"Desde de 2013, levando muitas informa\u00e7\u00f5es, lan\u00e7amentos e produtos de qualidade para toda cadeia produtiva da constru\u00e7\u00e3o. O Futuro da constru\u00e7\u00e3o passa por aqui,"},"uagb_featured_image_src":{"full":["https:\/\/construcaocivil.siriusmarketingedesign.com.br\/wp-content\/uploads\/2025\/02\/unnamed-4.png",816,612,false],"thumbnail":["https:\/\/construcaocivil.siriusmarketingedesign.com.br\/wp-content\/uploads\/2025\/02\/unnamed-4-150x150.png",150,150,true],"medium":["https:\/\/construcaocivil.siriusmarketingedesign.com.br\/wp-content\/uploads\/2025\/02\/unnamed-4-300x225.png",300,225,true],"medium_large":["https:\/\/construcaocivil.siriusmarketingedesign.com.br\/wp-content\/uploads\/2025\/02\/unnamed-4-768x576.png",768,576,true],"large":["https:\/\/construcaocivil.siriusmarketingedesign.com.br\/wp-content\/uploads\/2025\/02\/unnamed-4.png",816,612,false],"1536x1536":["https:\/\/construcaocivil.siriusmarketingedesign.com.br\/wp-content\/uploads\/2025\/02\/unnamed-4.png",816,612,false],"2048x2048":["https:\/\/construcaocivil.siriusmarketingedesign.com.br\/wp-content\/uploads\/2025\/02\/unnamed-4.png",816,612,false]},"uagb_author_info":{"display_name":"Jornal da Constru\u00e7\u00e3o Civil","author_link":"https:\/\/construcaocivil.siriusmarketingedesign.com.br\/?author=1"},"uagb_comment_info":0,"uagb_excerpt":"Nota \u00e0 imprensa sobre a Trag\u00e9dia anunciada do desastre industrial e tecnol\u00f3gico da perigosa e poluidora COSAN\u00a0 &nbsp; Declara\u00e7\u00e3o do Movimento Ba\u00eda Viva, organiza\u00e7\u00e3o socioambiental fundada em 1984. &nbsp; Mais uma trag\u00e9dia anunciada na Ba\u00eda de Guanabara! &nbsp; *O Movimento Ba\u00eda Viva protocolou den\u00fancia (Representa\u00e7\u00e3o) em 28\/02\/2019 (portanto h\u00e1 6 anos atr\u00e1s!) atrav\u00e9s de um&hellip;","_links":{"self":[{"href":"https:\/\/construcaocivil.siriusmarketingedesign.com.br\/index.php?rest_route=\/wp\/v2\/posts\/25062","targetHints":{"allow":["GET"]}}],"collection":[{"href":"https:\/\/construcaocivil.siriusmarketingedesign.com.br\/index.php?rest_route=\/wp\/v2\/posts"}],"about":[{"href":"https:\/\/construcaocivil.siriusmarketingedesign.com.br\/index.php?rest_route=\/wp\/v2\/types\/post"}],"author":[{"embeddable":true,"href":"https:\/\/construcaocivil.siriusmarketingedesign.com.br\/index.php?rest_route=\/wp\/v2\/users\/1"}],"replies":[{"embeddable":true,"href":"https:\/\/construcaocivil.siriusmarketingedesign.com.br\/index.php?rest_route=%2Fwp%2Fv2%2Fcomments&post=25062"}],"version-history":[{"count":0,"href":"https:\/\/construcaocivil.siriusmarketingedesign.com.br\/index.php?rest_route=\/wp\/v2\/posts\/25062\/revisions"}],"wp:featuredmedia":[{"embeddable":true,"href":"https:\/\/construcaocivil.siriusmarketingedesign.com.br\/index.php?rest_route=\/wp\/v2\/media\/25063"}],"wp:attachment":[{"href":"https:\/\/construcaocivil.siriusmarketingedesign.com.br\/index.php?rest_route=%2Fwp%2Fv2%2Fmedia&parent=25062"}],"wp:term":[{"taxonomy":"category","embeddable":true,"href":"https:\/\/construcaocivil.siriusmarketingedesign.com.br\/index.php?rest_route=%2Fwp%2Fv2%2Fcategories&post=25062"},{"taxonomy":"post_tag","embeddable":true,"href":"https:\/\/construcaocivil.siriusmarketingedesign.com.br\/index.php?rest_route=%2Fwp%2Fv2%2Ftags&post=25062"}],"curies":[{"name":"wp","href":"https:\/\/api.w.org\/{rel}","templated":true}]}}