{"id":25094,"date":"2025-02-12T14:45:15","date_gmt":"2025-02-12T17:45:15","guid":{"rendered":"https:\/\/www.jornaldaconstrucaocivil.com.br\/?p=25094"},"modified":"2025-02-12T14:45:15","modified_gmt":"2025-02-12T17:45:15","slug":"jcb-anuncia-novo-diretor-de-vendas-e-marketing-para-a-america-latina","status":"publish","type":"post","link":"https:\/\/construcaocivil.siriusmarketingedesign.com.br\/?p=25094","title":{"rendered":"JCB anuncia novo Diretor de Vendas e Marketing para a Am\u00e9rica Latina"},"content":{"rendered":"<p style=\"text-align: justify;\"><strong>Sorocaba, 12 de fevereiro de 2025 &#8211;<\/strong>\u00a0A JCB, multinacional de origem brit\u00e2nica e uma das l\u00edderes mundiais em m\u00e1quinas de constru\u00e7\u00e3o e agr\u00edcolas, anuncia Carlos Fran\u00e7a como novo Diretor de Vendas e Marketing para a Am\u00e9rica Latina.<\/p>\n<p style=\"text-align: justify;\">\n<p style=\"text-align: justify;\">Com mais de 20 anos de atua\u00e7\u00e3o no setor, Fran\u00e7a tem uma vasta experi\u00eancia adquirida em diversas posi\u00e7\u00f5es estrat\u00e9gicas no grupo CNH. \u00c9 graduado em Administra\u00e7\u00e3o de Empresas, com MBA em Marketing pela Funda\u00e7\u00e3o Dom Cabral, com expertise nas \u00e1reas de vendas, desenvolvimento de produtos, estrat\u00e9gia de marca e expans\u00e3o de redes de distribuidores.<\/p>\n<p style=\"text-align: justify;\">\n<p style=\"text-align: justify;\">&#8220;\u00c9 uma grande satisfa\u00e7\u00e3o integrar a equipe da JCB e contribuir neste importante momento de forte crescimento da marca na Am\u00e9rica Latina, ante aos recentes an\u00fancios de investimentos na moderniza\u00e7\u00e3o da f\u00e1brica em Sorocaba\/SP, no lan\u00e7amento de novos produtos e na expans\u00e3o da rede de distribuidores. Trabalharemos juntos para a consolida\u00e7\u00e3o da posi\u00e7\u00e3o de destaque da JCB na regi\u00e3o&#8221;, destaca Carlos Fran\u00e7a.<\/p>\n<p style=\"text-align: justify;\">\n<p style=\"text-align: justify;\">&#8220;A chegada do Carlos refor\u00e7a o compromisso da JCB em seguir crescendo na regi\u00e3o, fortalecendo nossa presen\u00e7a e atua\u00e7\u00e3o no mercado latino-americano. Sua ampla experi\u00eancia e vis\u00e3o estrat\u00e9gica ser\u00e3o essenciais para estreitar ainda mais nosso o relacionamento com clientes e distribuidores, al\u00e9m de impulsionar novos neg\u00f3cios na regi\u00e3o&#8221;, afirmou Adriano Merigli, Presidente da JCB Am\u00e9rica Latina.<\/p>\n","protected":false},"excerpt":{"rendered":"<p>Sorocaba, 12 de fevereiro de 2025 &#8211;\u00a0A JCB, multinacional de origem brit\u00e2nica e uma das l\u00edderes mundiais em m\u00e1quinas de constru\u00e7\u00e3o e agr\u00edcolas, anuncia Carlos Fran\u00e7a como novo Diretor de Vendas e Marketing para a Am\u00e9rica Latina. Com mais de 20 anos de atua\u00e7\u00e3o no setor, Fran\u00e7a tem uma vasta experi\u00eancia adquirida em diversas posi\u00e7\u00f5es [&hellip;]<\/p>\n","protected":false},"author":1,"featured_media":25095,"comment_status":"open","ping_status":"open","sticky":false,"template":"","format":"standard","meta":{"_uag_custom_page_level_css":"","footnotes":""},"categories":[32],"tags":[27258,7232,14923,11379],"class_list":["post-25094","post","type-post","status-publish","format-standard","has-post-thumbnail","hentry","category-maquinas-e-equipamentos","tag-jcb-maquinas-construcao","tag-maquinas-pesadas","tag-pecas-e-acessorios","tag-sorocaba-sp"],"blocksy_meta":[],"spectra_blocks_featured_image_url":{"thumbnail":{"url":"https:\/\/construcaocivil.siriusmarketingedesign.com.br\/wp-content\/uploads\/2025\/02\/handler-4-150x150.jpg","width":150,"height":150},"medium":{"url":"https:\/\/construcaocivil.siriusmarketingedesign.com.br\/wp-content\/uploads\/2025\/02\/handler-4-200x300.jpg","width":200,"height":300},"medium_large":{"url":"https:\/\/construcaocivil.siriusmarketingedesign.com.br\/wp-content\/uploads\/2025\/02\/handler-4-768x1152.jpg","width":768,"height":1152},"large":{"url":"https:\/\/construcaocivil.siriusmarketingedesign.com.br\/wp-content\/uploads\/2025\/02\/handler-4-683x1024.jpg","width":683,"height":1024},"full":{"url":"https:\/\/construcaocivil.siriusmarketingedesign.com.br\/wp-content\/uploads\/2025\/02\/handler-4.jpg","width":800,"height":1200}},"spectra_blocks_author_info":{"display_name":"Jornal da Constru\u00e7\u00e3o Civil","avatar_url":"https:\/\/secure.gravatar.com\/avatar\/973c9774fd44ddaceb026973c4962faa70fc512bc4c9da68e8ebb40fecee6540?s=96&d=mm&r=g","author_link":"https:\/\/construcaocivil.siriusmarketingedesign.com.br\/?author=1","description":"Desde de 2013, levando muitas informa\u00e7\u00f5es, lan\u00e7amentos e produtos de qualidade para toda cadeia produtiva da constru\u00e7\u00e3o. O Futuro da constru\u00e7\u00e3o passa por aqui,"},"uagb_featured_image_src":{"full":["https:\/\/construcaocivil.siriusmarketingedesign.com.br\/wp-content\/uploads\/2025\/02\/handler-4.jpg",800,1200,false],"thumbnail":["https:\/\/construcaocivil.siriusmarketingedesign.com.br\/wp-content\/uploads\/2025\/02\/handler-4-150x150.jpg",150,150,true],"medium":["https:\/\/construcaocivil.siriusmarketingedesign.com.br\/wp-content\/uploads\/2025\/02\/handler-4-200x300.jpg",200,300,true],"medium_large":["https:\/\/construcaocivil.siriusmarketingedesign.com.br\/wp-content\/uploads\/2025\/02\/handler-4-768x1152.jpg",768,1152,true],"large":["https:\/\/construcaocivil.siriusmarketingedesign.com.br\/wp-content\/uploads\/2025\/02\/handler-4-683x1024.jpg",683,1024,true],"1536x1536":["https:\/\/construcaocivil.siriusmarketingedesign.com.br\/wp-content\/uploads\/2025\/02\/handler-4.jpg",800,1200,false],"2048x2048":["https:\/\/construcaocivil.siriusmarketingedesign.com.br\/wp-content\/uploads\/2025\/02\/handler-4.jpg",800,1200,false]},"uagb_author_info":{"display_name":"Jornal da Constru\u00e7\u00e3o Civil","author_link":"https:\/\/construcaocivil.siriusmarketingedesign.com.br\/?author=1"},"uagb_comment_info":0,"uagb_excerpt":"Sorocaba, 12 de fevereiro de 2025 &#8211;\u00a0A JCB, multinacional de origem brit\u00e2nica e uma das l\u00edderes mundiais em m\u00e1quinas de constru\u00e7\u00e3o e agr\u00edcolas, anuncia Carlos Fran\u00e7a como novo Diretor de Vendas e Marketing para a Am\u00e9rica Latina. Com mais de 20 anos de atua\u00e7\u00e3o no setor, Fran\u00e7a tem uma vasta experi\u00eancia adquirida em diversas posi\u00e7\u00f5es&hellip;","_links":{"self":[{"href":"https:\/\/construcaocivil.siriusmarketingedesign.com.br\/index.php?rest_route=\/wp\/v2\/posts\/25094","targetHints":{"allow":["GET"]}}],"collection":[{"href":"https:\/\/construcaocivil.siriusmarketingedesign.com.br\/index.php?rest_route=\/wp\/v2\/posts"}],"about":[{"href":"https:\/\/construcaocivil.siriusmarketingedesign.com.br\/index.php?rest_route=\/wp\/v2\/types\/post"}],"author":[{"embeddable":true,"href":"https:\/\/construcaocivil.siriusmarketingedesign.com.br\/index.php?rest_route=\/wp\/v2\/users\/1"}],"replies":[{"embeddable":true,"href":"https:\/\/construcaocivil.siriusmarketingedesign.com.br\/index.php?rest_route=%2Fwp%2Fv2%2Fcomments&post=25094"}],"version-history":[{"count":0,"href":"https:\/\/construcaocivil.siriusmarketingedesign.com.br\/index.php?rest_route=\/wp\/v2\/posts\/25094\/revisions"}],"wp:featuredmedia":[{"embeddable":true,"href":"https:\/\/construcaocivil.siriusmarketingedesign.com.br\/index.php?rest_route=\/wp\/v2\/media\/25095"}],"wp:attachment":[{"href":"https:\/\/construcaocivil.siriusmarketingedesign.com.br\/index.php?rest_route=%2Fwp%2Fv2%2Fmedia&parent=25094"}],"wp:term":[{"taxonomy":"category","embeddable":true,"href":"https:\/\/construcaocivil.siriusmarketingedesign.com.br\/index.php?rest_route=%2Fwp%2Fv2%2Fcategories&post=25094"},{"taxonomy":"post_tag","embeddable":true,"href":"https:\/\/construcaocivil.siriusmarketingedesign.com.br\/index.php?rest_route=%2Fwp%2Fv2%2Ftags&post=25094"}],"curies":[{"name":"wp","href":"https:\/\/api.w.org\/{rel}","templated":true}]}}