{"id":25109,"date":"2025-02-14T00:17:06","date_gmt":"2025-02-14T03:17:06","guid":{"rendered":"https:\/\/www.jornaldaconstrucaocivil.com.br\/?p=25109"},"modified":"2025-02-14T00:17:06","modified_gmt":"2025-02-14T03:17:06","slug":"gisele-de-paula-a-arquitetura-de-raizes-negras-que-conquista-o-mundo","status":"publish","type":"post","link":"https:\/\/construcaocivil.siriusmarketingedesign.com.br\/?p=25109","title":{"rendered":"Gisele de Paula: A arquitetura de ra\u00edzes negras que conquista o mundo"},"content":{"rendered":"<div dir=\"ltr\">\n<div>\n<p dir=\"ltr\" style=\"text-align: justify;\">Arquiteta nascida no Complexo de S\u00e3o Carlos, no Rio, \u00e9 uma das pioneiras a levar as novas narrativas negras para o mundo da arte e arquitetura.<\/p>\n<p dir=\"ltr\" style=\"text-align: justify;\">A constru\u00e7\u00e3o de novos caminhos que saem da favela e chegam ao mundo, assim como a cria\u00e7\u00e3o de um novo olhar sobre a arte com as novas narrativas pretas, fazem parte da trajet\u00f3ria da arquiteta Gisele de Paula. Com uma carreira consolidada na arquitetura de expografia, Gisele prepara-se para desafios importantes em 2025, incluindo a exposi\u00e7\u00e3o Gordon Parks no Instituto Moreira Salles, prevista para este ano, e a exposi\u00e7\u00e3o inaugural do Museu Vila de Vassouras. Em mar\u00e7o, Gisele embarca para a Filad\u00e9lfia, nos Estados Unidos, para compartilhar sua arte em palestras, ampliando a presen\u00e7a da arquitetura expogr\u00e1fica preta em circuitos internacionais.<\/p>\n<p dir=\"ltr\" style=\"text-align: justify;\">Em abril de 2024, Gisele participou da exposi\u00e7\u00e3o Atl\u00e2ntico Vermelho na sede da Organiza\u00e7\u00e3o das Na\u00e7\u00f5es Unidas (ONU) em Genebra, Su\u00ed\u00e7a. A mostra, que contou com 60 obras de 22 artistas negros brasileiros, ocorreu durante o 3\u00ba F\u00f3rum Permanente de Afrodescendentes da ONU. A exposi\u00e7\u00e3o foi uma a\u00e7\u00e3o conjunta entre o Instituto Luiz Gama, a ONG Paramar e o Instituto Guimar\u00e3es Rosa, com co-realiza\u00e7\u00e3o do Museu de Arte do Rio (MAR) e da Organiza\u00e7\u00e3o de Estados Ibero-americanos.<\/p>\n<p dir=\"ltr\" style=\"text-align: justify;\">A exposi\u00e7\u00e3o Atl\u00e2ntico Vermelho \u00e9 especialmente significativa, pois est\u00e1 alinhada com o Projeto de Lei n\u00ba 1.928, de 2024, que visa regulamentar a profiss\u00e3o de artista visual no Brasil. O PL 1.928\/2024 busca reconhecer e valorizar os profissionais das artes visuais, garantindo-lhes direitos fundamentais, como acesso \u00e0 previd\u00eancia social, condi\u00e7\u00f5es dignas de trabalho e remunera\u00e7\u00e3o justa.<\/p>\n<p dir=\"ltr\" style=\"text-align: justify;\">Nascida e criada no Complexo do S\u00e3o Carlos, no Centro do Rio de Janeiro, Gisele, aos 35 anos, tem consolidado uma trajet\u00f3ria profissional que ultrapassa fronteiras, acumulando experi\u00eancias nos Estados Unidos e em capitais europeias, como Paris e Roma. &#8220;\u00c9 fundamental lembrar que um dia eu fui aquela menina da favela, para nunca esquecer minhas ra\u00edzes e para que as crian\u00e7as de l\u00e1 vejam que \u00e9 poss\u00edvel&#8230; Eu n\u00e3o brotei de repente, eu me preparei muito para viver tudo isso e levar para fora a constru\u00e7\u00e3o de novas narrativas que podem romper esse gargalo racial&#8221;, afirmou a arquiteta, que atualmente reside em Niter\u00f3i.<\/p>\n<p dir=\"ltr\" style=\"text-align: justify;\">Ao longo de cinco anos de trabalho, Gisele projetou 200 exposi\u00e7\u00f5es, das quais 105 foram executadas e ainda est\u00e3o em exibi\u00e7\u00e3o em cinco estados do pa\u00eds. &#8220;Ser uma mulher negra arquiteta de expografia e estar nesses espa\u00e7os, trazendo uma nova narrativa para a arte e para a arquitetura, \u00e9 uma grande conquista. Meu primeiro contato com a arquitetura foi atrav\u00e9s de um programa que urbanizou as comunidades do Rio de Janeiro. A partir da\u00ed, percebi que era poss\u00edvel transformar espa\u00e7os e criar novos significados para a arte negra no Brasil e no mundo. Poder estar ao lado de outros grandes nomes construindo essas possibilidades \u00e9 de um valor imensur\u00e1vel&#8221;, afirmou.<\/p>\n<p dir=\"ltr\" style=\"text-align: justify;\">A constru\u00e7\u00e3o com afeto, que marcou tamb\u00e9m os trabalhos realizados no Museu de Arte do Rio (MAR), abriu portas para os 26 voos realizados em 2024, em uma retrospectiva de sua trajet\u00f3ria. Esse percurso garantiu novas oportunidades no MAR, onde Gisele j\u00e1 tem mais duas exposi\u00e7\u00f5es previstas para este ano, abordando a arte diasp\u00f3rica como uma refer\u00eancia ancestral.<\/p>\n<\/div>\n<\/div>\n","protected":false},"excerpt":{"rendered":"<p>Arquiteta nascida no Complexo de S\u00e3o Carlos, no Rio, \u00e9 uma das pioneiras a levar as novas narrativas negras para o mundo da arte e arquitetura. A constru\u00e7\u00e3o de novos caminhos que saem da favela e chegam ao mundo, assim como a cria\u00e7\u00e3o de um novo olhar sobre a arte com as novas narrativas pretas, [&hellip;]<\/p>\n","protected":false},"author":1,"featured_media":25110,"comment_status":"open","ping_status":"open","sticky":false,"template":"","format":"standard","meta":{"_uag_custom_page_level_css":"","footnotes":""},"categories":[28],"tags":[27262,923,27263,8446,27261],"class_list":["post-25109","post","type-post","status-publish","format-standard","has-post-thumbnail","hentry","category-arquitetura","tag-arquitetura-cidades-integradas","tag-arquitetura-e-urbanismo","tag-morro-de-carlos-rj","tag-onu","tag-raizesnegras"],"blocksy_meta":[],"spectra_blocks_featured_image_url":{"thumbnail":{"url":"https:\/\/construcaocivil.siriusmarketingedesign.com.br\/wp-content\/uploads\/2025\/02\/MG_0683-150x150.jpg","width":150,"height":150},"medium":{"url":"https:\/\/construcaocivil.siriusmarketingedesign.com.br\/wp-content\/uploads\/2025\/02\/MG_0683-200x300.jpg","width":200,"height":300},"medium_large":{"url":"https:\/\/construcaocivil.siriusmarketingedesign.com.br\/wp-content\/uploads\/2025\/02\/MG_0683-768x1152.jpg","width":768,"height":1152},"large":{"url":"https:\/\/construcaocivil.siriusmarketingedesign.com.br\/wp-content\/uploads\/2025\/02\/MG_0683-683x1024.jpg","width":683,"height":1024},"full":{"url":"https:\/\/construcaocivil.siriusmarketingedesign.com.br\/wp-content\/uploads\/2025\/02\/MG_0683-scaled.jpg","width":1707,"height":2560}},"spectra_blocks_author_info":{"display_name":"Jornal da Constru\u00e7\u00e3o Civil","avatar_url":"https:\/\/secure.gravatar.com\/avatar\/973c9774fd44ddaceb026973c4962faa70fc512bc4c9da68e8ebb40fecee6540?s=96&d=mm&r=g","author_link":"https:\/\/construcaocivil.siriusmarketingedesign.com.br\/?author=1","description":"Desde de 2013, levando muitas informa\u00e7\u00f5es, lan\u00e7amentos e produtos de qualidade para toda cadeia produtiva da constru\u00e7\u00e3o. O Futuro da constru\u00e7\u00e3o passa por aqui,"},"uagb_featured_image_src":{"full":["https:\/\/construcaocivil.siriusmarketingedesign.com.br\/wp-content\/uploads\/2025\/02\/MG_0683-scaled.jpg",1707,2560,false],"thumbnail":["https:\/\/construcaocivil.siriusmarketingedesign.com.br\/wp-content\/uploads\/2025\/02\/MG_0683-150x150.jpg",150,150,true],"medium":["https:\/\/construcaocivil.siriusmarketingedesign.com.br\/wp-content\/uploads\/2025\/02\/MG_0683-200x300.jpg",200,300,true],"medium_large":["https:\/\/construcaocivil.siriusmarketingedesign.com.br\/wp-content\/uploads\/2025\/02\/MG_0683-768x1152.jpg",768,1152,true],"large":["https:\/\/construcaocivil.siriusmarketingedesign.com.br\/wp-content\/uploads\/2025\/02\/MG_0683-683x1024.jpg",683,1024,true],"1536x1536":["https:\/\/construcaocivil.siriusmarketingedesign.com.br\/wp-content\/uploads\/2025\/02\/MG_0683-1024x1536.jpg",1024,1536,true],"2048x2048":["https:\/\/construcaocivil.siriusmarketingedesign.com.br\/wp-content\/uploads\/2025\/02\/MG_0683-1365x2048.jpg",1365,2048,true]},"uagb_author_info":{"display_name":"Jornal da Constru\u00e7\u00e3o Civil","author_link":"https:\/\/construcaocivil.siriusmarketingedesign.com.br\/?author=1"},"uagb_comment_info":0,"uagb_excerpt":"Arquiteta nascida no Complexo de S\u00e3o Carlos, no Rio, \u00e9 uma das pioneiras a levar as novas narrativas negras para o mundo da arte e arquitetura. A constru\u00e7\u00e3o de novos caminhos que saem da favela e chegam ao mundo, assim como a cria\u00e7\u00e3o de um novo olhar sobre a arte com as novas narrativas pretas,&hellip;","_links":{"self":[{"href":"https:\/\/construcaocivil.siriusmarketingedesign.com.br\/index.php?rest_route=\/wp\/v2\/posts\/25109","targetHints":{"allow":["GET"]}}],"collection":[{"href":"https:\/\/construcaocivil.siriusmarketingedesign.com.br\/index.php?rest_route=\/wp\/v2\/posts"}],"about":[{"href":"https:\/\/construcaocivil.siriusmarketingedesign.com.br\/index.php?rest_route=\/wp\/v2\/types\/post"}],"author":[{"embeddable":true,"href":"https:\/\/construcaocivil.siriusmarketingedesign.com.br\/index.php?rest_route=\/wp\/v2\/users\/1"}],"replies":[{"embeddable":true,"href":"https:\/\/construcaocivil.siriusmarketingedesign.com.br\/index.php?rest_route=%2Fwp%2Fv2%2Fcomments&post=25109"}],"version-history":[{"count":0,"href":"https:\/\/construcaocivil.siriusmarketingedesign.com.br\/index.php?rest_route=\/wp\/v2\/posts\/25109\/revisions"}],"wp:featuredmedia":[{"embeddable":true,"href":"https:\/\/construcaocivil.siriusmarketingedesign.com.br\/index.php?rest_route=\/wp\/v2\/media\/25110"}],"wp:attachment":[{"href":"https:\/\/construcaocivil.siriusmarketingedesign.com.br\/index.php?rest_route=%2Fwp%2Fv2%2Fmedia&parent=25109"}],"wp:term":[{"taxonomy":"category","embeddable":true,"href":"https:\/\/construcaocivil.siriusmarketingedesign.com.br\/index.php?rest_route=%2Fwp%2Fv2%2Fcategories&post=25109"},{"taxonomy":"post_tag","embeddable":true,"href":"https:\/\/construcaocivil.siriusmarketingedesign.com.br\/index.php?rest_route=%2Fwp%2Fv2%2Ftags&post=25109"}],"curies":[{"name":"wp","href":"https:\/\/api.w.org\/{rel}","templated":true}]}}