{"id":25232,"date":"2025-03-10T00:18:17","date_gmt":"2025-03-10T03:18:17","guid":{"rendered":"https:\/\/www.jornaldaconstrucaocivil.com.br\/?p=25232"},"modified":"2025-03-10T00:18:17","modified_gmt":"2025-03-10T03:18:17","slug":"roca-oferece-tours-guiados-e-programacao-de-eventos-na-dw-2025","status":"publish","type":"post","link":"https:\/\/construcaocivil.siriusmarketingedesign.com.br\/?p=25232","title":{"rendered":"Roca oferece tours guiados e programa\u00e7\u00e3o de eventos na DW! 2025"},"content":{"rendered":"<p style=\"text-align: justify;\">A\u00a0<strong>Roca<\/strong>, refer\u00eancia global em lou\u00e7as e metais para banheiros e cozinhas, participa da\u00a0<strong>DW! Semana de Design de S\u00e3o Paulo 2025\u00a0<\/strong>pelo quarto ano consecutivo. A\u00a0<strong>14\u00aa edi\u00e7\u00e3o\u00a0<\/strong>do maior festival urbano de arquitetura, design e interiores do Brasil<strong>\u00a0acontece de 10 a 16 de mar\u00e7o<\/strong>, com centenas de eventos simult\u00e2neos paralelamente \u00e0 Expo Revestir e \u00e0 Haus Decor, celebrando o design autoral, ideias inovadoras, a economia criativa em todas as escalas, do objeto \u00e0 cidade.<\/p>\n<p style=\"text-align: justify;\">As ativa\u00e7\u00f5es preparadas pela marca acontecem no ic\u00f4nico Roca S\u00e3o Paulo Gallery &#8211; projetado pela arquiteta Fernanda Marques, com paisagismo de Alex Hanazaki &#8211; que ser\u00e1 palco para novas cole\u00e7\u00f5es nacionais e globais de lou\u00e7as e metais sanit\u00e1rios, al\u00e9m de proporcionar a experi\u00eancia exclusiva de um tour guiado pelo espa\u00e7o.<\/p>\n<p style=\"text-align: justify;\">Os tours est\u00e3o programados para acontecer de hora em hora, de 10 a 14 de mar\u00e7o, a partir das 10 horas. A apresenta\u00e7\u00e3o inclui uma imers\u00e3o pelo espa\u00e7o al\u00e9m de explorar as inova\u00e7\u00f5es e tecnologias criadas pela Roca para as novas cole\u00e7\u00f5es da marca.<\/p>\n<p style=\"text-align: justify;\">No dia 12, quarta-feira, das 13h \u00e0s 14h, haver\u00e1 o talk em parceria com o Club&amp;Casa Design, com Adriano Tadeu Barbosa, comunicador especialista em mercado de luxo focado em Arquitetura, Design, Mercado Imobili\u00e1rio, Arte e Cultura, e autor do Livro Marketing Pessoal. E para encerrar o dia, das 18h \u00e0s 20h, um Happy Hour ser\u00e1 oferecido (n\u00e3o \u00e9 necess\u00e1rio agendamento pr\u00e9vio).<\/p>\n<p style=\"text-align: justify;\">J\u00e1 na quinta-feira, dia 13, das 13h \u00e0s 14h, ser\u00e1 promovido um talk com Bruno Moraes, tamb\u00e9m em parceria com o Club&amp;Casa Design. O arquiteto do BMA Studio atua nas \u00e1reas de gerenciamento e execu\u00e7\u00e3o de obras, concep\u00e7\u00e3o de projetos de casas, reforma de apartamentos, retrofits, espa\u00e7os corporativos e \u00e1reas comuns de edif\u00edcios e compartilhar\u00e1 seus principais aprendizados com os visitantes. A agenda do dia ser\u00e1 encerrada o Coquetel Arq &amp; Decor, das 18h \u00e0s 21h (inscri\u00e7\u00e3o necess\u00e1ria).<\/p>\n<p style=\"text-align: justify;\">Por fim, em comemora\u00e7\u00e3o ao dia Mundial da \u00c1gua, o Roca S\u00e3o Paulo Gallery vai sediar a exposi\u00e7\u00e3o\u00a0<em>\u00c1guas Brasil<\/em>, feita pelo fotodocumentarista \u00c9rico Hiller, que tamb\u00e9m lan\u00e7a livro com mesmo nome. Com um olhar sens\u00edvel e profundo, a exposi\u00e7\u00e3o\u00a0<em>\u00c1gua Brasil<\/em>\u00a0documenta a grave crise h\u00eddrica que assola o pa\u00eds, mostrando, por meio da fotografia e de depoimentos dos retratados, as popula\u00e7\u00f5es mais afetadas pela escassez de \u00e1gua pot\u00e1vel e suas consequ\u00eancias no cotidiano dessas comunidades. Este evento, que acontece entre os dias 10 de mar\u00e7o e 5 de abril \u00e9 apoiado pela We Are Water Foundation no Brasil, iniciativa do Grupo Roca.<\/p>\n<p style=\"text-align: justify;\"><strong>ROCA NA DW! 2025<\/strong><\/p>\n<p style=\"text-align: justify;\"><strong>Roca S\u00e3o Paulo Gallery:\u00a0<\/strong>Avenida Brasil, 2188 \u2013 Jardim Am\u00e9rica \u2013 S\u00e3o Paulo<\/p>\n<p style=\"text-align: justify;\"><strong>Data:<\/strong>\u00a010 a 14 de mar\u00e7o, das 10h \u00e0s 19h<\/p>\n<p style=\"text-align: justify;\"><strong>Inscri\u00e7\u00f4es:<\/strong><\/p>\n<ul style=\"text-align: justify;\">\n<li><strong>12\/3: Talk com Adriano Tadeu Barbosa:\u00a0<\/strong><a href=\"https:\/\/lu.ma\/nlerxmy5\" target=\"_blank\" rel=\"noopener noreferrer\">https:\/\/lu.ma\/nlerxmy5<\/a><\/li>\n<li><strong>13\/3: Talk com Bruno Moraes:\u00a0<\/strong><a href=\"https:\/\/lu.ma\/jlqxq934\" target=\"_blank\" rel=\"noopener noreferrer\">https:\/\/lu.ma\/jlqxq934<\/a><\/li>\n<li><strong>13\/3 Coquetel Arq &amp; Decor:\u00a0<\/strong><a href=\"https:\/\/lu.ma\/d63uc84v\" target=\"_blank\" rel=\"noopener noreferrer\">https:\/\/lu.ma\/d63uc84v<\/a><\/li>\n<\/ul>\n<p style=\"text-align: justify;\">J\u00e1 a exposi\u00e7\u00e3o \u00c1guas Brasil acontecer\u00e1 entre 10\/3 e 5\/4 e n\u00e3o \u00e9 necess\u00e1rio agendamento pr\u00e9vio.<\/p>\n","protected":false},"excerpt":{"rendered":"<p>A\u00a0Roca, refer\u00eancia global em lou\u00e7as e metais para banheiros e cozinhas, participa da\u00a0DW! Semana de Design de S\u00e3o Paulo 2025\u00a0pelo quarto ano consecutivo. A\u00a014\u00aa edi\u00e7\u00e3o\u00a0do maior festival urbano de arquitetura, design e interiores do Brasil\u00a0acontece de 10 a 16 de mar\u00e7o, com centenas de eventos simult\u00e2neos paralelamente \u00e0 Expo Revestir e \u00e0 Haus Decor, celebrando [&hellip;]<\/p>\n","protected":false},"author":1,"featured_media":25233,"comment_status":"open","ping_status":"open","sticky":false,"template":"","format":"standard","meta":{"_uag_custom_page_level_css":"","footnotes":""},"categories":[28],"tags":[27319,27322,27323,27321,27320],"class_list":["post-25232","post","type-post","status-publish","format-standard","has-post-thumbnail","hentry","category-arquitetura","tag-dw-2025","tag-expo-revestir-2025","tag-haus-decor","tag-pisose-revestimentos","tag-roca"],"blocksy_meta":[],"spectra_blocks_featured_image_url":{"thumbnail":{"url":"https:\/\/construcaocivil.siriusmarketingedesign.com.br\/wp-content\/uploads\/2025\/03\/e57df22b014bfda873cd2ed357d96b28-150x150.jpg","width":150,"height":150},"medium":{"url":"https:\/\/construcaocivil.siriusmarketingedesign.com.br\/wp-content\/uploads\/2025\/03\/e57df22b014bfda873cd2ed357d96b28-300x200.jpg","width":300,"height":200},"medium_large":{"url":"https:\/\/construcaocivil.siriusmarketingedesign.com.br\/wp-content\/uploads\/2025\/03\/e57df22b014bfda873cd2ed357d96b28-768x512.jpg","width":768,"height":512},"large":{"url":"https:\/\/construcaocivil.siriusmarketingedesign.com.br\/wp-content\/uploads\/2025\/03\/e57df22b014bfda873cd2ed357d96b28-1024x683.jpg","width":1024,"height":683},"full":{"url":"https:\/\/construcaocivil.siriusmarketingedesign.com.br\/wp-content\/uploads\/2025\/03\/e57df22b014bfda873cd2ed357d96b28-scaled.jpg","width":2560,"height":1707}},"spectra_blocks_author_info":{"display_name":"Jornal da Constru\u00e7\u00e3o Civil","avatar_url":"https:\/\/secure.gravatar.com\/avatar\/973c9774fd44ddaceb026973c4962faa70fc512bc4c9da68e8ebb40fecee6540?s=96&d=mm&r=g","author_link":"https:\/\/construcaocivil.siriusmarketingedesign.com.br\/?author=1","description":"Desde de 2013, levando muitas informa\u00e7\u00f5es, lan\u00e7amentos e produtos de qualidade para toda cadeia produtiva da constru\u00e7\u00e3o. O Futuro da constru\u00e7\u00e3o passa por aqui,"},"uagb_featured_image_src":{"full":["https:\/\/construcaocivil.siriusmarketingedesign.com.br\/wp-content\/uploads\/2025\/03\/e57df22b014bfda873cd2ed357d96b28-scaled.jpg",2560,1707,false],"thumbnail":["https:\/\/construcaocivil.siriusmarketingedesign.com.br\/wp-content\/uploads\/2025\/03\/e57df22b014bfda873cd2ed357d96b28-150x150.jpg",150,150,true],"medium":["https:\/\/construcaocivil.siriusmarketingedesign.com.br\/wp-content\/uploads\/2025\/03\/e57df22b014bfda873cd2ed357d96b28-300x200.jpg",300,200,true],"medium_large":["https:\/\/construcaocivil.siriusmarketingedesign.com.br\/wp-content\/uploads\/2025\/03\/e57df22b014bfda873cd2ed357d96b28-768x512.jpg",768,512,true],"large":["https:\/\/construcaocivil.siriusmarketingedesign.com.br\/wp-content\/uploads\/2025\/03\/e57df22b014bfda873cd2ed357d96b28-1024x683.jpg",1024,683,true],"1536x1536":["https:\/\/construcaocivil.siriusmarketingedesign.com.br\/wp-content\/uploads\/2025\/03\/e57df22b014bfda873cd2ed357d96b28-1536x1024.jpg",1536,1024,true],"2048x2048":["https:\/\/construcaocivil.siriusmarketingedesign.com.br\/wp-content\/uploads\/2025\/03\/e57df22b014bfda873cd2ed357d96b28-2048x1365.jpg",2048,1365,true]},"uagb_author_info":{"display_name":"Jornal da Constru\u00e7\u00e3o Civil","author_link":"https:\/\/construcaocivil.siriusmarketingedesign.com.br\/?author=1"},"uagb_comment_info":0,"uagb_excerpt":"A\u00a0Roca, refer\u00eancia global em lou\u00e7as e metais para banheiros e cozinhas, participa da\u00a0DW! Semana de Design de S\u00e3o Paulo 2025\u00a0pelo quarto ano consecutivo. A\u00a014\u00aa edi\u00e7\u00e3o\u00a0do maior festival urbano de arquitetura, design e interiores do Brasil\u00a0acontece de 10 a 16 de mar\u00e7o, com centenas de eventos simult\u00e2neos paralelamente \u00e0 Expo Revestir e \u00e0 Haus Decor, celebrando&hellip;","_links":{"self":[{"href":"https:\/\/construcaocivil.siriusmarketingedesign.com.br\/index.php?rest_route=\/wp\/v2\/posts\/25232","targetHints":{"allow":["GET"]}}],"collection":[{"href":"https:\/\/construcaocivil.siriusmarketingedesign.com.br\/index.php?rest_route=\/wp\/v2\/posts"}],"about":[{"href":"https:\/\/construcaocivil.siriusmarketingedesign.com.br\/index.php?rest_route=\/wp\/v2\/types\/post"}],"author":[{"embeddable":true,"href":"https:\/\/construcaocivil.siriusmarketingedesign.com.br\/index.php?rest_route=\/wp\/v2\/users\/1"}],"replies":[{"embeddable":true,"href":"https:\/\/construcaocivil.siriusmarketingedesign.com.br\/index.php?rest_route=%2Fwp%2Fv2%2Fcomments&post=25232"}],"version-history":[{"count":0,"href":"https:\/\/construcaocivil.siriusmarketingedesign.com.br\/index.php?rest_route=\/wp\/v2\/posts\/25232\/revisions"}],"wp:featuredmedia":[{"embeddable":true,"href":"https:\/\/construcaocivil.siriusmarketingedesign.com.br\/index.php?rest_route=\/wp\/v2\/media\/25233"}],"wp:attachment":[{"href":"https:\/\/construcaocivil.siriusmarketingedesign.com.br\/index.php?rest_route=%2Fwp%2Fv2%2Fmedia&parent=25232"}],"wp:term":[{"taxonomy":"category","embeddable":true,"href":"https:\/\/construcaocivil.siriusmarketingedesign.com.br\/index.php?rest_route=%2Fwp%2Fv2%2Fcategories&post=25232"},{"taxonomy":"post_tag","embeddable":true,"href":"https:\/\/construcaocivil.siriusmarketingedesign.com.br\/index.php?rest_route=%2Fwp%2Fv2%2Ftags&post=25232"}],"curies":[{"name":"wp","href":"https:\/\/api.w.org\/{rel}","templated":true}]}}