{"id":25261,"date":"2025-03-14T14:14:02","date_gmt":"2025-03-14T17:14:02","guid":{"rendered":"https:\/\/www.jornaldaconstrucaocivil.com.br\/?p=25261"},"modified":"2025-03-14T14:14:02","modified_gmt":"2025-03-14T17:14:02","slug":"tracbel-show-de-2025-lanca-condicoes-especiais-para-maquinas-e-caminhoes-em-todo-o-brasil","status":"publish","type":"post","link":"https:\/\/construcaocivil.siriusmarketingedesign.com.br\/?p=25261","title":{"rendered":"Tracbel Show de 2025 lan\u00e7a condi\u00e7\u00f5es especiais para m\u00e1quinas e caminh\u00f5es em todo o Brasil"},"content":{"rendered":"<p class=\"v1xxmsonormal\" style=\"text-align: justify;\"><b><i>A Tracbel est\u00e1 realizando hoje\u00a0 o maior evento comercial do Grupo. Chamado Tracbel Show, ele re\u00fane presencial e digitalmente centenas de consultores e t\u00e9cnicos na nova matriz e nas filiais da empresa em todo Brasil. O time de e-commerce est\u00e1 trabalha remotamente para concretizar a venda de caminh\u00f5es, m\u00e1quinas e servi\u00e7os. Todas as linhas de produtos de ve\u00edculos comerciais e equipamentos do portf\u00f3lio t\u00eam condi\u00e7\u00f5es especiais at\u00e9 o fim do estoque.<\/i><\/b><\/p>\n<p class=\"v1xxmsonormal\" style=\"text-align: justify;\"><b><i>\u00a0<\/i><\/b><\/p>\n<p class=\"v1xxmsonormal\" style=\"text-align: justify;\">Estamos oferecendo condi\u00e7\u00f5es in\u00e9ditas para aquisi\u00e7\u00e3o, descontos exclusivos em pe\u00e7as e servi\u00e7os e trazendo novidades em m\u00e1quinas compactas e equipamentos el\u00e9tricos, al\u00e9m de motoniveladoras e retroescavadeiras Bull&#8221;, declara Gidalto Santos, CEO do Grupo Tracbel e da divis\u00e3o de m\u00e1quinas da empresa. Ele lembra que tamb\u00e9m est\u00e3o sendo apresentadas taxas especiais para aquisi\u00e7\u00e3o de caminh\u00f5es novos e seminovos, pre\u00e7os promocionais e muitas possibilidades favor\u00e1veis de uma \u00fanica vez.<\/p>\n<p class=\"v1xxmsonormal\" style=\"text-align: justify;\">\n<p class=\"v1xxmsonormal\" style=\"text-align: justify;\"><b>Caminh\u00f5es<\/b><\/p>\n<p class=\"v1xxmsonormal\" style=\"text-align: justify;\">\n<p class=\"v1xxmsonormal\" style=\"text-align: justify;\">Na rede da Tracbel que comercializa caminh\u00f5es, o festival apresenta toda a sua linha de ve\u00edculos, desde o FH e o VM, at\u00e9 o FMX e o VMX, em variadas configura\u00e7\u00f5es de motor e eixos e pacotes de acabamento. Eles atendem aplica\u00e7\u00f5es que v\u00e3o desde longas dist\u00e2ncias, passando por transporte urbano, at\u00e9 opera\u00e7\u00f5es off road e regionais . O FH 6&#215;4, por exemplo, \u00e9 o caminh\u00e3o mais vendido do Pa\u00eds h\u00e1 v\u00e1rios anos entre todas as categorias.<\/p>\n<p class=\"v1xxmsonormal\" style=\"text-align: justify;\">\n<p class=\"v1xxmsonormal\" style=\"text-align: justify;\">O evento ainda oferecer\u00e1 ve\u00edculos seminovos pela internet e nos estoques das casas. Todos os caminh\u00f5es s\u00e3o inspecionados e t\u00eam certificado de origem. Os interessados poder\u00e3o conferir as ofertas e definir a compra na internet e, se preferir, conferir o caminh\u00e3o presencialmente na concession\u00e1ria mais pr\u00f3xima.<\/p>\n<p class=\"v1xxmsonormal\" style=\"text-align: justify;\">\n<p class=\"v1xxmsonormal\" style=\"text-align: justify;\">As condi\u00e7\u00f5es do Tracbel Show, inclusive para outros produtos, como planos de servi\u00e7os e pe\u00e7as genu\u00ednas, s\u00e3o in\u00e9ditas e limitadas aos equipamentos, caminh\u00f5es e itens em estoque. Os Planos de Servi\u00e7o para m\u00e1quinas tamb\u00e9m est\u00e3o com um desconto no site durante o per\u00edodo do evento.<\/p>\n","protected":false},"excerpt":{"rendered":"<p>A Tracbel est\u00e1 realizando hoje\u00a0 o maior evento comercial do Grupo. Chamado Tracbel Show, ele re\u00fane presencial e digitalmente centenas de consultores e t\u00e9cnicos na nova matriz e nas filiais da empresa em todo Brasil. O time de e-commerce est\u00e1 trabalha remotamente para concretizar a venda de caminh\u00f5es, m\u00e1quinas e servi\u00e7os. Todas as linhas de [&hellip;]<\/p>\n","protected":false},"author":1,"featured_media":25262,"comment_status":"open","ping_status":"open","sticky":false,"template":"","format":"standard","meta":{"_uag_custom_page_level_css":"","footnotes":""},"categories":[32],"tags":[24889,4444,7637,21308,27334,27333,12467],"class_list":["post-25261","post","type-post","status-publish","format-standard","has-post-thumbnail","hentry","category-maquinas-e-equipamentos","tag-caminhoespesados","tag-es","tag-mg","tag-norte-e-nordeste","tag-servicos-de-pecas-e-trocas","tag-tracbel-show-de-2025","tag-volvo-ce"],"blocksy_meta":[],"spectra_blocks_featured_image_url":{"thumbnail":{"url":"https:\/\/construcaocivil.siriusmarketingedesign.com.br\/wp-content\/uploads\/2025\/03\/carregadeira-compacta-Volvo-L25-Electric-150x150.jpg","width":150,"height":150},"medium":{"url":"https:\/\/construcaocivil.siriusmarketingedesign.com.br\/wp-content\/uploads\/2025\/03\/carregadeira-compacta-Volvo-L25-Electric-300x200.jpg","width":300,"height":200},"medium_large":{"url":"https:\/\/construcaocivil.siriusmarketingedesign.com.br\/wp-content\/uploads\/2025\/03\/carregadeira-compacta-Volvo-L25-Electric-768x513.jpg","width":768,"height":513},"large":{"url":"https:\/\/construcaocivil.siriusmarketingedesign.com.br\/wp-content\/uploads\/2025\/03\/carregadeira-compacta-Volvo-L25-Electric-1024x683.jpg","width":1024,"height":683},"full":{"url":"https:\/\/construcaocivil.siriusmarketingedesign.com.br\/wp-content\/uploads\/2025\/03\/carregadeira-compacta-Volvo-L25-Electric-scaled.jpg","width":2560,"height":1709}},"spectra_blocks_author_info":{"display_name":"Jornal da Constru\u00e7\u00e3o Civil","avatar_url":"https:\/\/secure.gravatar.com\/avatar\/973c9774fd44ddaceb026973c4962faa70fc512bc4c9da68e8ebb40fecee6540?s=96&d=mm&r=g","author_link":"https:\/\/construcaocivil.siriusmarketingedesign.com.br\/?author=1","description":"Desde de 2013, levando muitas informa\u00e7\u00f5es, lan\u00e7amentos e produtos de qualidade para toda cadeia produtiva da constru\u00e7\u00e3o. O Futuro da constru\u00e7\u00e3o passa por aqui,"},"uagb_featured_image_src":{"full":["https:\/\/construcaocivil.siriusmarketingedesign.com.br\/wp-content\/uploads\/2025\/03\/carregadeira-compacta-Volvo-L25-Electric-scaled.jpg",2560,1709,false],"thumbnail":["https:\/\/construcaocivil.siriusmarketingedesign.com.br\/wp-content\/uploads\/2025\/03\/carregadeira-compacta-Volvo-L25-Electric-150x150.jpg",150,150,true],"medium":["https:\/\/construcaocivil.siriusmarketingedesign.com.br\/wp-content\/uploads\/2025\/03\/carregadeira-compacta-Volvo-L25-Electric-300x200.jpg",300,200,true],"medium_large":["https:\/\/construcaocivil.siriusmarketingedesign.com.br\/wp-content\/uploads\/2025\/03\/carregadeira-compacta-Volvo-L25-Electric-768x513.jpg",768,513,true],"large":["https:\/\/construcaocivil.siriusmarketingedesign.com.br\/wp-content\/uploads\/2025\/03\/carregadeira-compacta-Volvo-L25-Electric-1024x683.jpg",1024,683,true],"1536x1536":["https:\/\/construcaocivil.siriusmarketingedesign.com.br\/wp-content\/uploads\/2025\/03\/carregadeira-compacta-Volvo-L25-Electric-1536x1025.jpg",1536,1025,true],"2048x2048":["https:\/\/construcaocivil.siriusmarketingedesign.com.br\/wp-content\/uploads\/2025\/03\/carregadeira-compacta-Volvo-L25-Electric-2048x1367.jpg",2048,1367,true]},"uagb_author_info":{"display_name":"Jornal da Constru\u00e7\u00e3o Civil","author_link":"https:\/\/construcaocivil.siriusmarketingedesign.com.br\/?author=1"},"uagb_comment_info":0,"uagb_excerpt":"A Tracbel est\u00e1 realizando hoje\u00a0 o maior evento comercial do Grupo. Chamado Tracbel Show, ele re\u00fane presencial e digitalmente centenas de consultores e t\u00e9cnicos na nova matriz e nas filiais da empresa em todo Brasil. O time de e-commerce est\u00e1 trabalha remotamente para concretizar a venda de caminh\u00f5es, m\u00e1quinas e servi\u00e7os. Todas as linhas de&hellip;","_links":{"self":[{"href":"https:\/\/construcaocivil.siriusmarketingedesign.com.br\/index.php?rest_route=\/wp\/v2\/posts\/25261","targetHints":{"allow":["GET"]}}],"collection":[{"href":"https:\/\/construcaocivil.siriusmarketingedesign.com.br\/index.php?rest_route=\/wp\/v2\/posts"}],"about":[{"href":"https:\/\/construcaocivil.siriusmarketingedesign.com.br\/index.php?rest_route=\/wp\/v2\/types\/post"}],"author":[{"embeddable":true,"href":"https:\/\/construcaocivil.siriusmarketingedesign.com.br\/index.php?rest_route=\/wp\/v2\/users\/1"}],"replies":[{"embeddable":true,"href":"https:\/\/construcaocivil.siriusmarketingedesign.com.br\/index.php?rest_route=%2Fwp%2Fv2%2Fcomments&post=25261"}],"version-history":[{"count":0,"href":"https:\/\/construcaocivil.siriusmarketingedesign.com.br\/index.php?rest_route=\/wp\/v2\/posts\/25261\/revisions"}],"wp:featuredmedia":[{"embeddable":true,"href":"https:\/\/construcaocivil.siriusmarketingedesign.com.br\/index.php?rest_route=\/wp\/v2\/media\/25262"}],"wp:attachment":[{"href":"https:\/\/construcaocivil.siriusmarketingedesign.com.br\/index.php?rest_route=%2Fwp%2Fv2%2Fmedia&parent=25261"}],"wp:term":[{"taxonomy":"category","embeddable":true,"href":"https:\/\/construcaocivil.siriusmarketingedesign.com.br\/index.php?rest_route=%2Fwp%2Fv2%2Fcategories&post=25261"},{"taxonomy":"post_tag","embeddable":true,"href":"https:\/\/construcaocivil.siriusmarketingedesign.com.br\/index.php?rest_route=%2Fwp%2Fv2%2Ftags&post=25261"}],"curies":[{"name":"wp","href":"https:\/\/api.w.org\/{rel}","templated":true}]}}