{"id":25280,"date":"2025-03-17T13:15:51","date_gmt":"2025-03-17T16:15:51","guid":{"rendered":"https:\/\/www.jornaldaconstrucaocivil.com.br\/?p=25280"},"modified":"2025-03-17T13:15:51","modified_gmt":"2025-03-17T16:15:51","slug":"expo-revestir-23a-edicao-consolida-o-evento-como-grande-plataforma-de-negocios-para-o-setor","status":"publish","type":"post","link":"https:\/\/construcaocivil.siriusmarketingedesign.com.br\/?p=25280","title":{"rendered":"Expo Revestir: 23\u00aa edi\u00e7\u00e3o consolida o evento como grande plataforma de neg\u00f3cios para o setor"},"content":{"rendered":"<p style=\"text-align: justify;\"><strong>Finalizada com enorme sucesso, a 23\u00aa edi\u00e7\u00e3o da Expo Revestir foi realizada de 10 a 14 de mar\u00e7o de 2025, no S\u00e3o Paulo Expo, em S\u00e3o Paulo.<\/strong><\/p>\n<p style=\"text-align: justify;\">Este ano, o evento inaugurou uma nova era, com dias e hor\u00e1rios ampliados, buscando maximizar as oportunidades de neg\u00f3cios e conex\u00f5es que o evento oferece e em resposta \u00e0 crescente demanda de seu p\u00fablico especializado.<\/p>\n<p style=\"text-align: justify;\">Foram cinco dias de neg\u00f3cios, networking, lan\u00e7amentos e tend\u00eancias repletas de design, tecnologia e sustentabilidade que trouxe para o evento um p\u00fablico altamente qualificado.<\/p>\n<h5 style=\"text-align: justify;\"><strong>A maior feira de revestimentos e acabamentos da Am\u00e9rica Latina<\/strong><\/h5>\n<p style=\"text-align: justify;\">O evento reuniu mais de 300 marcas expositoras, entre os maiores players nacionais e internacionais dos segmentos de: cer\u00e2micas, lou\u00e7as sanit\u00e1rias, metais, rochas ornamentais, mosaicos, madeiras, laminados, ciment\u00edcios, v\u00edtreos, maquin\u00e1rio, acess\u00f3rios e outros revestimentos, ocupando seis pavilh\u00f5es e \u00e1rea total de 65 mil metros quadrados.<\/p>\n<h5 style=\"text-align: justify;\"><strong>Mais de 1000 reuni\u00f5es de neg\u00f3cios realizadas no Projeto Comprador<\/strong><\/h5>\n<p style=\"text-align: justify;\">Com amplo apoio da Apex Brasil (Ag\u00eancia Brasileira de Promo\u00e7\u00e3o de Exporta\u00e7\u00f5es e Investimentos) e foco no fomento das exporta\u00e7\u00f5es, a Expo Revestir realizou a 17\u00aa edi\u00e7\u00e3o do Projeto Comprador, refor\u00e7ando a representatividade do setor cer\u00e2mico brasileiro no mundo. Ao longo de quatro dias foram realizadas mais de mil reuni\u00f5es de neg\u00f3cios com expositores da feira.<\/p>\n<p style=\"text-align: justify;\">\u200d<\/p>\n<p style=\"text-align: justify;\"><strong>Te esperamos em 2026!\u00a0<\/strong><\/p>\n<p style=\"text-align: justify;\">A 24\u00aa edi\u00e7\u00e3o da Expo Revestir acontecer\u00e1 de<strong>\u00a009 a 13 de mar\u00e7o de 2026<\/strong>. J\u00e1 deixe anotado na agenda. At\u00e9 l\u00e1!<\/p>\n<p style=\"text-align: justify;\">Fonte: Boletim Expo Revestir 2025<\/p>\n","protected":false},"excerpt":{"rendered":"<p>Finalizada com enorme sucesso, a 23\u00aa edi\u00e7\u00e3o da Expo Revestir foi realizada de 10 a 14 de mar\u00e7o de 2025, no S\u00e3o Paulo Expo, em S\u00e3o Paulo. Este ano, o evento inaugurou uma nova era, com dias e hor\u00e1rios ampliados, buscando maximizar as oportunidades de neg\u00f3cios e conex\u00f5es que o evento oferece e em resposta [&hellip;]<\/p>\n","protected":false},"author":1,"featured_media":25281,"comment_status":"open","ping_status":"open","sticky":false,"template":"","format":"standard","meta":{"_uag_custom_page_level_css":"","footnotes":""},"categories":[28],"tags":[27311,1933,14976,10330,10675],"class_list":["post-25280","post","type-post","status-publish","format-standard","has-post-thumbnail","hentry","category-arquitetura","tag-arquitetura-e-designer-de-interiores","tag-casa-e-decoracao","tag-expo-revestir","tag-revestimentos-e-acabamentos","tag-sao-paulo-expo"],"blocksy_meta":[],"spectra_blocks_featured_image_url":{"thumbnail":{"url":"https:\/\/construcaocivil.siriusmarketingedesign.com.br\/wp-content\/uploads\/2025\/03\/67d4a94d848b8a2ac75c93b1_Imagem-do-WhatsApp-de-2025-03-12-as-18.19.19_fd927518-150x150.jpg","width":150,"height":150},"medium":{"url":"https:\/\/construcaocivil.siriusmarketingedesign.com.br\/wp-content\/uploads\/2025\/03\/67d4a94d848b8a2ac75c93b1_Imagem-do-WhatsApp-de-2025-03-12-as-18.19.19_fd927518-300x200.jpg","width":300,"height":200},"medium_large":{"url":"https:\/\/construcaocivil.siriusmarketingedesign.com.br\/wp-content\/uploads\/2025\/03\/67d4a94d848b8a2ac75c93b1_Imagem-do-WhatsApp-de-2025-03-12-as-18.19.19_fd927518-768x512.jpg","width":768,"height":512},"large":{"url":"https:\/\/construcaocivil.siriusmarketingedesign.com.br\/wp-content\/uploads\/2025\/03\/67d4a94d848b8a2ac75c93b1_Imagem-do-WhatsApp-de-2025-03-12-as-18.19.19_fd927518-1024x683.jpg","width":1024,"height":683},"full":{"url":"https:\/\/construcaocivil.siriusmarketingedesign.com.br\/wp-content\/uploads\/2025\/03\/67d4a94d848b8a2ac75c93b1_Imagem-do-WhatsApp-de-2025-03-12-as-18.19.19_fd927518-scaled.jpg","width":2560,"height":1706}},"spectra_blocks_author_info":{"display_name":"Jornal da Constru\u00e7\u00e3o Civil","avatar_url":"https:\/\/secure.gravatar.com\/avatar\/973c9774fd44ddaceb026973c4962faa70fc512bc4c9da68e8ebb40fecee6540?s=96&d=mm&r=g","author_link":"https:\/\/construcaocivil.siriusmarketingedesign.com.br\/?author=1","description":"Desde de 2013, levando muitas informa\u00e7\u00f5es, lan\u00e7amentos e produtos de qualidade para toda cadeia produtiva da constru\u00e7\u00e3o. O Futuro da constru\u00e7\u00e3o passa por aqui,"},"uagb_featured_image_src":{"full":["https:\/\/construcaocivil.siriusmarketingedesign.com.br\/wp-content\/uploads\/2025\/03\/67d4a94d848b8a2ac75c93b1_Imagem-do-WhatsApp-de-2025-03-12-as-18.19.19_fd927518-scaled.jpg",2560,1706,false],"thumbnail":["https:\/\/construcaocivil.siriusmarketingedesign.com.br\/wp-content\/uploads\/2025\/03\/67d4a94d848b8a2ac75c93b1_Imagem-do-WhatsApp-de-2025-03-12-as-18.19.19_fd927518-150x150.jpg",150,150,true],"medium":["https:\/\/construcaocivil.siriusmarketingedesign.com.br\/wp-content\/uploads\/2025\/03\/67d4a94d848b8a2ac75c93b1_Imagem-do-WhatsApp-de-2025-03-12-as-18.19.19_fd927518-300x200.jpg",300,200,true],"medium_large":["https:\/\/construcaocivil.siriusmarketingedesign.com.br\/wp-content\/uploads\/2025\/03\/67d4a94d848b8a2ac75c93b1_Imagem-do-WhatsApp-de-2025-03-12-as-18.19.19_fd927518-768x512.jpg",768,512,true],"large":["https:\/\/construcaocivil.siriusmarketingedesign.com.br\/wp-content\/uploads\/2025\/03\/67d4a94d848b8a2ac75c93b1_Imagem-do-WhatsApp-de-2025-03-12-as-18.19.19_fd927518-1024x683.jpg",1024,683,true],"1536x1536":["https:\/\/construcaocivil.siriusmarketingedesign.com.br\/wp-content\/uploads\/2025\/03\/67d4a94d848b8a2ac75c93b1_Imagem-do-WhatsApp-de-2025-03-12-as-18.19.19_fd927518-1536x1024.jpg",1536,1024,true],"2048x2048":["https:\/\/construcaocivil.siriusmarketingedesign.com.br\/wp-content\/uploads\/2025\/03\/67d4a94d848b8a2ac75c93b1_Imagem-do-WhatsApp-de-2025-03-12-as-18.19.19_fd927518-2048x1365.jpg",2048,1365,true]},"uagb_author_info":{"display_name":"Jornal da Constru\u00e7\u00e3o Civil","author_link":"https:\/\/construcaocivil.siriusmarketingedesign.com.br\/?author=1"},"uagb_comment_info":0,"uagb_excerpt":"Finalizada com enorme sucesso, a 23\u00aa edi\u00e7\u00e3o da Expo Revestir foi realizada de 10 a 14 de mar\u00e7o de 2025, no S\u00e3o Paulo Expo, em S\u00e3o Paulo. Este ano, o evento inaugurou uma nova era, com dias e hor\u00e1rios ampliados, buscando maximizar as oportunidades de neg\u00f3cios e conex\u00f5es que o evento oferece e em resposta&hellip;","_links":{"self":[{"href":"https:\/\/construcaocivil.siriusmarketingedesign.com.br\/index.php?rest_route=\/wp\/v2\/posts\/25280","targetHints":{"allow":["GET"]}}],"collection":[{"href":"https:\/\/construcaocivil.siriusmarketingedesign.com.br\/index.php?rest_route=\/wp\/v2\/posts"}],"about":[{"href":"https:\/\/construcaocivil.siriusmarketingedesign.com.br\/index.php?rest_route=\/wp\/v2\/types\/post"}],"author":[{"embeddable":true,"href":"https:\/\/construcaocivil.siriusmarketingedesign.com.br\/index.php?rest_route=\/wp\/v2\/users\/1"}],"replies":[{"embeddable":true,"href":"https:\/\/construcaocivil.siriusmarketingedesign.com.br\/index.php?rest_route=%2Fwp%2Fv2%2Fcomments&post=25280"}],"version-history":[{"count":0,"href":"https:\/\/construcaocivil.siriusmarketingedesign.com.br\/index.php?rest_route=\/wp\/v2\/posts\/25280\/revisions"}],"wp:featuredmedia":[{"embeddable":true,"href":"https:\/\/construcaocivil.siriusmarketingedesign.com.br\/index.php?rest_route=\/wp\/v2\/media\/25281"}],"wp:attachment":[{"href":"https:\/\/construcaocivil.siriusmarketingedesign.com.br\/index.php?rest_route=%2Fwp%2Fv2%2Fmedia&parent=25280"}],"wp:term":[{"taxonomy":"category","embeddable":true,"href":"https:\/\/construcaocivil.siriusmarketingedesign.com.br\/index.php?rest_route=%2Fwp%2Fv2%2Fcategories&post=25280"},{"taxonomy":"post_tag","embeddable":true,"href":"https:\/\/construcaocivil.siriusmarketingedesign.com.br\/index.php?rest_route=%2Fwp%2Fv2%2Ftags&post=25280"}],"curies":[{"name":"wp","href":"https:\/\/api.w.org\/{rel}","templated":true}]}}