{"id":25286,"date":"2025-03-24T00:10:28","date_gmt":"2025-03-24T03:10:28","guid":{"rendered":"https:\/\/www.jornaldaconstrucaocivil.com.br\/?p=25286"},"modified":"2025-04-19T20:23:55","modified_gmt":"2025-04-19T23:23:55","slug":"com-olho-nos-juros-e-nos-precos-altos-dos-alimentos-feira-de-supermercado-no-rj-mostra-resiliencia-talento-e-novidades-digitais","status":"publish","type":"post","link":"https:\/\/construcaocivil.siriusmarketingedesign.com.br\/?p=25286","title":{"rendered":"Com olhos nos juros e nos pre\u00e7os altos dos alimentos, feira de supermercado no RJ mostra resili\u00eancia, talento e novidades digitais"},"content":{"rendered":"<p><em>Por @severianrocha<\/em><\/p>\n<p style=\"text-align: justify;\">Mar\u00e7o, 2025 &#8211; A 35\u00aa SRE TRADE SHOW, tradicional feira do setor supermercadista do Estado do Rio de Janeiro aconteceu no Rio Centro (Zona Oeste &#8211; RJ) entre os dias 18 e 20 da \u00faltima semana. Sempre com presen\u00e7a em massa do p\u00fablico fluminense, formado por comerciantes, empres\u00e1rios, empreendedores e profissionais do setor aliment\u00edcio, o clima dos pre\u00e7os altos dos alimentos, em especial dos ovos e da carnes, \u00e9 a pol\u00edtica irrespons\u00e1vel do Banco Central de elevar os juros para 14,25% que impacta diretamente o consumo das fam\u00edlias brasileira foi motivo de conversas &#8220;n\u00e3o oficias&#8221; no evento.\u00a0 De acordo com o Ministro Fernando Haddad e o Banco Central, a medida visa segurar a INFLA\u00c7AO:<\/p>\n<p style=\"text-align: justify;\"><span style=\"color: #993300;\"><em><strong>O aumento da taxa Selic ajuda a conter a infla\u00e7\u00e3o.\u00a0<\/strong>Isso porque juros mais altos encarecem o cr\u00e9dito e desestimulam a produ\u00e7\u00e3o e o consumo. Por outro lado, taxas maiores dificultam o crescimento econ\u00f4mico.<\/em><\/span><\/p>\n<p style=\"text-align: justify;\">Outro ponto que chamou aten\u00e7\u00e3o\u00a0 dos participantes no evento foi a estrela mundial do esporte e maior medalhista ol\u00edmpica brasileira, a gin\u00e1stica Rebeca Andrade que durante palestra especial para o p\u00fablico do varejo, contou um pouco da sua hist\u00f3ria de supera\u00e7\u00e3o, conquistas profissionais, do trabalho em equipe, do respeito ao grupo e tamb\u00e9m das suas decep\u00e7\u00f5es ao longo da carreira.\u00a0 Rebeca diz: &#8221; tive muitas les\u00f5es que muitas vezes me fizeram pensar em desistir. Cheguei a quase me auto boicotar. Mas, com muita disciplina, equil\u00edbrio mental e trabalho em equipe, ao final atingir o topo, o posto de campe\u00e3 ol\u00edmpica, medalhista de ouro&#8221;.<\/p>\n<p><span style=\"color: #ff6600;\"><strong>R$ 4,2 bilh\u00f5es em neg\u00f3cios realizados na SRE Trade Show.<\/strong><\/span><\/p>\n<p>A\u00a0<strong>SRE Trade Show \u2013 Super Rio Expofood<\/strong>\u00a0encerrou a 34\u00aa edi\u00e7\u00e3o com n\u00fameros superlativos \u2013\u00a0<strong>R$ 4,2 bilh\u00f5es em neg\u00f3cios, 68 mil pessoas<\/strong>\u00a0de diversos estados brasileiros e de outros pa\u00edses e\u00a0<strong>550 empresas presentes.<\/strong><\/p>\n<p>O evento reuniu as mais importantes marcas do setor do varejo de alimentos e contou com uma extensa programa\u00e7\u00e3o de palestras, nas quais especialistas da\u00a0<strong>Am\u00e9rica Latina<\/strong>\u00a0fizeram reflex\u00f5es sobre as \u00faltimas tend\u00eancias do setor supermercadista. Um dos destaques foram os rob\u00f4s programados para orientar os consumidores nas lojas das redes\u00a0<strong>Supermarket e Prezunic.<\/strong><\/p>\n<p>Ao longo dos \u00faltimos tr\u00eas dias, em mais de\u00a0<strong>23 horas de networking, palestras e neg\u00f3cios,<\/strong>\u00a0reunimos cerca de\u00a0<strong>68 mil pessoas<\/strong>\u00a0na<strong>\u00a034\u00aa edi\u00e7\u00e3o da SRE Trade Show<\/strong>. Foi uma experi\u00eancia incr\u00edvel, renovadora e transformadora.<\/p>\n<p>\u201cConhecer as tend\u00eancias de mercado, entender para onde caminha e como ser\u00e1 o futuro do setor varejista de alimentos e supermercadistas.\u00a0<strong>Agora \u00e9 hora de viver e aplicar tudo o que foi absorvido e, paralelamente, come\u00e7ar a tra\u00e7ar os planos para a edi\u00e7\u00e3o 2025, que vir\u00e1 ainda maior e mais vibrante!<\/strong>\u201d, comemorou o presidente da\u00a0<strong>ASSERJ, F\u00e1bio Queir\u00f3z.<\/strong><\/p>\n<p style=\"text-align: justify;\"><strong>Destaques da SRE TRADE SHOW 2025\u00a0<\/strong><\/p>\n<p style=\"text-align: justify;\">Yango Tech expande para o Brasil e apresenta solu\u00e7\u00f5es de IA B2B na SRE Trade Show, no Rio de Janeiro<\/p>\n<p style=\"text-align: justify;\">Empresa rec\u00e9m-chegada ao pa\u00eds apresentar\u00e1 tecnologia de IA para o varejo na feira que acontece entre 18 e 20 de mar\u00e7o<\/p>\n<p style=\"text-align: justify;\">A Yango Tech, parte da empresa global de tecnologia Yango Group, chegou ao Brasil e apresenta suas novas solu\u00e7\u00f5es B2B com tecnologia de IA, projetadas para impulsionar a transforma\u00e7\u00e3o digital em todos os setores do Brasil. A Yango Tech atua como um ecossistema de balc\u00e3o \u00fanico \u2013 tamb\u00e9m conhecido como one stop shop \u2013 para solu\u00e7\u00f5es B2B, oferecendo \u00e0s empresas uma gama abrangente de ferramentas e servi\u00e7os com tecnologia de IA adaptados \u00e0s suas necessidades. Ao consolidar diversas solu\u00e7\u00f5es em um \u00fanico ecossistema, a Yango Tech simplifica o acesso a tecnologias avan\u00e7adas, permitindo que as empresas otimizem as opera\u00e7\u00f5es, reduzam custos e melhorem as experi\u00eancias dos clientes.<\/p>\n<p style=\"text-align: justify;\">\u201cEstamos muito felizes em iniciar nossas opera\u00e7\u00f5es no Brasil, um mercado altamente diversificado e din\u00e2mico, cheio de oportunidades. O cen\u00e1rio de tecnologia aqui est\u00e1 evoluindo rapidamente, com empresas buscando ativamente solu\u00e7\u00f5es escal\u00e1veis e eficientes. De acordo com estat\u00edsticas recentes, 72% das empresas brasileiras planejam aumentar seus investimentos em IA, e estamos animados em trazer tecnologia de IA de ponta para atender a essa demanda. Da rob\u00f3tica \u00e0s tecnologias de varejo, o ecossistema B2B da Yango Tech oferece solu\u00e7\u00f5es locais personalizadas apoiadas por expertise global. Nossas tecnologias orientadas por IA s\u00e3o projetadas para capacitar empresas, ajudando-as a prosperar em um mercado cada vez mais competitivo\u201d, diz Guilherme Alvim, Head de Desenvolvimento de Neg\u00f3cios da Yango Tech no pa\u00eds.<\/p>\n<p>Fonte: SRE TRADE SHOW<\/p>\n<p style=\"text-align: justify;\">\n","protected":false},"excerpt":{"rendered":"<p>Por @severianrocha Mar\u00e7o, 2025 &#8211; A 35\u00aa SRE TRADE SHOW, tradicional feira do setor supermercadista do Estado do Rio de Janeiro aconteceu no Rio Centro (Zona Oeste &#8211; RJ) entre os dias 18 e 20 da \u00faltima semana. Sempre com presen\u00e7a em massa do p\u00fablico fluminense, formado por comerciantes, empres\u00e1rios, empreendedores e profissionais do setor [&hellip;]<\/p>\n","protected":false},"author":1,"featured_media":25297,"comment_status":"open","ping_status":"open","sticky":false,"template":"","format":"standard","meta":{"_uag_custom_page_level_css":"","footnotes":""},"categories":[33,1],"tags":[27357,27351,27353,27352,18633],"class_list":["post-25286","post","type-post","status-publish","format-standard","has-post-thumbnail","hentry","category-mercado","category-sem-categoria","tag-lulajurosaltos","tag-atacado-e-varejo","tag-juros-altos-e-consumo","tag-precos-dos-ovos","tag-sre-trade-show"],"blocksy_meta":[],"spectra_blocks_featured_image_url":{"thumbnail":{"url":"https:\/\/construcaocivil.siriusmarketingedesign.com.br\/wp-content\/uploads\/2025\/03\/CESTA-DE-Alimentos-150x150.jpg","width":150,"height":150},"medium":{"url":"https:\/\/construcaocivil.siriusmarketingedesign.com.br\/wp-content\/uploads\/2025\/03\/CESTA-DE-Alimentos-300x212.jpg","width":300,"height":212},"medium_large":{"url":"https:\/\/construcaocivil.siriusmarketingedesign.com.br\/wp-content\/uploads\/2025\/03\/CESTA-DE-Alimentos-768x544.jpg","width":768,"height":544},"large":{"url":"https:\/\/construcaocivil.siriusmarketingedesign.com.br\/wp-content\/uploads\/2025\/03\/CESTA-DE-Alimentos.jpg","width":771,"height":546},"full":{"url":"https:\/\/construcaocivil.siriusmarketingedesign.com.br\/wp-content\/uploads\/2025\/03\/CESTA-DE-Alimentos.jpg","width":771,"height":546}},"spectra_blocks_author_info":{"display_name":"Jornal da Constru\u00e7\u00e3o Civil","avatar_url":"https:\/\/secure.gravatar.com\/avatar\/973c9774fd44ddaceb026973c4962faa70fc512bc4c9da68e8ebb40fecee6540?s=96&d=mm&r=g","author_link":"https:\/\/construcaocivil.siriusmarketingedesign.com.br\/?author=1","description":"Desde de 2013, levando muitas informa\u00e7\u00f5es, lan\u00e7amentos e produtos de qualidade para toda cadeia produtiva da constru\u00e7\u00e3o. O Futuro da constru\u00e7\u00e3o passa por aqui,"},"uagb_featured_image_src":{"full":["https:\/\/construcaocivil.siriusmarketingedesign.com.br\/wp-content\/uploads\/2025\/03\/CESTA-DE-Alimentos.jpg",771,546,false],"thumbnail":["https:\/\/construcaocivil.siriusmarketingedesign.com.br\/wp-content\/uploads\/2025\/03\/CESTA-DE-Alimentos-150x150.jpg",150,150,true],"medium":["https:\/\/construcaocivil.siriusmarketingedesign.com.br\/wp-content\/uploads\/2025\/03\/CESTA-DE-Alimentos-300x212.jpg",300,212,true],"medium_large":["https:\/\/construcaocivil.siriusmarketingedesign.com.br\/wp-content\/uploads\/2025\/03\/CESTA-DE-Alimentos-768x544.jpg",768,544,true],"large":["https:\/\/construcaocivil.siriusmarketingedesign.com.br\/wp-content\/uploads\/2025\/03\/CESTA-DE-Alimentos.jpg",771,546,false],"1536x1536":["https:\/\/construcaocivil.siriusmarketingedesign.com.br\/wp-content\/uploads\/2025\/03\/CESTA-DE-Alimentos.jpg",771,546,false],"2048x2048":["https:\/\/construcaocivil.siriusmarketingedesign.com.br\/wp-content\/uploads\/2025\/03\/CESTA-DE-Alimentos.jpg",771,546,false]},"uagb_author_info":{"display_name":"Jornal da Constru\u00e7\u00e3o Civil","author_link":"https:\/\/construcaocivil.siriusmarketingedesign.com.br\/?author=1"},"uagb_comment_info":0,"uagb_excerpt":"Por @severianrocha Mar\u00e7o, 2025 &#8211; A 35\u00aa SRE TRADE SHOW, tradicional feira do setor supermercadista do Estado do Rio de Janeiro aconteceu no Rio Centro (Zona Oeste &#8211; RJ) entre os dias 18 e 20 da \u00faltima semana. Sempre com presen\u00e7a em massa do p\u00fablico fluminense, formado por comerciantes, empres\u00e1rios, empreendedores e profissionais do setor&hellip;","_links":{"self":[{"href":"https:\/\/construcaocivil.siriusmarketingedesign.com.br\/index.php?rest_route=\/wp\/v2\/posts\/25286","targetHints":{"allow":["GET"]}}],"collection":[{"href":"https:\/\/construcaocivil.siriusmarketingedesign.com.br\/index.php?rest_route=\/wp\/v2\/posts"}],"about":[{"href":"https:\/\/construcaocivil.siriusmarketingedesign.com.br\/index.php?rest_route=\/wp\/v2\/types\/post"}],"author":[{"embeddable":true,"href":"https:\/\/construcaocivil.siriusmarketingedesign.com.br\/index.php?rest_route=\/wp\/v2\/users\/1"}],"replies":[{"embeddable":true,"href":"https:\/\/construcaocivil.siriusmarketingedesign.com.br\/index.php?rest_route=%2Fwp%2Fv2%2Fcomments&post=25286"}],"version-history":[{"count":0,"href":"https:\/\/construcaocivil.siriusmarketingedesign.com.br\/index.php?rest_route=\/wp\/v2\/posts\/25286\/revisions"}],"wp:featuredmedia":[{"embeddable":true,"href":"https:\/\/construcaocivil.siriusmarketingedesign.com.br\/index.php?rest_route=\/wp\/v2\/media\/25297"}],"wp:attachment":[{"href":"https:\/\/construcaocivil.siriusmarketingedesign.com.br\/index.php?rest_route=%2Fwp%2Fv2%2Fmedia&parent=25286"}],"wp:term":[{"taxonomy":"category","embeddable":true,"href":"https:\/\/construcaocivil.siriusmarketingedesign.com.br\/index.php?rest_route=%2Fwp%2Fv2%2Fcategories&post=25286"},{"taxonomy":"post_tag","embeddable":true,"href":"https:\/\/construcaocivil.siriusmarketingedesign.com.br\/index.php?rest_route=%2Fwp%2Fv2%2Ftags&post=25286"}],"curies":[{"name":"wp","href":"https:\/\/api.w.org\/{rel}","templated":true}]}}