{"id":25287,"date":"2025-03-20T00:45:59","date_gmt":"2025-03-20T03:45:59","guid":{"rendered":"https:\/\/www.jornaldaconstrucaocivil.com.br\/?p=25287"},"modified":"2025-03-20T00:45:59","modified_gmt":"2025-03-20T03:45:59","slug":"soma-day-chega-ao-rio-de-janeiro-para-debater-as-principais-tendencias-do-mercado-imobiliario-com-grandes-nomes-do-setor","status":"publish","type":"post","link":"https:\/\/construcaocivil.siriusmarketingedesign.com.br\/?p=25287","title":{"rendered":"SOMA Day chega ao Rio de Janeiro para debater as principais tend\u00eancias do mercado imobili\u00e1rio com grandes nomes do setor"},"content":{"rendered":"<p style=\"text-align: justify;\">Com realiza\u00e7\u00e3o do Instituto Mulheres do Imobili\u00e1rio, evento traz Gustavo Guerrante, Secret\u00e1rio de Urbanismo do Rio de Janeiro, In\u00eas Magalh\u00e3es, Vice Presidente de Habita\u00e7\u00e3o da Caixa Econ\u00f4mica Federal, e Claudio Hermolin, presidente do Sinduscon-RJ<\/p>\n<p dir=\"ltr\" style=\"text-align: justify;\">Mar\u00e7o, 2025 &#8211; Pela primeira vez em solo carioca, o SOMA Day RJ desembarca no Porto Maravilha, no dia 28 de mar\u00e7o de 2025, das 8h \u00e0s 18h, reunindo especialistas e l\u00edderes do mercado imobili\u00e1rio para discutir inova\u00e7\u00e3o, intelig\u00eancia artificial, loca\u00e7\u00f5es, retrofit, marketing digital, protagonismo feminino, desenvolvimento por assinatura e outros temas estrat\u00e9gicos do segmento.<\/p>\n<p dir=\"ltr\" style=\"text-align: justify;\">Promovido pelo Instituto Mulheres do Imobili\u00e1rio, o evento chega ao Rio de Janeiro em uma vers\u00e3o especial do SOMA, o maior encontro sobre protagonismo feminino no setor imobili\u00e1rio, que j\u00e1 passou por espa\u00e7os ic\u00f4nicos como o MASP, em S\u00e3o Paulo, reunindo milhares de pessoas de todo o pa\u00eds.<\/p>\n<p style=\"text-align: justify;\">\n<p dir=\"ltr\" style=\"text-align: justify;\">Com 10 horas de conte\u00fado e networking, o SOMA Day RJ promete gerar trocas valiosas, oportunidades de novos neg\u00f3cios e debates fundamentais sobre os rumos do setor imobili\u00e1rio no Brasil.<\/p>\n<p style=\"text-align: justify;\">\n<p dir=\"ltr\" style=\"text-align: justify;\">O evento ser\u00e1 realizado no AQWA Corporate, empreendimento de alto padr\u00e3o localizado no Porto Maravilha \u2014 projeto s\u00edmbolo da revitaliza\u00e7\u00e3o da zona portu\u00e1ria da cidade e espa\u00e7o estrat\u00e9gico para refletir sobre o futuro das cidades.<\/p>\n<p style=\"text-align: justify;\">\n<p dir=\"ltr\" style=\"text-align: justify;\">Entre os participantes confirmados est\u00e3o Claudio Hermolin, presidente do Sinduscon-RJ, Sabrina Ribeiro, diretora de opera\u00e7\u00f5es da Cury Construtora, Rafaella Carvalho Corti, diretora executiva da Cyrela, Carolina Lidner, Diretora na Performance, Laura Su\u00e1rez, coordenadora institucional e corporativa do Secovi RJ, Vinicius Augusto, presidente da Bolsa de Im\u00f3veis RJ, entre outros grandes nomes do setor no pa\u00eds.<\/p>\n<p style=\"text-align: justify;\">\n<p dir=\"ltr\" style=\"text-align: justify;\">O evento tamb\u00e9m trar\u00e1 um painel com lideran\u00e7as locais para um bate-papo sobre inova\u00e7\u00e3o, protagonismo feminino e os novos rumos do setor. &#8220;O protagonismo feminino no imobili\u00e1rio n\u00e3o \u00e9 apenas uma pauta de equidade &#8211; \u00e9 tamb\u00e9m um diferencial competitivo. Ao reunir mulheres que s\u00e3o l\u00edderes e especialistas, o SOMA Day mostra que diversidade e excel\u00eancia caminham juntas. Nosso objetivo \u00e9 ampliar vozes, gerar visibilidade e fortalecer o papel das mulheres como protagonistas na constru\u00e7\u00e3o de um mercado mais inovador, inclusivo e sustent\u00e1vel&#8221;, destaca a fundadora e CEO do Instituto Mulheres do Imobili\u00e1rio e MI2B, Elisa Rosenthal.<\/p>\n<p style=\"text-align: justify;\">\n<p dir=\"ltr\" style=\"text-align: justify;\">Raquel Trevisan, diretora do SOMA, ressalta a import\u00e2ncia da realiza\u00e7\u00e3o do evento na capital carioca. &#8220;O SOMA tamb\u00e9m \u00e9 a oportunidade de dar palco e visibilidade \u00e0s vozes femininas do nosso setor e de estimular nossas lideran\u00e7as regionais para impulsionar as conex\u00f5es e neg\u00f3cios nos mercados regionais&#8221;.<\/p>\n<h2 dir=\"ltr\" style=\"text-align: justify;\">Painel especial &#8220;Reviver Centro&#8221; debater\u00e1 a revitaliza\u00e7\u00e3o do centro carioca<\/h2>\n<p dir=\"ltr\" style=\"text-align: justify;\">O Soma Day RJ trar\u00e1 em sua programa\u00e7\u00e3o in\u00fameras discuss\u00f5es, mas um dos momentos mais aguardado \u00e9 o painel &#8220;Reviver Centro&#8221;, sobre o projeto de revitaliza\u00e7\u00e3o do centro carioca, com a presen\u00e7a de autoridades e especialistas que lideram essa transforma\u00e7\u00e3o urbana: Gustavo Guerrante, Secret\u00e1rio de Urbanismo do Rio de Janeiro, Marcelo Haddad &#8211; Presidente do Rio Neg\u00f3cios, Ivana Bomfim, s\u00f3cia da \u00e1rea imobili\u00e1ria no escrit\u00f3rio Cescon Barrieu, e Claudio Hermolin, presidente do Sinduscon-RJ.<\/p>\n<p style=\"text-align: justify;\">\n<p dir=\"ltr\" style=\"text-align: justify;\">&#8220;Essa \u00e9 uma oportunidade estrat\u00e9gica para debater as transforma\u00e7\u00f5es que est\u00e3o impactando o setor. Nossa miss\u00e3o \u00e9 reunir profissionais e l\u00edderes para discutir inova\u00e7\u00e3o, dados, novas tecnologias e modelos de neg\u00f3cios que est\u00e3o moldando o setor. Mais do que conte\u00fado, o SOMA \u00e9 um espa\u00e7o de conex\u00e3o, troca e gera\u00e7\u00e3o de oportunidades concretas para quem quer se posicionar \u00e0 frente no mercado&#8221;, conclui Elisa Rosenthal.<\/p>\n<p dir=\"ltr\" style=\"text-align: justify;\">Servi\u00e7o<\/p>\n<p dir=\"ltr\" style=\"text-align: justify;\">SOMA Day RJ<\/p>\n<p dir=\"ltr\" style=\"text-align: justify;\">Data: 28 de mar\u00e7o de 2025<\/p>\n<p dir=\"ltr\" style=\"text-align: justify;\">Hor\u00e1rio: Das 8h \u00e0s 18h<\/p>\n<p dir=\"ltr\" style=\"text-align: justify;\">Local: AQWA Corporate \u2013 Porto Maravilha &#8211; Av. Oscar Niemeyer, 2000 &#8211; Santo Cristo, Rio de Janeiro &#8211; RJ<\/p>\n<p dir=\"ltr\" style=\"text-align: justify;\">Ingressos dispon\u00edveis\u00a0<a href=\"https:\/\/evento.blinket.com.br\/soma_day_rj\" target=\"_blank\" rel=\"noopener noreferrer\">neste link<\/a>.<\/p>\n<p dir=\"ltr\" style=\"text-align: justify;\">Saiba mais no\u00a0<a href=\"https:\/\/www.instagram.com\/mulheresdoimobiliario\/\" target=\"_blank\" rel=\"noopener noreferrer\">Instagram<\/a>\u00a0do Mulheres do Imobili\u00e1rio.<\/p>\n","protected":false},"excerpt":{"rendered":"<p>Com realiza\u00e7\u00e3o do Instituto Mulheres do Imobili\u00e1rio, evento traz Gustavo Guerrante, Secret\u00e1rio de Urbanismo do Rio de Janeiro, In\u00eas Magalh\u00e3es, Vice Presidente de Habita\u00e7\u00e3o da Caixa Econ\u00f4mica Federal, e Claudio Hermolin, presidente do Sinduscon-RJ Mar\u00e7o, 2025 &#8211; Pela primeira vez em solo carioca, o SOMA Day RJ desembarca no Porto Maravilha, no dia 28 de [&hellip;]<\/p>\n","protected":false},"author":1,"featured_media":25288,"comment_status":"open","ping_status":"open","sticky":false,"template":"","format":"standard","meta":{"_uag_custom_page_level_css":"","footnotes":""},"categories":[30],"tags":[1675,27350,9149,27349],"class_list":["post-25287","post","type-post","status-publish","format-standard","has-post-thumbnail","hentry","category-imoveis","tag-caixa","tag-mulheres-do-imobiliario","tag-porto-maravilha","tag-soma-day"],"blocksy_meta":[],"spectra_blocks_featured_image_url":{"thumbnail":{"url":"https:\/\/construcaocivil.siriusmarketingedesign.com.br\/wp-content\/uploads\/2025\/03\/unnamed-20-150x150.jpg","width":150,"height":150},"medium":{"url":"https:\/\/construcaocivil.siriusmarketingedesign.com.br\/wp-content\/uploads\/2025\/03\/unnamed-20-300x225.jpg","width":300,"height":225},"medium_large":{"url":"https:\/\/construcaocivil.siriusmarketingedesign.com.br\/wp-content\/uploads\/2025\/03\/unnamed-20-768x577.jpg","width":768,"height":577},"large":{"url":"https:\/\/construcaocivil.siriusmarketingedesign.com.br\/wp-content\/uploads\/2025\/03\/unnamed-20-1024x769.jpg","width":1024,"height":769},"full":{"url":"https:\/\/construcaocivil.siriusmarketingedesign.com.br\/wp-content\/uploads\/2025\/03\/unnamed-20.jpg","width":1600,"height":1202}},"spectra_blocks_author_info":{"display_name":"Jornal da Constru\u00e7\u00e3o Civil","avatar_url":"https:\/\/secure.gravatar.com\/avatar\/973c9774fd44ddaceb026973c4962faa70fc512bc4c9da68e8ebb40fecee6540?s=96&d=mm&r=g","author_link":"https:\/\/construcaocivil.siriusmarketingedesign.com.br\/?author=1","description":"Desde de 2013, levando muitas informa\u00e7\u00f5es, lan\u00e7amentos e produtos de qualidade para toda cadeia produtiva da constru\u00e7\u00e3o. O Futuro da constru\u00e7\u00e3o passa por aqui,"},"uagb_featured_image_src":{"full":["https:\/\/construcaocivil.siriusmarketingedesign.com.br\/wp-content\/uploads\/2025\/03\/unnamed-20.jpg",1600,1202,false],"thumbnail":["https:\/\/construcaocivil.siriusmarketingedesign.com.br\/wp-content\/uploads\/2025\/03\/unnamed-20-150x150.jpg",150,150,true],"medium":["https:\/\/construcaocivil.siriusmarketingedesign.com.br\/wp-content\/uploads\/2025\/03\/unnamed-20-300x225.jpg",300,225,true],"medium_large":["https:\/\/construcaocivil.siriusmarketingedesign.com.br\/wp-content\/uploads\/2025\/03\/unnamed-20-768x577.jpg",768,577,true],"large":["https:\/\/construcaocivil.siriusmarketingedesign.com.br\/wp-content\/uploads\/2025\/03\/unnamed-20-1024x769.jpg",1024,769,true],"1536x1536":["https:\/\/construcaocivil.siriusmarketingedesign.com.br\/wp-content\/uploads\/2025\/03\/unnamed-20-1536x1154.jpg",1536,1154,true],"2048x2048":["https:\/\/construcaocivil.siriusmarketingedesign.com.br\/wp-content\/uploads\/2025\/03\/unnamed-20.jpg",1600,1202,false]},"uagb_author_info":{"display_name":"Jornal da Constru\u00e7\u00e3o Civil","author_link":"https:\/\/construcaocivil.siriusmarketingedesign.com.br\/?author=1"},"uagb_comment_info":0,"uagb_excerpt":"Com realiza\u00e7\u00e3o do Instituto Mulheres do Imobili\u00e1rio, evento traz Gustavo Guerrante, Secret\u00e1rio de Urbanismo do Rio de Janeiro, In\u00eas Magalh\u00e3es, Vice Presidente de Habita\u00e7\u00e3o da Caixa Econ\u00f4mica Federal, e Claudio Hermolin, presidente do Sinduscon-RJ Mar\u00e7o, 2025 &#8211; Pela primeira vez em solo carioca, o SOMA Day RJ desembarca no Porto Maravilha, no dia 28 de&hellip;","_links":{"self":[{"href":"https:\/\/construcaocivil.siriusmarketingedesign.com.br\/index.php?rest_route=\/wp\/v2\/posts\/25287","targetHints":{"allow":["GET"]}}],"collection":[{"href":"https:\/\/construcaocivil.siriusmarketingedesign.com.br\/index.php?rest_route=\/wp\/v2\/posts"}],"about":[{"href":"https:\/\/construcaocivil.siriusmarketingedesign.com.br\/index.php?rest_route=\/wp\/v2\/types\/post"}],"author":[{"embeddable":true,"href":"https:\/\/construcaocivil.siriusmarketingedesign.com.br\/index.php?rest_route=\/wp\/v2\/users\/1"}],"replies":[{"embeddable":true,"href":"https:\/\/construcaocivil.siriusmarketingedesign.com.br\/index.php?rest_route=%2Fwp%2Fv2%2Fcomments&post=25287"}],"version-history":[{"count":0,"href":"https:\/\/construcaocivil.siriusmarketingedesign.com.br\/index.php?rest_route=\/wp\/v2\/posts\/25287\/revisions"}],"wp:featuredmedia":[{"embeddable":true,"href":"https:\/\/construcaocivil.siriusmarketingedesign.com.br\/index.php?rest_route=\/wp\/v2\/media\/25288"}],"wp:attachment":[{"href":"https:\/\/construcaocivil.siriusmarketingedesign.com.br\/index.php?rest_route=%2Fwp%2Fv2%2Fmedia&parent=25287"}],"wp:term":[{"taxonomy":"category","embeddable":true,"href":"https:\/\/construcaocivil.siriusmarketingedesign.com.br\/index.php?rest_route=%2Fwp%2Fv2%2Fcategories&post=25287"},{"taxonomy":"post_tag","embeddable":true,"href":"https:\/\/construcaocivil.siriusmarketingedesign.com.br\/index.php?rest_route=%2Fwp%2Fv2%2Ftags&post=25287"}],"curies":[{"name":"wp","href":"https:\/\/api.w.org\/{rel}","templated":true}]}}