{"id":25299,"date":"2025-03-25T12:30:10","date_gmt":"2025-03-25T15:30:10","guid":{"rendered":"https:\/\/www.jornaldaconstrucaocivil.com.br\/?p=25299"},"modified":"2025-03-25T12:30:10","modified_gmt":"2025-03-25T15:30:10","slug":"mao-de-obra-tecnologia-e-eficiencia-sao-destaque-do-connections-by-squad","status":"publish","type":"post","link":"https:\/\/construcaocivil.siriusmarketingedesign.com.br\/?p=25299","title":{"rendered":"M\u00e3o de obra, tecnologia e efici\u00eancia s\u00e3o destaque do Connections by SQUAD"},"content":{"rendered":"<p style=\"text-align: justify;\"><i><strong>Evento organizado pela SQUAD Realty reuniu os principais nomes do mercado imobili\u00e1rio em BH<\/strong><\/i><strong>\u00a0<\/strong><i><strong>e consolida-se como refer\u00eancia no mercado da constru\u00e7\u00e3o civil<\/strong><\/i><\/p>\n<p style=\"text-align: justify;\">O mercado da constru\u00e7\u00e3o civil esteve no centro dos debates em Belo Horizonte, durante o\u00a0<strong>Connections by Squad,<\/strong>\u00a0evento realizado nesse m\u00eas de mar\u00e7o, que reuniu especialistas e l\u00edderes do setor para discutir desafios e oportunidades. Organizado pela\u00a0<strong>Squad Realty,<\/strong>\u00a0o encontro se consolidou como um espa\u00e7o estrat\u00e9gico para networking e troca de conhecimento, destacando-se pela qualidade do conte\u00fado e pelas conex\u00f5es que impulsionam o crescimento da ind\u00fastria.\n<\/p>\n<p style=\"text-align: justify;\">Com 42 palestrantes e uma plateia composta por 200 participantes, o evento abordou temas essenciais para o futuro da constru\u00e7\u00e3o civil. Para\u00a0<strong>Guilherme Diamante, CEO da Squad Realty e idealizador do evento<\/strong>, trazer o Connections para Belo Horizonte reafirma o protagonismo da cidade no setor. &#8220;<i>Muitas vezes precisamos sair daqui para perceber que o que fazemos \u00e9 t\u00e3o bom ou at\u00e9 melhor do que o que \u00e9 feito em outros lugares. \u00c9 motivo de muito orgulho ver que conseguimos realizar um evento que j\u00e1 se torna refer\u00eancia nacional em qualidade de conte\u00fado e rela\u00e7\u00f5es&#8221;,<\/i>\u00a0destaca Guilherme.<\/p>\n<figure id=\"attachment_25301\" aria-describedby=\"caption-attachment-25301\" style=\"width: 300px\" class=\"wp-caption alignleft\"><img loading=\"lazy\" decoding=\"async\" class=\"size-medium wp-image-25301\" src=\"https:\/\/www.jornaldaconstrucaocivil.com.br\/wp-content\/uploads\/2025\/03\/handler-4-300x200.jpeg\" alt=\"\" width=\"300\" height=\"200\" srcset=\"https:\/\/construcaocivil.siriusmarketingedesign.com.br\/wp-content\/uploads\/2025\/03\/handler-4-300x200.jpeg 300w, https:\/\/construcaocivil.siriusmarketingedesign.com.br\/wp-content\/uploads\/2025\/03\/handler-4-1024x682.jpeg 1024w, https:\/\/construcaocivil.siriusmarketingedesign.com.br\/wp-content\/uploads\/2025\/03\/handler-4-768x512.jpeg 768w, https:\/\/construcaocivil.siriusmarketingedesign.com.br\/wp-content\/uploads\/2025\/03\/handler-4-1536x1023.jpeg 1536w, https:\/\/construcaocivil.siriusmarketingedesign.com.br\/wp-content\/uploads\/2025\/03\/handler-4-200x133.jpeg 200w, https:\/\/construcaocivil.siriusmarketingedesign.com.br\/wp-content\/uploads\/2025\/03\/handler-4.jpeg 1600w\" sizes=\"auto, (max-width: 300px) 100vw, 300px\" \/><figcaption id=\"caption-attachment-25301\" class=\"wp-caption-text\">Alex Veiga, presidente e CEO do Grupo Patrimar, no Connections by Squad. Foto: Divulga\u00e7\u00e3o<\/figcaption><\/figure>\n<p style=\"text-align: justify;\">A relev\u00e2ncia do evento foi ressaltada por l\u00edderes do setor. <strong>Thiago Ely, VP Comercial e Marketing da MRV&amp;Co<\/strong>, destacou a import\u00e2ncia de descentralizar as discuss\u00f5es sobre o mercado imobili\u00e1rio.\u00a0<i>&#8220;O Connections leva debates cruciais para fora do eixo tradicional de S\u00e3o Paulo e traz perspectivas diversas para o setor. Quanto mais compartilhamos conhecimento, mais crescemos<\/i>&#8220;, afirmou. J\u00e1\u00a0<strong>Renato Correia, presidente da CBIC<\/strong>, pontuou que o ambiente proporcionado pela Squad Realty impulsiona a evolu\u00e7\u00e3o do mercado: &#8220;<i>Voc\u00ea pode refletir sobre o que aconteceu, analisar o presente, mas principalmente olhar para o futuro. Esse \u00e9 um evento essencial e agregador<\/i>&#8220;.\n<\/p>\n<p style=\"text-align: justify;\">A troca de experi\u00eancias foi um dos principais diferenciais do Connections. Representantes de\u00a0<strong>14 estados brasileiros<\/strong>\u00a0participaram das discuss\u00f5es, promovendo uma diversidade de vis\u00f5es e solu\u00e7\u00f5es para o setor. Um dos grandes desafios discutidos foi a\u00a0<strong>escassez de m\u00e3o de obra qualificada<\/strong>, um problema que exige solu\u00e7\u00f5es inovadoras e parcerias estrat\u00e9gicas para atrair e reter talentos. A tecnologia tamb\u00e9m teve um papel central nos debates, sendo apresentada como um fator crucial para otimizar processos, aumentar a produtividade e garantir a qualidade nas constru\u00e7\u00f5es.\n<\/p>\n<p style=\"text-align: justify;\"><strong>Jo\u00e3o Ximenez Fi\u00faza, VP do Grupo Diagonal<\/strong>, destacou a necessidade de modernizar o setor e atrair jovens profissionais:\u00a0<i>&#8220;A m\u00e9dia de idade nos canteiros de obra \u00e9 de 45 anos. Precisamos investir em inova\u00e7\u00e3o para torn\u00e1-lo mais atrativo&#8221;.\u00a0<\/i><strong>Felipe Melnick, Diretor Comercial da Melnick<\/strong>, refor\u00e7ou a import\u00e2ncia das pessoas para o sucesso da empresa<i>: &#8220;As pessoas s\u00e3o o cora\u00e7\u00e3o do nosso neg\u00f3cio&#8221;<\/i><\/p>\n<p style=\"text-align: justify;\">O evento tamb\u00e9m abordou estrat\u00e9gias comerciais.\u00a0<strong>Tellio Todaro, Superintendente Executivo de Incorpora\u00e7\u00e3o da Eztec<\/strong>, enfatizou que &#8220;a venda \u00e9 o oxig\u00eanio da empresa&#8221;, destacando a import\u00e2ncia de projetos ic\u00f4nicos e da rela\u00e7\u00e3o com o cliente. J\u00e1\u00a0<strong>Alex Veiga, presidente e CEO do Grupo Patrimar<\/strong>, compartilhou sua trajet\u00f3ria de sucesso e deixou uma mensagem inspiradora: &#8220;Construir legados exige vis\u00e3o de longo prazo, generosidade e um forte senso de pertencimento&#8221;.<\/p>\n<p style=\"text-align: justify;\">\nCom temas inovadores e um p\u00fablico altamente qualificado, o\u00a0<strong>Connections by Squad<\/strong>\u00a0consolida-se como um dos eventos mais importantes do setor da constru\u00e7\u00e3o civil no Brasil. A edi\u00e7\u00e3o deste ano reafirma o compromisso da\u00a0<strong>Squad Realty<\/strong>\u00a0em promover conhecimento, conex\u00f5es e oportunidades que impulsionam o futuro do mercado.<\/p>\n<p style=\"text-align: justify;\">Saiba mais em\u00a0<a href=\"https:\/\/squadrealty.com.br\/\" target=\"_blank\" rel=\"noopener noreferrer\"><u>squadrealty.com.br<\/u><\/a><\/p>\n","protected":false},"excerpt":{"rendered":"<p>Evento organizado pela SQUAD Realty reuniu os principais nomes do mercado imobili\u00e1rio em BH\u00a0e consolida-se como refer\u00eancia no mercado da constru\u00e7\u00e3o civil O mercado da constru\u00e7\u00e3o civil esteve no centro dos debates em Belo Horizonte, durante o\u00a0Connections by Squad,\u00a0evento realizado nesse m\u00eas de mar\u00e7o, que reuniu especialistas e l\u00edderes do setor para discutir desafios e [&hellip;]<\/p>\n","protected":false},"author":1,"featured_media":25300,"comment_status":"open","ping_status":"open","sticky":false,"template":"","format":"standard","meta":{"_uag_custom_page_level_css":"","footnotes":""},"categories":[33],"tags":[1338,14904,27359,2826,7563,27358],"class_list":["post-25299","post","type-post","status-publish","format-standard","has-post-thumbnail","hentry","category-mercado","tag-belo-horizonte","tag-bim-projetos-aec","tag-connections-by-squad","tag-construcao-civil","tag-mercado-imobiliario","tag-squad-realty"],"blocksy_meta":[],"spectra_blocks_featured_image_url":{"thumbnail":{"url":"https:\/\/construcaocivil.siriusmarketingedesign.com.br\/wp-content\/uploads\/2025\/03\/handler-3-150x150.jpeg","width":150,"height":150},"medium":{"url":"https:\/\/construcaocivil.siriusmarketingedesign.com.br\/wp-content\/uploads\/2025\/03\/handler-3-300x200.jpeg","width":300,"height":200},"medium_large":{"url":"https:\/\/construcaocivil.siriusmarketingedesign.com.br\/wp-content\/uploads\/2025\/03\/handler-3-768x512.jpeg","width":768,"height":512},"large":{"url":"https:\/\/construcaocivil.siriusmarketingedesign.com.br\/wp-content\/uploads\/2025\/03\/handler-3-1024x682.jpeg","width":1024,"height":682},"full":{"url":"https:\/\/construcaocivil.siriusmarketingedesign.com.br\/wp-content\/uploads\/2025\/03\/handler-3.jpeg","width":1600,"height":1066}},"spectra_blocks_author_info":{"display_name":"Jornal da Constru\u00e7\u00e3o Civil","avatar_url":"https:\/\/secure.gravatar.com\/avatar\/973c9774fd44ddaceb026973c4962faa70fc512bc4c9da68e8ebb40fecee6540?s=96&d=mm&r=g","author_link":"https:\/\/construcaocivil.siriusmarketingedesign.com.br\/?author=1","description":"Desde de 2013, levando muitas informa\u00e7\u00f5es, lan\u00e7amentos e produtos de qualidade para toda cadeia produtiva da constru\u00e7\u00e3o. O Futuro da constru\u00e7\u00e3o passa por aqui,"},"uagb_featured_image_src":{"full":["https:\/\/construcaocivil.siriusmarketingedesign.com.br\/wp-content\/uploads\/2025\/03\/handler-3.jpeg",1600,1066,false],"thumbnail":["https:\/\/construcaocivil.siriusmarketingedesign.com.br\/wp-content\/uploads\/2025\/03\/handler-3-150x150.jpeg",150,150,true],"medium":["https:\/\/construcaocivil.siriusmarketingedesign.com.br\/wp-content\/uploads\/2025\/03\/handler-3-300x200.jpeg",300,200,true],"medium_large":["https:\/\/construcaocivil.siriusmarketingedesign.com.br\/wp-content\/uploads\/2025\/03\/handler-3-768x512.jpeg",768,512,true],"large":["https:\/\/construcaocivil.siriusmarketingedesign.com.br\/wp-content\/uploads\/2025\/03\/handler-3-1024x682.jpeg",1024,682,true],"1536x1536":["https:\/\/construcaocivil.siriusmarketingedesign.com.br\/wp-content\/uploads\/2025\/03\/handler-3-1536x1023.jpeg",1536,1023,true],"2048x2048":["https:\/\/construcaocivil.siriusmarketingedesign.com.br\/wp-content\/uploads\/2025\/03\/handler-3.jpeg",1600,1066,false]},"uagb_author_info":{"display_name":"Jornal da Constru\u00e7\u00e3o Civil","author_link":"https:\/\/construcaocivil.siriusmarketingedesign.com.br\/?author=1"},"uagb_comment_info":0,"uagb_excerpt":"Evento organizado pela SQUAD Realty reuniu os principais nomes do mercado imobili\u00e1rio em BH\u00a0e consolida-se como refer\u00eancia no mercado da constru\u00e7\u00e3o civil O mercado da constru\u00e7\u00e3o civil esteve no centro dos debates em Belo Horizonte, durante o\u00a0Connections by Squad,\u00a0evento realizado nesse m\u00eas de mar\u00e7o, que reuniu especialistas e l\u00edderes do setor para discutir desafios e&hellip;","_links":{"self":[{"href":"https:\/\/construcaocivil.siriusmarketingedesign.com.br\/index.php?rest_route=\/wp\/v2\/posts\/25299","targetHints":{"allow":["GET"]}}],"collection":[{"href":"https:\/\/construcaocivil.siriusmarketingedesign.com.br\/index.php?rest_route=\/wp\/v2\/posts"}],"about":[{"href":"https:\/\/construcaocivil.siriusmarketingedesign.com.br\/index.php?rest_route=\/wp\/v2\/types\/post"}],"author":[{"embeddable":true,"href":"https:\/\/construcaocivil.siriusmarketingedesign.com.br\/index.php?rest_route=\/wp\/v2\/users\/1"}],"replies":[{"embeddable":true,"href":"https:\/\/construcaocivil.siriusmarketingedesign.com.br\/index.php?rest_route=%2Fwp%2Fv2%2Fcomments&post=25299"}],"version-history":[{"count":0,"href":"https:\/\/construcaocivil.siriusmarketingedesign.com.br\/index.php?rest_route=\/wp\/v2\/posts\/25299\/revisions"}],"wp:featuredmedia":[{"embeddable":true,"href":"https:\/\/construcaocivil.siriusmarketingedesign.com.br\/index.php?rest_route=\/wp\/v2\/media\/25300"}],"wp:attachment":[{"href":"https:\/\/construcaocivil.siriusmarketingedesign.com.br\/index.php?rest_route=%2Fwp%2Fv2%2Fmedia&parent=25299"}],"wp:term":[{"taxonomy":"category","embeddable":true,"href":"https:\/\/construcaocivil.siriusmarketingedesign.com.br\/index.php?rest_route=%2Fwp%2Fv2%2Fcategories&post=25299"},{"taxonomy":"post_tag","embeddable":true,"href":"https:\/\/construcaocivil.siriusmarketingedesign.com.br\/index.php?rest_route=%2Fwp%2Fv2%2Ftags&post=25299"}],"curies":[{"name":"wp","href":"https:\/\/api.w.org\/{rel}","templated":true}]}}