{"id":25303,"date":"2025-03-25T13:04:50","date_gmt":"2025-03-25T16:04:50","guid":{"rendered":"https:\/\/www.jornaldaconstrucaocivil.com.br\/?p=25303"},"modified":"2025-03-25T13:24:57","modified_gmt":"2025-03-25T16:24:57","slug":"bndes-lanca-edital-para-arquitetos-negros-idealizarem-distrito-cultural-da-pequena-africa","status":"publish","type":"post","link":"https:\/\/construcaocivil.siriusmarketingedesign.com.br\/?p=25303","title":{"rendered":"BNDES lan\u00e7a edital para arquitetos negros idealizarem Distrito Cultural da Pequena \u00c1frica"},"content":{"rendered":"<p style=\"text-align: justify;\">O Banco Nacional de Desenvolvimento Econ\u00f4mico e Social (BNDES) lan\u00e7ou nesta sexta-feira, 21, Dia Internacional da Luta pela Elimina\u00e7\u00e3o da Discrimina\u00e7\u00e3o Racial, no Rio, o\u00a0<a href=\"https:\/\/concursobndespequenaafrica.com.br\/wp-content\/uploads\/2025\/03\/01_edital_concurso_bndes_pequena_africa.pdf\" target=\"_blank\" rel=\"noopener\">edital<\/a>\u00a0do\u00a0<a href=\"https:\/\/concursobndespequenaafrica.com.br\/\" target=\"_blank\" rel=\"noopener\">Concurso BNDES Pequena \u00c1frica<\/a>. A iniciativa faz parte do projeto de estrutura\u00e7\u00e3o do Distrito Cultural Pequena \u00c1frica, coordenado pelo Cons\u00f3rcio Valongo Patrim\u00f4nio Vivo, e tem como objetivo reunir propostas de interven\u00e7\u00f5es urban\u00edsticas para a regi\u00e3o, elaboradas por equipes que tenham na lideran\u00e7a um arquiteto e\/ou urbanista negro.<\/p>\n<figure id=\"attachment_25307\" aria-describedby=\"caption-attachment-25307\" style=\"width: 300px\" class=\"wp-caption alignleft\"><img loading=\"lazy\" decoding=\"async\" class=\"size-medium wp-image-25307\" src=\"https:\/\/www.jornaldaconstrucaocivil.com.br\/wp-content\/uploads\/2025\/03\/Pequena_Africa_21032025_Arthur_Augusto_Divulgacao_BNDES-38-300x200.jpeg\" alt=\"\" width=\"300\" height=\"200\" srcset=\"https:\/\/construcaocivil.siriusmarketingedesign.com.br\/wp-content\/uploads\/2025\/03\/Pequena_Africa_21032025_Arthur_Augusto_Divulgacao_BNDES-38-300x200.jpeg 300w, https:\/\/construcaocivil.siriusmarketingedesign.com.br\/wp-content\/uploads\/2025\/03\/Pequena_Africa_21032025_Arthur_Augusto_Divulgacao_BNDES-38-1024x684.jpeg 1024w, https:\/\/construcaocivil.siriusmarketingedesign.com.br\/wp-content\/uploads\/2025\/03\/Pequena_Africa_21032025_Arthur_Augusto_Divulgacao_BNDES-38-768x513.jpeg 768w, https:\/\/construcaocivil.siriusmarketingedesign.com.br\/wp-content\/uploads\/2025\/03\/Pequena_Africa_21032025_Arthur_Augusto_Divulgacao_BNDES-38-1536x1025.jpeg 1536w, https:\/\/construcaocivil.siriusmarketingedesign.com.br\/wp-content\/uploads\/2025\/03\/Pequena_Africa_21032025_Arthur_Augusto_Divulgacao_BNDES-38-2048x1367.jpeg 2048w, https:\/\/construcaocivil.siriusmarketingedesign.com.br\/wp-content\/uploads\/2025\/03\/Pequena_Africa_21032025_Arthur_Augusto_Divulgacao_BNDES-38-200x134.jpeg 200w\" sizes=\"auto, (max-width: 300px) 100vw, 300px\" \/><figcaption id=\"caption-attachment-25307\" class=\"wp-caption-text\">Ministra Anielle Franco<\/figcaption><\/figure>\n<p style=\"text-align: justify;\">Participaram do evento as ministras da Igualdade Racial, Anielle Franco, da Cultura, Margareth Menezes, e dos Direitos Humanos e Cidadania, Maca\u00e9 Evaristo e a diretora de Pessoas do BNDES, Helena Ten\u00f3rio. Tamb\u00e9m estiveram presentes a deputada federal Benedita da Silva e os presidentes da Funda\u00e7\u00e3o Palmares, Jo\u00e3o Jorge Rodrigues dos Santos, e da Ag\u00eancia Brasileira de Promo\u00e7\u00e3o Internacional do Turismo (Embratur), Marcelo Freixo, entre outras autoridades.<\/p>\n<p style=\"text-align: justify;\">Localizada na zona portu\u00e1ria do Rio, a Pequena \u00c1frica \u00e9 reconhecida por sua relev\u00e2ncia hist\u00f3rica e cultural na constru\u00e7\u00e3o da identidade negra no Brasil. O concurso busca solu\u00e7\u00f5es inovadoras para fortalecer o territ\u00f3rio, promovendo melhorias urban\u00edsticas e integrando marcos de grande relev\u00e2ncia patrimonial, econ\u00f4mica e identit\u00e1ria.<\/p>\n<p style=\"text-align: justify;\">\u201cA gente pode hoje concretizar mais um passo, para al\u00e9m de mem\u00f3ria, de repara\u00e7\u00e3o, de pensar nesses territ\u00f3rios. A nossa constru\u00e7\u00e3o, a nossa revolu\u00e7\u00e3o, a nossa exist\u00eancia nesses espa\u00e7os se d\u00e1 por uma luta coletiva\u201d, afirmou a ministra da Igualdade Racial, Anielle Franco.<\/p>\n<p style=\"text-align: justify;\"><strong>O concurso &#8211;<\/strong>\u00a0As propostas para a Pequena \u00c1frica podem abranger desde solu\u00e7\u00f5es arquitet\u00f4nicas e estrat\u00e9gias de mobilidade at\u00e9 a\u00e7\u00f5es culturais, educativas e narrativas tecnol\u00f3gicas, sempre com foco na valoriza\u00e7\u00e3o do patrim\u00f4nio, no est\u00edmulo \u00e0 economia criativa e na amplia\u00e7\u00e3o do acesso \u00e0 cultura. Conforme descrito no edital, as propostas devem contribuir para a cria\u00e7\u00e3o de um ambiente urbano integrado e funcional.<\/p>\n<figure id=\"attachment_25308\" aria-describedby=\"caption-attachment-25308\" style=\"width: 300px\" class=\"wp-caption alignright\"><img loading=\"lazy\" decoding=\"async\" class=\"size-medium wp-image-25308\" src=\"https:\/\/www.jornaldaconstrucaocivil.com.br\/wp-content\/uploads\/2025\/03\/Pequena_Africa_21032025_Arthur_Augusto_Divulgacao_BNDES-36.JPG_28036008-300x200.jpg\" alt=\"\" width=\"300\" height=\"200\" srcset=\"https:\/\/construcaocivil.siriusmarketingedesign.com.br\/wp-content\/uploads\/2025\/03\/Pequena_Africa_21032025_Arthur_Augusto_Divulgacao_BNDES-36.JPG_28036008-300x200.jpg 300w, https:\/\/construcaocivil.siriusmarketingedesign.com.br\/wp-content\/uploads\/2025\/03\/Pequena_Africa_21032025_Arthur_Augusto_Divulgacao_BNDES-36.JPG_28036008-200x133.jpg 200w, https:\/\/construcaocivil.siriusmarketingedesign.com.br\/wp-content\/uploads\/2025\/03\/Pequena_Africa_21032025_Arthur_Augusto_Divulgacao_BNDES-36.JPG_28036008.jpg 700w\" sizes=\"auto, (max-width: 300px) 100vw, 300px\" \/><figcaption id=\"caption-attachment-25308\" class=\"wp-caption-text\">Ministra Maca\u00e9 Evaristo<\/figcaption><\/figure>\n<p style=\"text-align: justify;\">Entre os eixos previstos, est\u00e3o a cria\u00e7\u00e3o de solu\u00e7\u00f5es de comunica\u00e7\u00e3o visual, mobili\u00e1rio urbano e outras interven\u00e7\u00f5es de pequeno porte, que dialoguem com a identidade local e consolidem a regi\u00e3o como espa\u00e7o de refer\u00eancia cultural e social. A iniciativa pretende fortalecer a narrativa da Pequena \u00c1frica como museu de territ\u00f3rio, conectando passado e presente para projetar um afrofuturo enraizado no territ\u00f3rio.<\/p>\n<p style=\"text-align: justify;\">O edital estimula a forma\u00e7\u00e3o de equipes multidisciplinares, permitindo a participa\u00e7\u00e3o de profissionais de diversas \u00e1reas, como arqueologia, comunica\u00e7\u00e3o visual, educa\u00e7\u00e3o, design e hist\u00f3ria. As inscri\u00e7\u00f5es estar\u00e3o abertas at\u00e9 as 23h59 do dia 15 de maio para propostas individuais ou coletivas, desde que estejam conectadas com a realidade e a cultura local.<\/p>\n<p style=\"text-align: justify;\">O projeto classificado em primeiro lugar receber\u00e1 premia\u00e7\u00e3o de R$ 78 mil. O segundo colocado ser\u00e1 agraciado com um pr\u00eamio de R$ 39 mil. Ao terceiro, caber\u00e1 uma quantia de R$ 13 mil.<\/p>\n<p style=\"text-align: justify;\">Segundo o assessor da presid\u00eancia e coordenador da Iniciativa Valongo do BNDES, Marcos Motta, o presidente Mercadante colocou o Banco para ajudar a viabilizar uma solu\u00e7\u00e3o para o compromisso do Brasil com a UNESCO, pois enxerga o Cais do Valongo como algo muito maior do que a restaura\u00e7\u00e3o de um patrim\u00f4nio. \u201cTemos a chance de transformar a Pequena \u00c1frica por meio de requalifica\u00e7\u00e3o urbana, novos equipamentos e estrutura\u00e7\u00e3o financeira, dando forma a um verdadeiro museu a c\u00e9u aberto, que pode ser um motor cultural e econ\u00f4mico daquela regi\u00e3o. Este concurso \u00e9 o primeiro passo para essa mudan\u00e7a, colocando a Pequena \u00c1frica no lugar de destaque que sempre mereceu\u201d, afirmou Motta.<\/p>\n<p style=\"text-align: justify;\">Para o presidente da Embratur, Marcelo Freixo, o BNDES tem hoje um papel fundamental na democracia brasileira, em um pa\u00eds em disputa e constru\u00e7\u00e3o: \u201cO afroturismo hoje \u00e9 uma realidade. O Brasil nunca recebeu tanto turista internacional como hoje: em janeiro e fevereiro, a gente recebeu 2,8 milh\u00f5es de turistas internacionais em dois meses. A gente n\u00e3o pode ter um Brasil para o turista e outro Brasil para os brasileiros, \u00e9 um Brasil s\u00f3 que tem que ser constru\u00eddo para todo mundo\u201d.<\/p>\n<section class=\"materia-conteudo\">\n<div>\n<p><strong>O cons\u00f3rcio<\/strong>\u00a0\u2013 O Cons\u00f3rcio Valongo Patrim\u00f4nio Vivo, respons\u00e1vel pela estrutura\u00e7\u00e3o do concurso, \u00e9 liderado pelo escrit\u00f3rio Jaime Lerner Arquitetos Associados e re\u00fane as empresas Avenida Comunica\u00e7\u00e3o, MKR Consultoria, Urbit, Vallya Advisors Assessoria Financeira, Pires Advogados &amp; Consultores e Caio Buarque Advogados. Al\u00e9m do concurso, o cons\u00f3rcio tamb\u00e9m atua na concep\u00e7\u00e3o de at\u00e9 seis novos equipamentos culturais ou de fomento econ\u00f4mico para a regi\u00e3o, em resposta \u00e0s demandas identificadas em consultas \u00e0 comunidade.<\/p>\n<\/div>\n<\/section>\n<aside class=\"barra\">\n<aside class=\"blog-barra blog-mais-lidas\">\n<div id=\"maisLidas\" class=\"mais-lidas verde4\">\n<header class=\"tarja mais-lidas\">\n<h4><\/h4>\n<\/header>\n<\/div>\n<\/aside>\n<\/aside>\n<p style=\"text-align: justify;\">\n","protected":false},"excerpt":{"rendered":"<p>O Banco Nacional de Desenvolvimento Econ\u00f4mico e Social (BNDES) lan\u00e7ou nesta sexta-feira, 21, Dia Internacional da Luta pela Elimina\u00e7\u00e3o da Discrimina\u00e7\u00e3o Racial, no Rio, o\u00a0edital\u00a0do\u00a0Concurso BNDES Pequena \u00c1frica. A iniciativa faz parte do projeto de estrutura\u00e7\u00e3o do Distrito Cultural Pequena \u00c1frica, coordenado pelo Cons\u00f3rcio Valongo Patrim\u00f4nio Vivo, e tem como objetivo reunir propostas de interven\u00e7\u00f5es [&hellip;]<\/p>\n","protected":false},"author":1,"featured_media":25304,"comment_status":"open","ping_status":"open","sticky":false,"template":"","format":"standard","meta":{"_uag_custom_page_level_css":"","footnotes":""},"categories":[28],"tags":[27362,27360,27361,9149],"class_list":["post-25303","post","type-post","status-publish","format-standard","has-post-thumbnail","hentry","category-arquitetura","tag-distrito-cultural-pequena-africa","tag-edital-bndes-arquietos-negros","tag-museu-afro","tag-porto-maravilha"],"blocksy_meta":[],"spectra_blocks_featured_image_url":{"thumbnail":{"url":"https:\/\/construcaocivil.siriusmarketingedesign.com.br\/wp-content\/uploads\/2025\/03\/0765803a-c648-42b8-9daa-3c1a596d55f4-150x150.jpg","width":150,"height":150},"medium":{"url":"https:\/\/construcaocivil.siriusmarketingedesign.com.br\/wp-content\/uploads\/2025\/03\/0765803a-c648-42b8-9daa-3c1a596d55f4-300x200.jpg","width":300,"height":200},"medium_large":{"url":"https:\/\/construcaocivil.siriusmarketingedesign.com.br\/wp-content\/uploads\/2025\/03\/0765803a-c648-42b8-9daa-3c1a596d55f4-768x512.jpg","width":768,"height":512},"large":{"url":"https:\/\/construcaocivil.siriusmarketingedesign.com.br\/wp-content\/uploads\/2025\/03\/0765803a-c648-42b8-9daa-3c1a596d55f4-1024x682.jpg","width":1024,"height":682},"full":{"url":"https:\/\/construcaocivil.siriusmarketingedesign.com.br\/wp-content\/uploads\/2025\/03\/0765803a-c648-42b8-9daa-3c1a596d55f4.jpg","width":1280,"height":853}},"spectra_blocks_author_info":{"display_name":"Jornal da Constru\u00e7\u00e3o Civil","avatar_url":"https:\/\/secure.gravatar.com\/avatar\/973c9774fd44ddaceb026973c4962faa70fc512bc4c9da68e8ebb40fecee6540?s=96&d=mm&r=g","author_link":"https:\/\/construcaocivil.siriusmarketingedesign.com.br\/?author=1","description":"Desde de 2013, levando muitas informa\u00e7\u00f5es, lan\u00e7amentos e produtos de qualidade para toda cadeia produtiva da constru\u00e7\u00e3o. O Futuro da constru\u00e7\u00e3o passa por aqui,"},"uagb_featured_image_src":{"full":["https:\/\/construcaocivil.siriusmarketingedesign.com.br\/wp-content\/uploads\/2025\/03\/0765803a-c648-42b8-9daa-3c1a596d55f4.jpg",1280,853,false],"thumbnail":["https:\/\/construcaocivil.siriusmarketingedesign.com.br\/wp-content\/uploads\/2025\/03\/0765803a-c648-42b8-9daa-3c1a596d55f4-150x150.jpg",150,150,true],"medium":["https:\/\/construcaocivil.siriusmarketingedesign.com.br\/wp-content\/uploads\/2025\/03\/0765803a-c648-42b8-9daa-3c1a596d55f4-300x200.jpg",300,200,true],"medium_large":["https:\/\/construcaocivil.siriusmarketingedesign.com.br\/wp-content\/uploads\/2025\/03\/0765803a-c648-42b8-9daa-3c1a596d55f4-768x512.jpg",768,512,true],"large":["https:\/\/construcaocivil.siriusmarketingedesign.com.br\/wp-content\/uploads\/2025\/03\/0765803a-c648-42b8-9daa-3c1a596d55f4-1024x682.jpg",1024,682,true],"1536x1536":["https:\/\/construcaocivil.siriusmarketingedesign.com.br\/wp-content\/uploads\/2025\/03\/0765803a-c648-42b8-9daa-3c1a596d55f4.jpg",1280,853,false],"2048x2048":["https:\/\/construcaocivil.siriusmarketingedesign.com.br\/wp-content\/uploads\/2025\/03\/0765803a-c648-42b8-9daa-3c1a596d55f4.jpg",1280,853,false]},"uagb_author_info":{"display_name":"Jornal da Constru\u00e7\u00e3o Civil","author_link":"https:\/\/construcaocivil.siriusmarketingedesign.com.br\/?author=1"},"uagb_comment_info":0,"uagb_excerpt":"O Banco Nacional de Desenvolvimento Econ\u00f4mico e Social (BNDES) lan\u00e7ou nesta sexta-feira, 21, Dia Internacional da Luta pela Elimina\u00e7\u00e3o da Discrimina\u00e7\u00e3o Racial, no Rio, o\u00a0edital\u00a0do\u00a0Concurso BNDES Pequena \u00c1frica. A iniciativa faz parte do projeto de estrutura\u00e7\u00e3o do Distrito Cultural Pequena \u00c1frica, coordenado pelo Cons\u00f3rcio Valongo Patrim\u00f4nio Vivo, e tem como objetivo reunir propostas de interven\u00e7\u00f5es&hellip;","_links":{"self":[{"href":"https:\/\/construcaocivil.siriusmarketingedesign.com.br\/index.php?rest_route=\/wp\/v2\/posts\/25303","targetHints":{"allow":["GET"]}}],"collection":[{"href":"https:\/\/construcaocivil.siriusmarketingedesign.com.br\/index.php?rest_route=\/wp\/v2\/posts"}],"about":[{"href":"https:\/\/construcaocivil.siriusmarketingedesign.com.br\/index.php?rest_route=\/wp\/v2\/types\/post"}],"author":[{"embeddable":true,"href":"https:\/\/construcaocivil.siriusmarketingedesign.com.br\/index.php?rest_route=\/wp\/v2\/users\/1"}],"replies":[{"embeddable":true,"href":"https:\/\/construcaocivil.siriusmarketingedesign.com.br\/index.php?rest_route=%2Fwp%2Fv2%2Fcomments&post=25303"}],"version-history":[{"count":0,"href":"https:\/\/construcaocivil.siriusmarketingedesign.com.br\/index.php?rest_route=\/wp\/v2\/posts\/25303\/revisions"}],"wp:featuredmedia":[{"embeddable":true,"href":"https:\/\/construcaocivil.siriusmarketingedesign.com.br\/index.php?rest_route=\/wp\/v2\/media\/25304"}],"wp:attachment":[{"href":"https:\/\/construcaocivil.siriusmarketingedesign.com.br\/index.php?rest_route=%2Fwp%2Fv2%2Fmedia&parent=25303"}],"wp:term":[{"taxonomy":"category","embeddable":true,"href":"https:\/\/construcaocivil.siriusmarketingedesign.com.br\/index.php?rest_route=%2Fwp%2Fv2%2Fcategories&post=25303"},{"taxonomy":"post_tag","embeddable":true,"href":"https:\/\/construcaocivil.siriusmarketingedesign.com.br\/index.php?rest_route=%2Fwp%2Fv2%2Ftags&post=25303"}],"curies":[{"name":"wp","href":"https:\/\/api.w.org\/{rel}","templated":true}]}}