{"id":25335,"date":"2025-03-30T21:36:14","date_gmt":"2025-03-31T00:36:14","guid":{"rendered":"https:\/\/www.jornaldaconstrucaocivil.com.br\/?p=25335"},"modified":"2025-03-30T21:36:14","modified_gmt":"2025-03-31T00:36:14","slug":"dia-internacional-do-residuo-zero-compostagem-pode-reduzir-quase-metade-do-lixo-das-cidades-e-transformar-residuos-em-riqueza-alem-de-preservar-o-meio-ambiente","status":"publish","type":"post","link":"https:\/\/construcaocivil.siriusmarketingedesign.com.br\/?p=25335","title":{"rendered":"Dia Internacional do Res\u00edduo Zero: Compostagem pode reduzir quase metade do lixo das cidades e transformar res\u00edduos em riqueza, al\u00e9m de preservar o meio ambiente"},"content":{"rendered":"<p style=\"text-align: justify;\"><strong><em>Dados evidenciam que compostagem \u00e9 solu\u00e7\u00e3o simples, eficiente e sustent\u00e1vel para a gest\u00e3o de res\u00edduos org\u00e2nicos;<\/em><\/strong><\/p>\n<p style=\"text-align: justify;\"><em>Criado pelo Instituto P\u00f3lis, plataforma\u00a0<\/em><strong><em>Brasil Composta Cultiva<\/em><\/strong><em>\u00a0traz informa\u00e7\u00f5es de a\u00e7\u00f5es em 11 estados que promovem o fortalecimento da gest\u00e3o adequada de res\u00edduos s\u00f3lidos urbanos;<\/em><\/p>\n<p style=\"text-align: justify;\"><strong>Mar\u00e7o de 2025 &#8211;<\/strong>\u00a0Celebrado em 30\/03, o Dia Internacional do Res\u00edduo Zero foi institu\u00eddo pela Organiza\u00e7\u00e3o das Na\u00e7\u00f5es Unidas (ONU) para promover a import\u00e2ncia da gest\u00e3o eficaz de res\u00edduos e a transi\u00e7\u00e3o para uma economia circular. Uma parcela significativa dos res\u00edduos s\u00f3lidos urbanos \u00e9 composta por materiais org\u00e2nicos &#8211; de acordo com dados compilados pela iniciativa\u00a0<a href=\"https:\/\/click.cse360.com.br\/Click\/AddCampaignEmailClick\/13680d0b-279a-411c-2076-08dd66128bc9\/https%253a%252f%252fbrasilcompostacultiva.org.br%252f\/b20bfdd4-a02b-41a4-eb6d-08d7c5ff26d1\/webobras@gmail.com\/True\" target=\"_blank\" rel=\"noopener\" data-saferedirecturl=\"https:\/\/www.google.com\/url?q=https:\/\/click.cse360.com.br\/Click\/AddCampaignEmailClick\/13680d0b-279a-411c-2076-08dd66128bc9\/https%25253a%25252f%25252fbrasilcompostacultiva.org.br%25252f\/b20bfdd4-a02b-41a4-eb6d-08d7c5ff26d1\/webobras@gmail.com\/True&amp;source=gmail&amp;ust=1743467015897000&amp;usg=AOvVaw0JtfwprJPvmTZ8H7u1UElj\"><strong>Brasil Composta Cultiva<\/strong><\/a>, do Instituto P\u00f3lis, aproximadamente 45,6% dos res\u00edduos coletados no pa\u00eds s\u00e3o org\u00e2nicos compost\u00e1veis, como restos de alimentos e res\u00edduos de jardim. Entretanto, menos de 0,3% desses res\u00edduos s\u00e3o efetivamente compostados.<\/p>\n<p style=\"text-align: justify;\">De acordo com o Sistema Nacional de Informa\u00e7\u00f5es sobre Saneamento (SINISA), apenas 2% dos res\u00edduos s\u00f3lidos urbanos coletados no Brasil foram encaminhados para reciclagem.<\/p>\n<p style=\"text-align: justify;\">A plataforma online\u00a0<strong>Brasil Composta Cultiva<\/strong>, criada e gerida pelo P\u00f3lis, promove o acesso a informa\u00e7\u00f5es e dados atualizados sobre a\u00e7\u00f5es de gest\u00e3o de res\u00edduos org\u00e2nicos que ocorrem em 11 estados brasileiros e envolvem mais de 6 mil pessoas. A iniciativa, que tem apoio do Global Methane Hub (GMH), Alian\u00e7a Global para Alternativas de Incineradores (GAIA) e do Minist\u00e9rio do Meio Ambiente e Mudan\u00e7a do Clima (MMA), visa identificar e fortalecer os projetos existentes de manejo e reciclagem de res\u00edduos org\u00e2nicos no Brasil.<\/p>\n<p style=\"text-align: justify;\">Por meio da plataforma, gestores e t\u00e9cnicos municipais, cooperativas de catadoras e catadores de materiais recicl\u00e1veis e profissionais do setor t\u00eam acesso a not\u00edcias, ferramentas, dados e estudos de caso bem-sucedidos no Brasil. Tamb\u00e9m \u00e9 poss\u00edvel esclarecer d\u00favidas sobre a gest\u00e3o de res\u00edduos s\u00f3lidos org\u00e2nicos, visando ao aumento da reciclagem e \u00e0 redu\u00e7\u00e3o das emiss\u00f5es de metano no setor de res\u00edduos no Brasil.<\/p>\n<p style=\"text-align: justify;\">&#8220;A compostagem \u00e9 uma solu\u00e7\u00e3o que cresce significativamente no pa\u00eds, mesmo que ainda com limitado apoio e investimento comparado ao aterro sanit\u00e1rio, por exemplo. Apenas entre 2022 e 2023, o n\u00famero de unidades de compostagem no pa\u00eds cresceu de 76 para 118 (aumento de 55%), indicando um grande interesse das cidades&#8221;, afirma Victor Argentino, coordenador de projetos em res\u00edduos s\u00f3lidos no Instituto P\u00f3lis. \u201cO potencial de gera\u00e7\u00e3o de empregos tamb\u00e9m \u00e9 um fator importante, gerando de 5 a 10 vezes mais empregos que o aterro sanit\u00e1rio por tonelada tratada, sendo tamb\u00e9m uma potencial fonte de renda para catadores e catadoras que hoje lideram a reciclagem no pa\u00eds&#8221;, completa Victor.<\/p>\n<p style=\"text-align: justify;\"><strong>Gest\u00e3o de res\u00edduos \u00e9 quest\u00e3o de sa\u00fade p\u00fablica<\/strong><\/p>\n<p style=\"text-align: justify;\">Atualmente, o setor de res\u00edduos \u00e9 a terceira maior fonte de metano no mundo. No Brasil, de acordo com dados do Sistema de Estimativas de Emiss\u00f5es e Remo\u00e7\u00f5es de Gases de Efeito Estufa (SEEG), esse setor \u00e9 a segunda maior fonte, sendo respons\u00e1vel por 16% das emiss\u00f5es de metano, tanto por \u00e1guas residu\u00e1rias quanto pela disposi\u00e7\u00e3o final de res\u00edduos s\u00f3lidos em aterros e lix\u00f5es (10%). A destina\u00e7\u00e3o inadequada de res\u00edduos para lix\u00f5es ou aterros compromete a sa\u00fade p\u00fablica, contamina o solo e contribui significativamente para as emiss\u00f5es de gases de efeito estufa.<\/p>\n<p style=\"text-align: justify;\"><strong>Preju\u00edzos econ\u00f4micos<\/strong><\/p>\n<p style=\"text-align: justify;\">Al\u00e9m dos impactos ambientais, o desperd\u00edcio tamb\u00e9m \u00e9 econ\u00f4mico. estima-se que o Brasil perde bilh\u00f5es de Reais por ano. Anualmente, entre R$ 1 e R$ 8 bilh\u00f5es s\u00e3o desperdi\u00e7ados pelo enterramento de res\u00edduos org\u00e2nicos no Brasil, de acordo com informa\u00e7\u00f5es do documento preliminar do Plano Nacional de Redu\u00e7\u00e3o e Reciclagem de Res\u00edduos Org\u00e2nicos Urbanos (PLANARO), que est\u00e1 dispon\u00edvel para consulta p\u00fablica.<\/p>\n<p style=\"text-align: justify;\">\n<p style=\"text-align: justify;\"><strong>Sobre o Instituto P\u00f3lis<\/strong>\u00a0|\u202fOrganiza\u00e7\u00e3o da sociedade civil (OSC) de atua\u00e7\u00e3o nacional, constitu\u00edda como associa\u00e7\u00e3o civil sem fins lucrativos, apartid\u00e1ria e pluralista. Desde sua funda\u00e7\u00e3o, em 1987, o P\u00f3lis tem a cidade como l\u00f3cus de sua atua\u00e7\u00e3o. A defesa do Direito \u00e0 Cidade est\u00e1 presente em suas a\u00e7\u00f5es de articula\u00e7\u00e3o pol\u00edtica, advocacy, forma\u00e7\u00e3o, pesquisas, trabalhos de assessoria ou de avalia\u00e7\u00e3o de pol\u00edticas p\u00fablicas, sempre atuando junto \u00e0 sociedade civil visando o desenvolvimento local na constru\u00e7\u00e3o de cidades mais justas, ambientalmente equilibradas sustent\u00e1veis e democr\u00e1ticas. S\u00e3o mais de 30 anos de atua\u00e7\u00e3o com equipes multidisciplinares de pesquisadores que tamb\u00e9m participam ativamente do debate p\u00fablico em torno de quest\u00f5es sociais urbanas. Aproxime-se\u00a0<a href=\"https:\/\/click.cse360.com.br\/Click\/AddCampaignEmailClick\/13680d0b-279a-411c-2076-08dd66128bc9\/https%253a%252f%252fpolis.org.br%252f\/b20bfdd4-a02b-41a4-eb6d-08d7c5ff26d1\/webobras@gmail.com\/True\" target=\"_blank\" rel=\"noopener\" data-saferedirecturl=\"https:\/\/www.google.com\/url?q=https:\/\/click.cse360.com.br\/Click\/AddCampaignEmailClick\/13680d0b-279a-411c-2076-08dd66128bc9\/https%25253a%25252f%25252fpolis.org.br%25252f\/b20bfdd4-a02b-41a4-eb6d-08d7c5ff26d1\/webobras@gmail.com\/True&amp;source=gmail&amp;ust=1743467015897000&amp;usg=AOvVaw3IIwX8xLcgVXBvm80FggQH\">https:\/\/polis.org.br\/<\/a><\/p>\n","protected":false},"excerpt":{"rendered":"<p>Dados evidenciam que compostagem \u00e9 solu\u00e7\u00e3o simples, eficiente e sustent\u00e1vel para a gest\u00e3o de res\u00edduos org\u00e2nicos; Criado pelo Instituto P\u00f3lis, plataforma\u00a0Brasil Composta Cultiva\u00a0traz informa\u00e7\u00f5es de a\u00e7\u00f5es em 11 estados que promovem o fortalecimento da gest\u00e3o adequada de res\u00edduos s\u00f3lidos urbanos; Mar\u00e7o de 2025 &#8211;\u00a0Celebrado em 30\/03, o Dia Internacional do Res\u00edduo Zero foi institu\u00eddo pela [&hellip;]<\/p>\n","protected":false},"author":1,"featured_media":25336,"comment_status":"open","ping_status":"open","sticky":false,"template":"","format":"standard","meta":{"_uag_custom_page_level_css":"","footnotes":""},"categories":[37],"tags":[27382,2279,27381,27380,27383],"class_list":["post-25335","post","type-post","status-publish","format-standard","has-post-thumbnail","hentry","category-sustentabilidade","tag-brasil-composta-cultiva","tag-cidades-verdes","tag-compostagem-dicas-de-lixo-zero","tag-dia-internacional-do-residuo-zero","tag-meio-ambiente-e-mudanca-do-clima"],"blocksy_meta":[],"spectra_blocks_featured_image_url":{"thumbnail":{"url":"https:\/\/construcaocivil.siriusmarketingedesign.com.br\/wp-content\/uploads\/2025\/03\/LIXO-ZERO-150x150.png","width":150,"height":150},"medium":{"url":"https:\/\/construcaocivil.siriusmarketingedesign.com.br\/wp-content\/uploads\/2025\/03\/LIXO-ZERO-300x104.png","width":300,"height":104},"medium_large":{"url":"https:\/\/construcaocivil.siriusmarketingedesign.com.br\/wp-content\/uploads\/2025\/03\/LIXO-ZERO-768x265.png","width":768,"height":265},"large":{"url":"https:\/\/construcaocivil.siriusmarketingedesign.com.br\/wp-content\/uploads\/2025\/03\/LIXO-ZERO-1024x354.png","width":1024,"height":354},"full":{"url":"https:\/\/construcaocivil.siriusmarketingedesign.com.br\/wp-content\/uploads\/2025\/03\/LIXO-ZERO.png","width":1334,"height":461}},"spectra_blocks_author_info":{"display_name":"Jornal da Constru\u00e7\u00e3o Civil","avatar_url":"https:\/\/secure.gravatar.com\/avatar\/973c9774fd44ddaceb026973c4962faa70fc512bc4c9da68e8ebb40fecee6540?s=96&d=mm&r=g","author_link":"https:\/\/construcaocivil.siriusmarketingedesign.com.br\/?author=1","description":"Desde de 2013, levando muitas informa\u00e7\u00f5es, lan\u00e7amentos e produtos de qualidade para toda cadeia produtiva da constru\u00e7\u00e3o. O Futuro da constru\u00e7\u00e3o passa por aqui,"},"uagb_featured_image_src":{"full":["https:\/\/construcaocivil.siriusmarketingedesign.com.br\/wp-content\/uploads\/2025\/03\/LIXO-ZERO.png",1334,461,false],"thumbnail":["https:\/\/construcaocivil.siriusmarketingedesign.com.br\/wp-content\/uploads\/2025\/03\/LIXO-ZERO-150x150.png",150,150,true],"medium":["https:\/\/construcaocivil.siriusmarketingedesign.com.br\/wp-content\/uploads\/2025\/03\/LIXO-ZERO-300x104.png",300,104,true],"medium_large":["https:\/\/construcaocivil.siriusmarketingedesign.com.br\/wp-content\/uploads\/2025\/03\/LIXO-ZERO-768x265.png",768,265,true],"large":["https:\/\/construcaocivil.siriusmarketingedesign.com.br\/wp-content\/uploads\/2025\/03\/LIXO-ZERO-1024x354.png",1024,354,true],"1536x1536":["https:\/\/construcaocivil.siriusmarketingedesign.com.br\/wp-content\/uploads\/2025\/03\/LIXO-ZERO.png",1334,461,false],"2048x2048":["https:\/\/construcaocivil.siriusmarketingedesign.com.br\/wp-content\/uploads\/2025\/03\/LIXO-ZERO.png",1334,461,false]},"uagb_author_info":{"display_name":"Jornal da Constru\u00e7\u00e3o Civil","author_link":"https:\/\/construcaocivil.siriusmarketingedesign.com.br\/?author=1"},"uagb_comment_info":0,"uagb_excerpt":"Dados evidenciam que compostagem \u00e9 solu\u00e7\u00e3o simples, eficiente e sustent\u00e1vel para a gest\u00e3o de res\u00edduos org\u00e2nicos; Criado pelo Instituto P\u00f3lis, plataforma\u00a0Brasil Composta Cultiva\u00a0traz informa\u00e7\u00f5es de a\u00e7\u00f5es em 11 estados que promovem o fortalecimento da gest\u00e3o adequada de res\u00edduos s\u00f3lidos urbanos; Mar\u00e7o de 2025 &#8211;\u00a0Celebrado em 30\/03, o Dia Internacional do Res\u00edduo Zero foi institu\u00eddo pela&hellip;","_links":{"self":[{"href":"https:\/\/construcaocivil.siriusmarketingedesign.com.br\/index.php?rest_route=\/wp\/v2\/posts\/25335","targetHints":{"allow":["GET"]}}],"collection":[{"href":"https:\/\/construcaocivil.siriusmarketingedesign.com.br\/index.php?rest_route=\/wp\/v2\/posts"}],"about":[{"href":"https:\/\/construcaocivil.siriusmarketingedesign.com.br\/index.php?rest_route=\/wp\/v2\/types\/post"}],"author":[{"embeddable":true,"href":"https:\/\/construcaocivil.siriusmarketingedesign.com.br\/index.php?rest_route=\/wp\/v2\/users\/1"}],"replies":[{"embeddable":true,"href":"https:\/\/construcaocivil.siriusmarketingedesign.com.br\/index.php?rest_route=%2Fwp%2Fv2%2Fcomments&post=25335"}],"version-history":[{"count":0,"href":"https:\/\/construcaocivil.siriusmarketingedesign.com.br\/index.php?rest_route=\/wp\/v2\/posts\/25335\/revisions"}],"wp:featuredmedia":[{"embeddable":true,"href":"https:\/\/construcaocivil.siriusmarketingedesign.com.br\/index.php?rest_route=\/wp\/v2\/media\/25336"}],"wp:attachment":[{"href":"https:\/\/construcaocivil.siriusmarketingedesign.com.br\/index.php?rest_route=%2Fwp%2Fv2%2Fmedia&parent=25335"}],"wp:term":[{"taxonomy":"category","embeddable":true,"href":"https:\/\/construcaocivil.siriusmarketingedesign.com.br\/index.php?rest_route=%2Fwp%2Fv2%2Fcategories&post=25335"},{"taxonomy":"post_tag","embeddable":true,"href":"https:\/\/construcaocivil.siriusmarketingedesign.com.br\/index.php?rest_route=%2Fwp%2Fv2%2Ftags&post=25335"}],"curies":[{"name":"wp","href":"https:\/\/api.w.org\/{rel}","templated":true}]}}