{"id":25359,"date":"2025-04-03T00:20:15","date_gmt":"2025-04-03T03:20:15","guid":{"rendered":"https:\/\/www.jornaldaconstrucaocivil.com.br\/?p=25359"},"modified":"2025-04-03T00:20:15","modified_gmt":"2025-04-03T03:20:15","slug":"posicionamento-novas-tarifas-dos-eua-sobre-o-aluminio-brasileiro","status":"publish","type":"post","link":"https:\/\/construcaocivil.siriusmarketingedesign.com.br\/?p=25359","title":{"rendered":"Posicionamento: Novas tarifas dos EUA sobre o alum\u00ednio brasileiro"},"content":{"rendered":"<p>A Associa\u00e7\u00e3o Brasileira do Alum\u00ednio (ABAL) refor\u00e7a sua preocupa\u00e7\u00e3o com os impactos da sobretaxa sobre os produtos de alum\u00ednio brasileiros. \u00c9 importante destacar que o documento recentemente divulgado pelo\u00a0<strong>Escrit\u00f3rio do Representante Comercial dos Estados Unidos (USTR) n\u00e3o faz men\u00e7\u00e3o espec\u00edfica a uma nova medida para produtos de alum\u00ednio, que j\u00e1 enfrenta uma sobretaxa de 25% desde 12 de mar\u00e7o deste ano.<\/strong><\/p>\n<p>&nbsp;<\/p>\n<p><strong>Embora ainda seja cedo para medir os efeitos diretos dessas sobretaxas nas exporta\u00e7\u00f5es brasileiras de alum\u00ednio para os EUA \u2014 visto que n\u00e3o se completou sequer um m\u00eas da sua aplica\u00e7\u00e3o.<\/strong>\u00a0A ABAL chama aten\u00e7\u00e3o para os potenciais efeitos indiretos e estruturais de m\u00e9dio e longo prazo, especialmente no que diz respeito \u00e0 suscetibilidade do pa\u00eds aos desvios de com\u00e9rcio e \u00e0 desestrutura\u00e7\u00e3o da cadeia de reciclagem de alum\u00ednio nacional, que hoje configura uma das maiores vantagens competitivas do Brasil para seu reposicionamento na cadeia global de suprimento.<\/p>\n<p>&nbsp;<\/p>\n<p>Embora a participa\u00e7\u00e3o do Brasil nas importa\u00e7\u00f5es americanas de produtos de alum\u00ednio seja pequena (menos de 1%), os EUA s\u00e3o um parceiro comercial estrat\u00e9gico, representando 16,8% das exporta\u00e7\u00f5es brasileiras do metal em 2024 \u2014 o equivalente a US$ 267 milh\u00f5es e 72,4 mil toneladas, das quais 54,2 mil estavam sujeitas \u00e0 Se\u00e7\u00e3o 232. Desse volume, 76% corresponderam a chapas e folhas de alum\u00ednio.<\/p>\n<p>&nbsp;<\/p>\n<p><strong>A medida tem implica\u00e7\u00f5es que v\u00e3o al\u00e9m do impacto comercial imediato. Ela reflete uma estrat\u00e9gia mais ampla de coordena\u00e7\u00e3o entre pol\u00edticas industriais, tarif\u00e1rias e de defesa comercial, em curso tanto nos Estados Unidos como em outras economias, como resposta a um processo global de desindustrializa\u00e7\u00e3o<\/strong>\u00a0\u2014 impulsionado por pr\u00e1ticas comerciais anticompetitivas e pelo aumento dos custos de energia. Embora conceitualmente leg\u00edtima, essa estrat\u00e9gia precisa considerar a complexidade, a interdepend\u00eancia e os riscos associados \u00e0 fragmenta\u00e7\u00e3o da cadeia global do alum\u00ednio.<\/p>\n<p>&nbsp;<\/p>\n<p>H\u00e1 ainda d\u00favidas sobre a efetividade dessas tarifas no alcance dos objetivos propostos. A desproporcionalidade das medidas pode elevar significativamente os custos de produ\u00e7\u00e3o de setores estrat\u00e9gicos para a economia americana, como automotivo, aeroespacial, de defesa e de embalagens, com potenciais efeitos inflacion\u00e1rios.<\/p>\n<p>&nbsp;<\/p>\n<p>Al\u00e9m disso, a retomada da produ\u00e7\u00e3o dom\u00e9stica de alum\u00ednio americana exige tempo e demanda grandes volumes de energia, o que imp\u00f5e limita\u00e7\u00f5es pr\u00e1ticas no curto prazo. Nesse cen\u00e1rio, h\u00e1 o risco de que tarifas aplicadas com o objetivo de revitalizar a economia acabem, paradoxalmente, fragilizando a competitividade da pr\u00f3pria ind\u00fastria americana, na medida em que mant\u00eam o pa\u00eds exposto \u00e0 depend\u00eancia externa de insumos estrat\u00e9gicos, como bauxita e alumina.<\/p>\n<p>&nbsp;<\/p>\n<p>Diante desse cen\u00e1rio,\u00a0<strong>\u00e9 fundamental que o debate sobre prote\u00e7\u00e3o da ind\u00fastria e fortalecimento de novas capacidades produtivas seja conduzido a partir de uma vis\u00e3o sist\u00eamica<\/strong>. A trajet\u00f3ria da ind\u00fastria brasileira do alum\u00ednio \u2014 que, de forma resiliente, vem conseguindo reverter o quadro de desindustrializa\u00e7\u00e3o por meio de investimentos em ativos estrat\u00e9gicos \u2014 posiciona o Brasil em uma janela de oportunidade singular para seu reposicionamento na cadeia global.<\/p>\n<p>&nbsp;<\/p>\n<p>Al\u00e9m de deter a quarta maior reserva de bauxita do mundo e figurar entre os tr\u00eas maiores produtores globais de alumina, a ind\u00fastria nacional investiu significativamente na diversifica\u00e7\u00e3o e autogera\u00e7\u00e3o de energia a partir de fontes limpas e renov\u00e1veis.<\/p>\n<p>&nbsp;<\/p>\n<p>O pa\u00eds tamb\u00e9m se consolida como um dos principais recicladores de alum\u00ednio do mundo: hoje, cerca de 60% do alum\u00ednio consumido no Brasil tem origem em material reciclado \u2014 o dobro da m\u00e9dia global (inferior a 30%) e muito acima da m\u00e9dia americana. Tudo isso se tangibiliza em uma ind\u00fastria cuja principal vantagem competitiva \u00e9 a verticaliza\u00e7\u00e3o, que garante desempenho e rastreabilidade \u00e0 cadeia de cust\u00f3dia e contribui para a menor exposi\u00e7\u00e3o do pa\u00eds \u00e0s externalidades observadas em momentos cr\u00edticos, como os vivenciados durante a pandemia, escaladas geopol\u00edticas e disputas comerciais internacionais.<\/p>\n<p>&nbsp;<\/p>\n<p>Para que o fortalecimento de uma ind\u00fastria nacional seja sustent\u00e1vel no longo prazo, \u00e9 necess\u00e1rio considerar a totalidade e a interdepend\u00eancia dos elos produtivos, com base em uma cadeia integrada, resiliente e orientada ao atendimento da demanda dom\u00e9stica. Proteger um elo espec\u00edfico da cadeia n\u00e3o \u00e9 suficiente se persistir a depend\u00eancia de insumos estrat\u00e9gicos externos.<\/p>\n<p>&nbsp;<\/p>\n<p>Nesse sentido,\u00a0<strong>chama aten\u00e7\u00e3o o fato de que a nova tarifa americana n\u00e3o incide sobre a sucata de alum\u00ednio, o que sugere uma estrat\u00e9gia deliberada de abastecimento por meio da importa\u00e7\u00e3o desta mat\u00e9ria-prima.<\/strong>\u00a0Isso suscita preocupa\u00e7\u00f5es com o risco de o Brasil, que tem feito investimentos relevantes para ampliar sua capacidade de reciclagem \u2013 orientados, prioritariamente, ao atendimento da crescente demanda dom\u00e9stica por produtos de alum\u00ednio \u2013 passe a ser visto como fonte estrat\u00e9gica de suprimento do metal por pa\u00edses que optaram por estrat\u00e9gias de curto prazo em detrimento da constru\u00e7\u00e3o de uma cadeia produtiva sustent\u00e1vel e aut\u00f4noma.<\/p>\n<p>&nbsp;<\/p>\n<p>Esse cen\u00e1rio acende um alerta sobre os riscos de comprometimento dos esfor\u00e7os que a ind\u00fastria brasileira do alum\u00ednio v\u00eam realizando para recuperar sua autossufici\u00eancia no fornecimento do metal. Medidas adotadas por outros pa\u00edses \u2014 muitas vezes guiadas por objetivos transacionais de acesso a insumos estrat\u00e9gicos, e n\u00e3o necessariamente por uma agenda de prote\u00e7\u00e3o industrial \u2014 podem gerar desequil\u00edbrios capazes de fragilizar esse processo e colocar em risco a consolida\u00e7\u00e3o de uma cadeia produtiva integrada, sustent\u00e1vel e voltada ao atendimento da demanda dom\u00e9stica.<\/p>\n<p>&nbsp;<\/p>\n<p>A ABAL segue dialogando com as autoridades competentes, contribuindo com dados, an\u00e1lises e propostas para garantir condi\u00e7\u00f5es ison\u00f4micas para o setor e preservar sua capacidade de competir, de forma sustent\u00e1vel, nos mercados nacional e internacional. Refor\u00e7a, ainda, a import\u00e2ncia do fortalecimento dos instrumentos de defesa comercial e da recalibra\u00e7\u00e3o da pol\u00edtica tarif\u00e1ria nacional, com o objetivo de corrigir distor\u00e7\u00f5es e evitar que pr\u00e1ticas assim\u00e9tricas comprometam a competitividade da ind\u00fastria brasileira do alum\u00ednio.<\/p>\n","protected":false},"excerpt":{"rendered":"<p>A Associa\u00e7\u00e3o Brasileira do Alum\u00ednio (ABAL) refor\u00e7a sua preocupa\u00e7\u00e3o com os impactos da sobretaxa sobre os produtos de alum\u00ednio brasileiros. \u00c9 importante destacar que o documento recentemente divulgado pelo\u00a0Escrit\u00f3rio do Representante Comercial dos Estados Unidos (USTR) n\u00e3o faz men\u00e7\u00e3o espec\u00edfica a uma nova medida para produtos de alum\u00ednio, que j\u00e1 enfrenta uma sobretaxa de 25% [&hellip;]<\/p>\n","protected":false},"author":1,"featured_media":25360,"comment_status":"open","ping_status":"open","sticky":false,"template":"","format":"standard","meta":{"_uag_custom_page_level_css":"","footnotes":""},"categories":[33],"tags":[275,633,27393,1569,27391,27392],"class_list":["post-25359","post","type-post","status-publish","format-standard","has-post-thumbnail","hentry","category-mercado","tag-abal","tag-aluminio","tag-brasil-x-eua","tag-brasilia","tag-eua-guerra-comercial","tag-tarifas-e-sobretaxas-aluminio"],"blocksy_meta":[],"spectra_blocks_featured_image_url":{"thumbnail":{"url":"https:\/\/construcaocivil.siriusmarketingedesign.com.br\/wp-content\/uploads\/2025\/04\/p20250222jb-0855_54348411089_o-150x150.webp","width":150,"height":150},"medium":{"url":"https:\/\/construcaocivil.siriusmarketingedesign.com.br\/wp-content\/uploads\/2025\/04\/p20250222jb-0855_54348411089_o-300x200.webp","width":300,"height":200},"medium_large":{"url":"https:\/\/construcaocivil.siriusmarketingedesign.com.br\/wp-content\/uploads\/2025\/04\/p20250222jb-0855_54348411089_o-768x512.webp","width":768,"height":512},"large":{"url":"https:\/\/construcaocivil.siriusmarketingedesign.com.br\/wp-content\/uploads\/2025\/04\/p20250222jb-0855_54348411089_o-1024x683.webp","width":1024,"height":683},"full":{"url":"https:\/\/construcaocivil.siriusmarketingedesign.com.br\/wp-content\/uploads\/2025\/04\/p20250222jb-0855_54348411089_o-scaled.webp","width":2560,"height":1707}},"spectra_blocks_author_info":{"display_name":"Jornal da Constru\u00e7\u00e3o Civil","avatar_url":"https:\/\/secure.gravatar.com\/avatar\/973c9774fd44ddaceb026973c4962faa70fc512bc4c9da68e8ebb40fecee6540?s=96&d=mm&r=g","author_link":"https:\/\/construcaocivil.siriusmarketingedesign.com.br\/?author=1","description":"Desde de 2013, levando muitas informa\u00e7\u00f5es, lan\u00e7amentos e produtos de qualidade para toda cadeia produtiva da constru\u00e7\u00e3o. O Futuro da constru\u00e7\u00e3o passa por aqui,"},"uagb_featured_image_src":{"full":["https:\/\/construcaocivil.siriusmarketingedesign.com.br\/wp-content\/uploads\/2025\/04\/p20250222jb-0855_54348411089_o-scaled.webp",2560,1707,false],"thumbnail":["https:\/\/construcaocivil.siriusmarketingedesign.com.br\/wp-content\/uploads\/2025\/04\/p20250222jb-0855_54348411089_o-150x150.webp",150,150,true],"medium":["https:\/\/construcaocivil.siriusmarketingedesign.com.br\/wp-content\/uploads\/2025\/04\/p20250222jb-0855_54348411089_o-300x200.webp",300,200,true],"medium_large":["https:\/\/construcaocivil.siriusmarketingedesign.com.br\/wp-content\/uploads\/2025\/04\/p20250222jb-0855_54348411089_o-768x512.webp",768,512,true],"large":["https:\/\/construcaocivil.siriusmarketingedesign.com.br\/wp-content\/uploads\/2025\/04\/p20250222jb-0855_54348411089_o-1024x683.webp",1024,683,true],"1536x1536":["https:\/\/construcaocivil.siriusmarketingedesign.com.br\/wp-content\/uploads\/2025\/04\/p20250222jb-0855_54348411089_o-1536x1024.webp",1536,1024,true],"2048x2048":["https:\/\/construcaocivil.siriusmarketingedesign.com.br\/wp-content\/uploads\/2025\/04\/p20250222jb-0855_54348411089_o-2048x1365.webp",2048,1365,true]},"uagb_author_info":{"display_name":"Jornal da Constru\u00e7\u00e3o Civil","author_link":"https:\/\/construcaocivil.siriusmarketingedesign.com.br\/?author=1"},"uagb_comment_info":0,"uagb_excerpt":"A Associa\u00e7\u00e3o Brasileira do Alum\u00ednio (ABAL) refor\u00e7a sua preocupa\u00e7\u00e3o com os impactos da sobretaxa sobre os produtos de alum\u00ednio brasileiros. \u00c9 importante destacar que o documento recentemente divulgado pelo\u00a0Escrit\u00f3rio do Representante Comercial dos Estados Unidos (USTR) n\u00e3o faz men\u00e7\u00e3o espec\u00edfica a uma nova medida para produtos de alum\u00ednio, que j\u00e1 enfrenta uma sobretaxa de 25%&hellip;","_links":{"self":[{"href":"https:\/\/construcaocivil.siriusmarketingedesign.com.br\/index.php?rest_route=\/wp\/v2\/posts\/25359","targetHints":{"allow":["GET"]}}],"collection":[{"href":"https:\/\/construcaocivil.siriusmarketingedesign.com.br\/index.php?rest_route=\/wp\/v2\/posts"}],"about":[{"href":"https:\/\/construcaocivil.siriusmarketingedesign.com.br\/index.php?rest_route=\/wp\/v2\/types\/post"}],"author":[{"embeddable":true,"href":"https:\/\/construcaocivil.siriusmarketingedesign.com.br\/index.php?rest_route=\/wp\/v2\/users\/1"}],"replies":[{"embeddable":true,"href":"https:\/\/construcaocivil.siriusmarketingedesign.com.br\/index.php?rest_route=%2Fwp%2Fv2%2Fcomments&post=25359"}],"version-history":[{"count":0,"href":"https:\/\/construcaocivil.siriusmarketingedesign.com.br\/index.php?rest_route=\/wp\/v2\/posts\/25359\/revisions"}],"wp:featuredmedia":[{"embeddable":true,"href":"https:\/\/construcaocivil.siriusmarketingedesign.com.br\/index.php?rest_route=\/wp\/v2\/media\/25360"}],"wp:attachment":[{"href":"https:\/\/construcaocivil.siriusmarketingedesign.com.br\/index.php?rest_route=%2Fwp%2Fv2%2Fmedia&parent=25359"}],"wp:term":[{"taxonomy":"category","embeddable":true,"href":"https:\/\/construcaocivil.siriusmarketingedesign.com.br\/index.php?rest_route=%2Fwp%2Fv2%2Fcategories&post=25359"},{"taxonomy":"post_tag","embeddable":true,"href":"https:\/\/construcaocivil.siriusmarketingedesign.com.br\/index.php?rest_route=%2Fwp%2Fv2%2Ftags&post=25359"}],"curies":[{"name":"wp","href":"https:\/\/api.w.org\/{rel}","templated":true}]}}